{"id":94,"date":"2020-08-23T17:16:06","date_gmt":"2020-08-23T17:16:06","guid":{"rendered":"http:\/\/www.kolkoarchitektoniczne.pl\/?p=94"},"modified":"2020-08-24T20:06:26","modified_gmt":"2020-08-24T20:06:26","slug":"warsztat-2-polki","status":"publish","type":"post","link":"https:\/\/www.kolkoarchitektoniczne.pl\/index.php\/2020\/08\/23\/warsztat-2-polki\/","title":{"rendered":"Warsztat 2 \u2013 p\u00f3\u0142ki"},"content":{"rendered":"\n<p>Serdecznie zapraszamy na&nbsp;<strong>relacj\u0119 z przebiegu drugich warsztat\u00f3w naszego cyklu \u201eChcie\u0107 to m\u00f3c\u201d!<\/strong>&nbsp;Podczas warsztat\u00f3w wraz z&nbsp;<strong>m\u0142odzie\u017c\u0105 z Domu Dziecka OWDIR&nbsp;<\/strong>poznajemy tajniki pracy architekta oraz wielu zawod\u00f3w z ni\u0105 zwi\u0105zanych. Co projektowali\u015bmy tym razem?<\/p>\n\n\n\n<p><strong>Deska do deski, czyli\u2026. zr\u00f3b sobie p\u00f3\u0142k\u0119!<\/strong><\/p>\n\n\n\n<p>Tematem drugich warsztat\u00f3w by\u0142o&nbsp;<strong>projektowanie p\u00f3\u0142ek, praca z drewnem i przede wszystkim \u2013 poznanie fachu stolarza.<\/strong>&nbsp;W tym celu&nbsp;<strong>odwiedzili\u015bmy prawdziw\u0105 stolarni\u0119 \u2013 a dok\u0142adniej otwart\u0105 pracowni\u0119 stolarsk\u0105 Miasto Szkutnia<\/strong>, gdzie pod okiem prawdziwych fachowc\u00f3w mogli\u015bmy dowiedzie\u0107 si\u0119 nieco wi\u0119cej o ich codziennej pracy, obejrze\u0107 prawdziwe narz\u0119dzia i poradzi\u0107 si\u0119 przy budowie naszych p\u00f3\u0142ek. A wszystko to odby\u0142o si\u0119 na \u015bwie\u017cym powietrzu i przy pi\u0119knej pogodzie&nbsp;<\/p>\n\n\n\n<p><strong>Ka\u017cdy uczestnik warsztat\u00f3w mia\u0142 mo\u017cliwo\u015b\u0107 zaprojektowa\u0107 swoj\u0105 w\u0142asn\u0105 p\u00f3\u0142k\u0119 i zabra\u0107 j\u0105 do domu<\/strong>, by&nbsp;<strong>ozdobi\u0142a&nbsp;jego pok\u00f3j&nbsp;<\/strong>czy pos\u0142u\u017cy\u0142a za&nbsp;<strong>miejsce do trzymania&nbsp;zabawek&nbsp;<\/strong><strong>&nbsp;<\/strong>Powstawa\u0142y zar\u00f3wno&nbsp;<strong>wysokie<\/strong>, jak i&nbsp;<strong>niskie<\/strong>&nbsp;p\u00f3\u0142ki,&nbsp;<strong>ca\u0142e drewniane<\/strong>&nbsp;i<strong>&nbsp;z ga\u0142\u0105zkami brzozy<\/strong>&nbsp;do dekoracji. Wszystkie projekty po raz kolejny bardzo nas zaskoczy\u0142y, poniewa\u017c ka\u017cdy by\u0142 wyj\u0105tkowy i wida\u0107, \u017ce dzieci w\u0142o\u017cy\u0142y w nie du\u017co serca.<\/p>\n\n\n\n<p><strong>Wszystkim uczestnikom gratulujemy \u015bwietnych p\u00f3\u0142ek, a ich opiekunom dzi\u0119kujemy za wsparcie!<\/strong>&nbsp;I tradycyjnie bardzo&nbsp;<strong>dzi\u0119kujemy wszystkim zaanga\u017cowanym osobom za pomoc w realizacji tych warsztat\u00f3w.&nbsp;<\/strong><\/p>\n\n\n\n<ol class=\"wp-block-list\" type=\"1\"><li>Przede wszystkim pr<strong>acowni stolarskiej&nbsp;<\/strong><a href=\"https:\/\/miastoszkutnia.pl\/\" target=\"_blank\" rel=\"noreferrer noopener\"><strong>Miasto Szkutnia<\/strong><\/a><strong>&nbsp;<\/strong>za umo\u017cliwienie nam pracy w tak kreatywnych miejscu, &nbsp;za pokazanie nam narz\u0119dzi, reali\u00f3w pracy stolarza oraz za wspania\u0142ych prowadz\u0105cych:&nbsp;<strong>Pana Przemka, Pana Paw\u0142a i Pana Tomka.&nbsp;<\/strong><\/li><li><strong>Panu Cezaremu oraz Panu \u0141ukaszowi<\/strong>&nbsp;za nieocenion\u0105 pomoc podczas zaj\u0119\u0107 i dzieln\u0105 prac\u0119 wraz ze wszystkimi uczestnikami.<\/li><li><strong>Panu&nbsp;Konradowi z&nbsp;<\/strong><a href=\"http:\/\/fotogrojecka.pl\/\" target=\"_blank\" rel=\"noreferrer noopener\"><strong>Foto Gr\u00f3jecka<\/strong><\/a>&nbsp;za przygotowanie zdj\u0119\u0107 do prezentacji na warsztaty.<\/li><li><strong>Pani Joannie Myd\u0142o<\/strong>&nbsp;z&nbsp;<a href=\"http:\/\/www.tartakdrwal.pl\/\" target=\"_blank\" rel=\"noreferrer noopener\"><strong>tartaku Drwal<\/strong><\/a>&nbsp;z Lesznowoli za dostarczenie nam wspania\u0142ych materia\u0142\u00f3w na zaj\u0119cia! Dzi\u0119kujemy za wszelkie drewniane elementy, dzi\u0119ki kt\u00f3rym powsta\u0142y nasze projekty.<\/li><\/ol>\n\n\n\n<p><strong>Zapraszamy do obejrzenia fotorelacji!<\/strong><\/p>\n\n\n\nngg_shortcode_0_placeholder\n","protected":false},"excerpt":{"rendered":"<p>Serdecznie zapraszamy na&nbsp;relacj\u0119 z przebiegu drugich warsztat\u00f3w naszego cyklu \u201eChcie\u0107 to m\u00f3c\u201d!&nbsp;Podczas warsztat\u00f3w wraz z&nbsp;m\u0142odzie\u017c\u0105 z Domu Dziecka OWDIR&nbsp;poznajemy tajniki pracy architekta oraz wielu zawod\u00f3w z ni\u0105 zwi\u0105zanych. Co projektowali\u015bmy tym razem? Deska do deski, czyli\u2026. zr\u00f3b sobie p\u00f3\u0142k\u0119! Tematem drugich warsztat\u00f3w by\u0142o&nbsp;projektowanie p\u00f3\u0142ek, praca z drewnem i przede wszystkim \u2013 poznanie fachu stolarza.&nbsp;W tym&#8230; <\/p>\n<div class=\"link-more\"><a href=\"https:\/\/www.kolkoarchitektoniczne.pl\/index.php\/2020\/08\/23\/warsztat-2-polki\/\">Czytaj dalej<\/a><\/div>\n","protected":false},"author":1,"featured_media":310,"comment_status":"open","ping_status":"open","sticky":false,"template":"","format":"standard","meta":{"ngg_post_thumbnail":0,"footnotes":""},"categories":[8],"tags":[],"class_list":["post-94","post","type-post","status-publish","format-standard","has-post-thumbnail","hentry","category-projekt-chciec-to-moc"],"yoast_head":"<!-- This site is optimized with the Yoast SEO plugin v25.8 - https:\/\/yoast.com\/wordpress\/plugins\/seo\/ -->\n<title>Warsztat 2 \u2013 p\u00f3\u0142ki - HOME<\/title>\n<meta name=\"robots\" content=\"index, follow, max-snippet:-1, max-image-preview:large, max-video-preview:-1\" \/>\n<link rel=\"canonical\" href=\"https:\/\/www.kolkoarchitektoniczne.pl\/index.php\/2020\/08\/23\/warsztat-2-polki\/\" \/>\n<meta property=\"og:locale\" content=\"pl_PL\" \/>\n<meta property=\"og:type\" content=\"article\" \/>\n<meta property=\"og:title\" content=\"Warsztat 2 \u2013 p\u00f3\u0142ki - HOME\" \/>\n<meta property=\"og:description\" content=\"Serdecznie zapraszamy na&nbsp;relacj\u0119 z przebiegu drugich warsztat\u00f3w naszego cyklu \u201eChcie\u0107 to m\u00f3c\u201d!&nbsp;Podczas warsztat\u00f3w wraz z&nbsp;m\u0142odzie\u017c\u0105 z Domu Dziecka OWDIR&nbsp;poznajemy tajniki pracy architekta oraz wielu zawod\u00f3w z ni\u0105 zwi\u0105zanych. Co projektowali\u015bmy tym razem? Deska do deski, czyli\u2026. zr\u00f3b sobie p\u00f3\u0142k\u0119! Tematem drugich warsztat\u00f3w by\u0142o&nbsp;projektowanie p\u00f3\u0142ek, praca z drewnem i przede wszystkim \u2013 poznanie fachu stolarza.&nbsp;W tym... Czytaj dalej\" \/>\n<meta property=\"og:url\" content=\"https:\/\/www.kolkoarchitektoniczne.pl\/index.php\/2020\/08\/23\/warsztat-2-polki\/\" \/>\n<meta property=\"og:site_name\" content=\"HOME\" \/>\n<meta property=\"article:published_time\" content=\"2020-08-23T17:16:06+00:00\" \/>\n<meta property=\"article:modified_time\" content=\"2020-08-24T20:06:26+00:00\" \/>\n<meta property=\"og:image\" content=\"https:\/\/www.kolkoarchitektoniczne.pl\/wp-content\/uploads\/2020\/08\/strona3-min-scaled.jpg\" \/>\n\t<meta property=\"og:image:width\" content=\"2560\" \/>\n\t<meta property=\"og:image:height\" content=\"2560\" \/>\n\t<meta property=\"og:image:type\" content=\"image\/jpeg\" \/>\n<meta name=\"author\" content=\"admin\" \/>\n<meta name=\"twitter:card\" content=\"summary_large_image\" \/>\n<meta name=\"twitter:label1\" content=\"Napisane przez\" \/>\n\t<meta name=\"twitter:data1\" content=\"admin\" \/>\n\t<meta name=\"twitter:label2\" content=\"Szacowany czas czytania\" \/>\n\t<meta name=\"twitter:data2\" content=\"2 minuty\" \/>\n<script type=\"application\/ld+json\" class=\"yoast-schema-graph\">{\"@context\":\"https:\/\/schema.org\",\"@graph\":[{\"@type\":\"WebPage\",\"@id\":\"https:\/\/www.kolkoarchitektoniczne.pl\/index.php\/2020\/08\/23\/warsztat-2-polki\/\",\"url\":\"https:\/\/www.kolkoarchitektoniczne.pl\/index.php\/2020\/08\/23\/warsztat-2-polki\/\",\"name\":\"Warsztat 2 \u2013 p\u00f3\u0142ki - HOME\",\"isPartOf\":{\"@id\":\"https:\/\/www.kolkoarchitektoniczne.pl\/#website\"},\"primaryImageOfPage\":{\"@id\":\"https:\/\/www.kolkoarchitektoniczne.pl\/index.php\/2020\/08\/23\/warsztat-2-polki\/#primaryimage\"},\"image\":{\"@id\":\"https:\/\/www.kolkoarchitektoniczne.pl\/index.php\/2020\/08\/23\/warsztat-2-polki\/#primaryimage\"},\"thumbnailUrl\":\"https:\/\/www.kolkoarchitektoniczne.pl\/wp-content\/uploads\/2020\/08\/strona3-min-scaled.jpg\",\"datePublished\":\"2020-08-23T17:16:06+00:00\",\"dateModified\":\"2020-08-24T20:06:26+00:00\",\"author\":{\"@id\":\"https:\/\/www.kolkoarchitektoniczne.pl\/#\/schema\/person\/b94e16842a617df6b4ae54b6d7f2b364\"},\"breadcrumb\":{\"@id\":\"https:\/\/www.kolkoarchitektoniczne.pl\/index.php\/2020\/08\/23\/warsztat-2-polki\/#breadcrumb\"},\"inLanguage\":\"pl-PL\",\"potentialAction\":[{\"@type\":\"ReadAction\",\"target\":[\"https:\/\/www.kolkoarchitektoniczne.pl\/index.php\/2020\/08\/23\/warsztat-2-polki\/\"]}]},{\"@type\":\"ImageObject\",\"inLanguage\":\"pl-PL\",\"@id\":\"https:\/\/www.kolkoarchitektoniczne.pl\/index.php\/2020\/08\/23\/warsztat-2-polki\/#primaryimage\",\"url\":\"https:\/\/www.kolkoarchitektoniczne.pl\/wp-content\/uploads\/2020\/08\/strona3-min-scaled.jpg\",\"contentUrl\":\"https:\/\/www.kolkoarchitektoniczne.pl\/wp-content\/uploads\/2020\/08\/strona3-min-scaled.jpg\",\"width\":2560,\"height\":2560},{\"@type\":\"BreadcrumbList\",\"@id\":\"https:\/\/www.kolkoarchitektoniczne.pl\/index.php\/2020\/08\/23\/warsztat-2-polki\/#breadcrumb\",\"itemListElement\":[{\"@type\":\"ListItem\",\"position\":1,\"name\":\"Strona g\u0142\u00f3wna\",\"item\":\"https:\/\/www.kolkoarchitektoniczne.pl\/\"},{\"@type\":\"ListItem\",\"position\":2,\"name\":\"Warsztat 2 \u2013 p\u00f3\u0142ki\"}]},{\"@type\":\"WebSite\",\"@id\":\"https:\/\/www.kolkoarchitektoniczne.pl\/#website\",\"url\":\"https:\/\/www.kolkoarchitektoniczne.pl\/\",\"name\":\"HOME\",\"description\":\"K&oacute;\u0142ko Architektoniczne\",\"potentialAction\":[{\"@type\":\"SearchAction\",\"target\":{\"@type\":\"EntryPoint\",\"urlTemplate\":\"https:\/\/www.kolkoarchitektoniczne.pl\/?s={search_term_string}\"},\"query-input\":{\"@type\":\"PropertyValueSpecification\",\"valueRequired\":true,\"valueName\":\"search_term_string\"}}],\"inLanguage\":\"pl-PL\"},{\"@type\":\"Person\",\"@id\":\"https:\/\/www.kolkoarchitektoniczne.pl\/#\/schema\/person\/b94e16842a617df6b4ae54b6d7f2b364\",\"name\":\"admin\",\"image\":{\"@type\":\"ImageObject\",\"inLanguage\":\"pl-PL\",\"@id\":\"https:\/\/www.kolkoarchitektoniczne.pl\/#\/schema\/person\/image\/\",\"url\":\"https:\/\/secure.gravatar.com\/avatar\/aae3e428ad15f0228c600428af7e169aeae58722448d784d9852ccb68d1890fe?s=96&d=mm&r=g\",\"contentUrl\":\"https:\/\/secure.gravatar.com\/avatar\/aae3e428ad15f0228c600428af7e169aeae58722448d784d9852ccb68d1890fe?s=96&d=mm&r=g\",\"caption\":\"admin\"},\"sameAs\":[\"http:\/\/www.kolkoarchitektoniczne.pl\"],\"url\":\"https:\/\/www.kolkoarchitektoniczne.pl\/index.php\/author\/admin\/\"}]}<\/script>\n<!-- \/ Yoast SEO plugin. -->","yoast_head_json":{"title":"Warsztat 2 \u2013 p\u00f3\u0142ki - HOME","robots":{"index":"index","follow":"follow","max-snippet":"max-snippet:-1","max-image-preview":"max-image-preview:large","max-video-preview":"max-video-preview:-1"},"canonical":"https:\/\/www.kolkoarchitektoniczne.pl\/index.php\/2020\/08\/23\/warsztat-2-polki\/","og_locale":"pl_PL","og_type":"article","og_title":"Warsztat 2 \u2013 p\u00f3\u0142ki - HOME","og_description":"Serdecznie zapraszamy na&nbsp;relacj\u0119 z przebiegu drugich warsztat\u00f3w naszego cyklu \u201eChcie\u0107 to m\u00f3c\u201d!&nbsp;Podczas warsztat\u00f3w wraz z&nbsp;m\u0142odzie\u017c\u0105 z Domu Dziecka OWDIR&nbsp;poznajemy tajniki pracy architekta oraz wielu zawod\u00f3w z ni\u0105 zwi\u0105zanych. Co projektowali\u015bmy tym razem? Deska do deski, czyli\u2026. zr\u00f3b sobie p\u00f3\u0142k\u0119! Tematem drugich warsztat\u00f3w by\u0142o&nbsp;projektowanie p\u00f3\u0142ek, praca z drewnem i przede wszystkim \u2013 poznanie fachu stolarza.&nbsp;W tym... Czytaj dalej","og_url":"https:\/\/www.kolkoarchitektoniczne.pl\/index.php\/2020\/08\/23\/warsztat-2-polki\/","og_site_name":"HOME","article_published_time":"2020-08-23T17:16:06+00:00","article_modified_time":"2020-08-24T20:06:26+00:00","og_image":[{"width":2560,"height":2560,"url":"https:\/\/www.kolkoarchitektoniczne.pl\/wp-content\/uploads\/2020\/08\/strona3-min-scaled.jpg","type":"image\/jpeg"}],"author":"admin","twitter_card":"summary_large_image","twitter_misc":{"Napisane przez":"admin","Szacowany czas czytania":"2 minuty"},"schema":{"@context":"https:\/\/schema.org","@graph":[{"@type":"WebPage","@id":"https:\/\/www.kolkoarchitektoniczne.pl\/index.php\/2020\/08\/23\/warsztat-2-polki\/","url":"https:\/\/www.kolkoarchitektoniczne.pl\/index.php\/2020\/08\/23\/warsztat-2-polki\/","name":"Warsztat 2 \u2013 p\u00f3\u0142ki - HOME","isPartOf":{"@id":"https:\/\/www.kolkoarchitektoniczne.pl\/#website"},"primaryImageOfPage":{"@id":"https:\/\/www.kolkoarchitektoniczne.pl\/index.php\/2020\/08\/23\/warsztat-2-polki\/#primaryimage"},"image":{"@id":"https:\/\/www.kolkoarchitektoniczne.pl\/index.php\/2020\/08\/23\/warsztat-2-polki\/#primaryimage"},"thumbnailUrl":"https:\/\/www.kolkoarchitektoniczne.pl\/wp-content\/uploads\/2020\/08\/strona3-min-scaled.jpg","datePublished":"2020-08-23T17:16:06+00:00","dateModified":"2020-08-24T20:06:26+00:00","author":{"@id":"https:\/\/www.kolkoarchitektoniczne.pl\/#\/schema\/person\/b94e16842a617df6b4ae54b6d7f2b364"},"breadcrumb":{"@id":"https:\/\/www.kolkoarchitektoniczne.pl\/index.php\/2020\/08\/23\/warsztat-2-polki\/#breadcrumb"},"inLanguage":"pl-PL","potentialAction":[{"@type":"ReadAction","target":["https:\/\/www.kolkoarchitektoniczne.pl\/index.php\/2020\/08\/23\/warsztat-2-polki\/"]}]},{"@type":"ImageObject","inLanguage":"pl-PL","@id":"https:\/\/www.kolkoarchitektoniczne.pl\/index.php\/2020\/08\/23\/warsztat-2-polki\/#primaryimage","url":"https:\/\/www.kolkoarchitektoniczne.pl\/wp-content\/uploads\/2020\/08\/strona3-min-scaled.jpg","contentUrl":"https:\/\/www.kolkoarchitektoniczne.pl\/wp-content\/uploads\/2020\/08\/strona3-min-scaled.jpg","width":2560,"height":2560},{"@type":"BreadcrumbList","@id":"https:\/\/www.kolkoarchitektoniczne.pl\/index.php\/2020\/08\/23\/warsztat-2-polki\/#breadcrumb","itemListElement":[{"@type":"ListItem","position":1,"name":"Strona g\u0142\u00f3wna","item":"https:\/\/www.kolkoarchitektoniczne.pl\/"},{"@type":"ListItem","position":2,"name":"Warsztat 2 \u2013 p\u00f3\u0142ki"}]},{"@type":"WebSite","@id":"https:\/\/www.kolkoarchitektoniczne.pl\/#website","url":"https:\/\/www.kolkoarchitektoniczne.pl\/","name":"HOME","description":"K&oacute;\u0142ko Architektoniczne","potentialAction":[{"@type":"SearchAction","target":{"@type":"EntryPoint","urlTemplate":"https:\/\/www.kolkoarchitektoniczne.pl\/?s={search_term_string}"},"query-input":{"@type":"PropertyValueSpecification","valueRequired":true,"valueName":"search_term_string"}}],"inLanguage":"pl-PL"},{"@type":"Person","@id":"https:\/\/www.kolkoarchitektoniczne.pl\/#\/schema\/person\/b94e16842a617df6b4ae54b6d7f2b364","name":"admin","image":{"@type":"ImageObject","inLanguage":"pl-PL","@id":"https:\/\/www.kolkoarchitektoniczne.pl\/#\/schema\/person\/image\/","url":"https:\/\/secure.gravatar.com\/avatar\/aae3e428ad15f0228c600428af7e169aeae58722448d784d9852ccb68d1890fe?s=96&d=mm&r=g","contentUrl":"https:\/\/secure.gravatar.com\/avatar\/aae3e428ad15f0228c600428af7e169aeae58722448d784d9852ccb68d1890fe?s=96&d=mm&r=g","caption":"admin"},"sameAs":["http:\/\/www.kolkoarchitektoniczne.pl"],"url":"https:\/\/www.kolkoarchitektoniczne.pl\/index.php\/author\/admin\/"}]}},"_links":{"self":[{"href":"https:\/\/www.kolkoarchitektoniczne.pl\/index.php\/wp-json\/wp\/v2\/posts\/94","targetHints":{"allow":["GET"]}}],"collection":[{"href":"https:\/\/www.kolkoarchitektoniczne.pl\/index.php\/wp-json\/wp\/v2\/posts"}],"about":[{"href":"https:\/\/www.kolkoarchitektoniczne.pl\/index.php\/wp-json\/wp\/v2\/types\/post"}],"author":[{"embeddable":true,"href":"https:\/\/www.kolkoarchitektoniczne.pl\/index.php\/wp-json\/wp\/v2\/users\/1"}],"replies":[{"embeddable":true,"href":"https:\/\/www.kolkoarchitektoniczne.pl\/index.php\/wp-json\/wp\/v2\/comments?post=94"}],"version-history":[{"count":2,"href":"https:\/\/www.kolkoarchitektoniczne.pl\/index.php\/wp-json\/wp\/v2\/posts\/94\/revisions"}],"predecessor-version":[{"id":345,"href":"https:\/\/www.kolkoarchitektoniczne.pl\/index.php\/wp-json\/wp\/v2\/posts\/94\/revisions\/345"}],"wp:featuredmedia":[{"embeddable":true,"href":"https:\/\/www.kolkoarchitektoniczne.pl\/index.php\/wp-json\/wp\/v2\/media\/310"}],"wp:attachment":[{"href":"https:\/\/www.kolkoarchitektoniczne.pl\/index.php\/wp-json\/wp\/v2\/media?parent=94"}],"wp:term":[{"taxonomy":"category","embeddable":true,"href":"https:\/\/www.kolkoarchitektoniczne.pl\/index.php\/wp-json\/wp\/v2\/categories?post=94"},{"taxonomy":"post_tag","embeddable":true,"href":"https:\/\/www.kolkoarchitektoniczne.pl\/index.php\/wp-json\/wp\/v2\/tags?post=94"}],"curies":[{"name":"wp","href":"https:\/\/api.w.org\/{rel}","templated":true}]}}