{"id":88,"date":"2020-08-23T17:21:10","date_gmt":"2020-08-23T17:21:10","guid":{"rendered":"http:\/\/www.kolkoarchitektoniczne.pl\/?p=88"},"modified":"2020-08-24T20:41:04","modified_gmt":"2020-08-24T20:41:04","slug":"warsztat-5-domy","status":"publish","type":"post","link":"https:\/\/www.kolkoarchitektoniczne.pl\/index.php\/2020\/08\/23\/warsztat-5-domy\/","title":{"rendered":"Warsztat 5 \u2013 domy"},"content":{"rendered":"\n<p>Serdecznie zapraszamy na relacj\u0119 z&nbsp;pi\u0105tych warsztat\u00f3w z cyklu \u201eChcie\u0107 to m\u00f3c\u201d!&nbsp;Podczas warsztat\u00f3w wraz z&nbsp;<strong>m\u0142odzie\u017c\u0105 z dom\u00f3w dziecka&nbsp;<\/strong>poznajemy tajniki pracy architekta oraz wielu zawod\u00f3w z nim zwi\u0105zanych. Co robili\u015bmy tym razem?<\/p>\n\n\n\n<p><strong>Poka\u017c mi jaki jest Tw\u00f3j wymarzony dom\u2026<\/strong><\/p>\n\n\n\n<p>Tematem pi\u0105tych warsztat\u00f3w naszego cyklu by\u0142o&nbsp;<strong>projektowanie dom\u00f3w,<\/strong>&nbsp;czyli to, czym mi\u0119dzy innymi zajmuje si\u0119 prawdziwy&nbsp;<strong>architekt!<\/strong>&nbsp;Ka\u017cdy uczestnik mia\u0142 zbudowa\u0107&nbsp;<strong>dom pasuj\u0105cy do jego w\u0142asnych potrzeb i oczekiwa\u0144.<\/strong>&nbsp;Musieli\u015bmy si\u0119 zastanowi\u0107 kto b\u0119dzie tam mieszka\u0142, jakich potrzebuje pokoi, jakie chcia\u0142by mie\u0107 meble. Czy b\u0119dzie to dom rodzinny, mieszkanie dw\u00f3ch najlepszych przyjaci\u00f3\u0142ek, a mo\u017ce wielopokojowy weso\u0142y dom studencki?&nbsp;<strong>Ka\u017cdy mia\u0142 ju\u017c w g\u0142owie sw\u00f3j wymarzony pomys\u0142&nbsp;<\/strong><\/p>\n\n\n\n<p>Przyst\u0105pili\u015bmy do pracy, w pierwszym kroku wymy\u015blaj\u0105c&nbsp;<strong>u\u0142o\u017cenie pokoi.<\/strong>&nbsp;Czasami mo\u017cna si\u0119 zapomnie\u0107 i zaprojektowa\u0107 wej\u015bcie do kuchni przez \u0142azienk\u0119&nbsp;&nbsp;\u2026 ale na szcz\u0119\u015bcie wszyscy w por\u0119 ustawili swoje pokoje w jak najlepszym szyku. Nast\u0119pnie zaj\u0119li\u015bmy si\u0119&nbsp;<strong>projektowaniem drzwi, fantazyjnych lub prostych okien, a tak\u017ce dach\u00f3w i dodatk\u00f3w<\/strong>.<\/p>\n\n\n\n<p><strong>Zapraszamy do obejrzenia kr\u00f3tkiej fotorelacji. Zobaczcie efekty naszej pracy !&nbsp;<\/strong><\/p>\n\n\n\n<p>Za pomoc w warsztatach dzi\u0119kujemy Pani Uli \u015acibor-Rylskiej oraz panu Cezaremu Machnio, a tak\u017ce Centrum \u0141owicka!<\/p>\n\n\n\nngg_shortcode_0_placeholder\n","protected":false},"excerpt":{"rendered":"<p>Serdecznie zapraszamy na relacj\u0119 z&nbsp;pi\u0105tych warsztat\u00f3w z cyklu \u201eChcie\u0107 to m\u00f3c\u201d!&nbsp;Podczas warsztat\u00f3w wraz z&nbsp;m\u0142odzie\u017c\u0105 z dom\u00f3w dziecka&nbsp;poznajemy tajniki pracy architekta oraz wielu zawod\u00f3w z nim zwi\u0105zanych. Co robili\u015bmy tym razem? Poka\u017c mi jaki jest Tw\u00f3j wymarzony dom\u2026 Tematem pi\u0105tych warsztat\u00f3w naszego cyklu by\u0142o&nbsp;projektowanie dom\u00f3w,&nbsp;czyli to, czym mi\u0119dzy innymi zajmuje si\u0119 prawdziwy&nbsp;architekt!&nbsp;Ka\u017cdy uczestnik mia\u0142 zbudowa\u0107&nbsp;dom pasuj\u0105cy&#8230; <\/p>\n<div class=\"link-more\"><a href=\"https:\/\/www.kolkoarchitektoniczne.pl\/index.php\/2020\/08\/23\/warsztat-5-domy\/\">Czytaj dalej<\/a><\/div>\n","protected":false},"author":1,"featured_media":380,"comment_status":"open","ping_status":"open","sticky":false,"template":"","format":"standard","meta":{"ngg_post_thumbnail":0,"footnotes":""},"categories":[8],"tags":[],"class_list":["post-88","post","type-post","status-publish","format-standard","has-post-thumbnail","hentry","category-projekt-chciec-to-moc"],"yoast_head":"<!-- This site is optimized with the Yoast SEO plugin v25.8 - https:\/\/yoast.com\/wordpress\/plugins\/seo\/ -->\n<title>Warsztat 5 \u2013 domy - HOME<\/title>\n<meta name=\"robots\" content=\"index, follow, max-snippet:-1, max-image-preview:large, max-video-preview:-1\" \/>\n<link rel=\"canonical\" href=\"https:\/\/www.kolkoarchitektoniczne.pl\/index.php\/2020\/08\/23\/warsztat-5-domy\/\" \/>\n<meta property=\"og:locale\" content=\"pl_PL\" \/>\n<meta property=\"og:type\" content=\"article\" \/>\n<meta property=\"og:title\" content=\"Warsztat 5 \u2013 domy - HOME\" \/>\n<meta property=\"og:description\" content=\"Serdecznie zapraszamy na relacj\u0119 z&nbsp;pi\u0105tych warsztat\u00f3w z cyklu \u201eChcie\u0107 to m\u00f3c\u201d!&nbsp;Podczas warsztat\u00f3w wraz z&nbsp;m\u0142odzie\u017c\u0105 z dom\u00f3w dziecka&nbsp;poznajemy tajniki pracy architekta oraz wielu zawod\u00f3w z nim zwi\u0105zanych. Co robili\u015bmy tym razem? Poka\u017c mi jaki jest Tw\u00f3j wymarzony dom\u2026 Tematem pi\u0105tych warsztat\u00f3w naszego cyklu by\u0142o&nbsp;projektowanie dom\u00f3w,&nbsp;czyli to, czym mi\u0119dzy innymi zajmuje si\u0119 prawdziwy&nbsp;architekt!&nbsp;Ka\u017cdy uczestnik mia\u0142 zbudowa\u0107&nbsp;dom pasuj\u0105cy... Czytaj dalej\" \/>\n<meta property=\"og:url\" content=\"https:\/\/www.kolkoarchitektoniczne.pl\/index.php\/2020\/08\/23\/warsztat-5-domy\/\" \/>\n<meta property=\"og:site_name\" content=\"HOME\" \/>\n<meta property=\"article:published_time\" content=\"2020-08-23T17:21:10+00:00\" \/>\n<meta property=\"article:modified_time\" content=\"2020-08-24T20:41:04+00:00\" \/>\n<meta property=\"og:image\" content=\"https:\/\/www.kolkoarchitektoniczne.pl\/wp-content\/uploads\/2020\/08\/Chciec-to-moc-10.09-min-scaled.jpg\" \/>\n\t<meta property=\"og:image:width\" content=\"2560\" \/>\n\t<meta property=\"og:image:height\" content=\"2560\" \/>\n\t<meta property=\"og:image:type\" content=\"image\/jpeg\" \/>\n<meta name=\"author\" content=\"admin\" \/>\n<meta name=\"twitter:card\" content=\"summary_large_image\" \/>\n<meta name=\"twitter:label1\" content=\"Napisane przez\" \/>\n\t<meta name=\"twitter:data1\" content=\"admin\" \/>\n\t<meta name=\"twitter:label2\" content=\"Szacowany czas czytania\" \/>\n\t<meta name=\"twitter:data2\" content=\"1 minuta\" \/>\n<script type=\"application\/ld+json\" class=\"yoast-schema-graph\">{\"@context\":\"https:\/\/schema.org\",\"@graph\":[{\"@type\":\"WebPage\",\"@id\":\"https:\/\/www.kolkoarchitektoniczne.pl\/index.php\/2020\/08\/23\/warsztat-5-domy\/\",\"url\":\"https:\/\/www.kolkoarchitektoniczne.pl\/index.php\/2020\/08\/23\/warsztat-5-domy\/\",\"name\":\"Warsztat 5 \u2013 domy - HOME\",\"isPartOf\":{\"@id\":\"https:\/\/www.kolkoarchitektoniczne.pl\/#website\"},\"primaryImageOfPage\":{\"@id\":\"https:\/\/www.kolkoarchitektoniczne.pl\/index.php\/2020\/08\/23\/warsztat-5-domy\/#primaryimage\"},\"image\":{\"@id\":\"https:\/\/www.kolkoarchitektoniczne.pl\/index.php\/2020\/08\/23\/warsztat-5-domy\/#primaryimage\"},\"thumbnailUrl\":\"https:\/\/www.kolkoarchitektoniczne.pl\/wp-content\/uploads\/2020\/08\/Chciec-to-moc-10.09-min-scaled.jpg\",\"datePublished\":\"2020-08-23T17:21:10+00:00\",\"dateModified\":\"2020-08-24T20:41:04+00:00\",\"author\":{\"@id\":\"https:\/\/www.kolkoarchitektoniczne.pl\/#\/schema\/person\/b94e16842a617df6b4ae54b6d7f2b364\"},\"breadcrumb\":{\"@id\":\"https:\/\/www.kolkoarchitektoniczne.pl\/index.php\/2020\/08\/23\/warsztat-5-domy\/#breadcrumb\"},\"inLanguage\":\"pl-PL\",\"potentialAction\":[{\"@type\":\"ReadAction\",\"target\":[\"https:\/\/www.kolkoarchitektoniczne.pl\/index.php\/2020\/08\/23\/warsztat-5-domy\/\"]}]},{\"@type\":\"ImageObject\",\"inLanguage\":\"pl-PL\",\"@id\":\"https:\/\/www.kolkoarchitektoniczne.pl\/index.php\/2020\/08\/23\/warsztat-5-domy\/#primaryimage\",\"url\":\"https:\/\/www.kolkoarchitektoniczne.pl\/wp-content\/uploads\/2020\/08\/Chciec-to-moc-10.09-min-scaled.jpg\",\"contentUrl\":\"https:\/\/www.kolkoarchitektoniczne.pl\/wp-content\/uploads\/2020\/08\/Chciec-to-moc-10.09-min-scaled.jpg\",\"width\":2560,\"height\":2560},{\"@type\":\"BreadcrumbList\",\"@id\":\"https:\/\/www.kolkoarchitektoniczne.pl\/index.php\/2020\/08\/23\/warsztat-5-domy\/#breadcrumb\",\"itemListElement\":[{\"@type\":\"ListItem\",\"position\":1,\"name\":\"Strona g\u0142\u00f3wna\",\"item\":\"https:\/\/www.kolkoarchitektoniczne.pl\/\"},{\"@type\":\"ListItem\",\"position\":2,\"name\":\"Warsztat 5 \u2013 domy\"}]},{\"@type\":\"WebSite\",\"@id\":\"https:\/\/www.kolkoarchitektoniczne.pl\/#website\",\"url\":\"https:\/\/www.kolkoarchitektoniczne.pl\/\",\"name\":\"HOME\",\"description\":\"K&oacute;\u0142ko Architektoniczne\",\"potentialAction\":[{\"@type\":\"SearchAction\",\"target\":{\"@type\":\"EntryPoint\",\"urlTemplate\":\"https:\/\/www.kolkoarchitektoniczne.pl\/?s={search_term_string}\"},\"query-input\":{\"@type\":\"PropertyValueSpecification\",\"valueRequired\":true,\"valueName\":\"search_term_string\"}}],\"inLanguage\":\"pl-PL\"},{\"@type\":\"Person\",\"@id\":\"https:\/\/www.kolkoarchitektoniczne.pl\/#\/schema\/person\/b94e16842a617df6b4ae54b6d7f2b364\",\"name\":\"admin\",\"image\":{\"@type\":\"ImageObject\",\"inLanguage\":\"pl-PL\",\"@id\":\"https:\/\/www.kolkoarchitektoniczne.pl\/#\/schema\/person\/image\/\",\"url\":\"https:\/\/secure.gravatar.com\/avatar\/aae3e428ad15f0228c600428af7e169aeae58722448d784d9852ccb68d1890fe?s=96&d=mm&r=g\",\"contentUrl\":\"https:\/\/secure.gravatar.com\/avatar\/aae3e428ad15f0228c600428af7e169aeae58722448d784d9852ccb68d1890fe?s=96&d=mm&r=g\",\"caption\":\"admin\"},\"sameAs\":[\"http:\/\/www.kolkoarchitektoniczne.pl\"],\"url\":\"https:\/\/www.kolkoarchitektoniczne.pl\/index.php\/author\/admin\/\"}]}<\/script>\n<!-- \/ Yoast SEO plugin. -->","yoast_head_json":{"title":"Warsztat 5 \u2013 domy - HOME","robots":{"index":"index","follow":"follow","max-snippet":"max-snippet:-1","max-image-preview":"max-image-preview:large","max-video-preview":"max-video-preview:-1"},"canonical":"https:\/\/www.kolkoarchitektoniczne.pl\/index.php\/2020\/08\/23\/warsztat-5-domy\/","og_locale":"pl_PL","og_type":"article","og_title":"Warsztat 5 \u2013 domy - HOME","og_description":"Serdecznie zapraszamy na relacj\u0119 z&nbsp;pi\u0105tych warsztat\u00f3w z cyklu \u201eChcie\u0107 to m\u00f3c\u201d!&nbsp;Podczas warsztat\u00f3w wraz z&nbsp;m\u0142odzie\u017c\u0105 z dom\u00f3w dziecka&nbsp;poznajemy tajniki pracy architekta oraz wielu zawod\u00f3w z nim zwi\u0105zanych. Co robili\u015bmy tym razem? Poka\u017c mi jaki jest Tw\u00f3j wymarzony dom\u2026 Tematem pi\u0105tych warsztat\u00f3w naszego cyklu by\u0142o&nbsp;projektowanie dom\u00f3w,&nbsp;czyli to, czym mi\u0119dzy innymi zajmuje si\u0119 prawdziwy&nbsp;architekt!&nbsp;Ka\u017cdy uczestnik mia\u0142 zbudowa\u0107&nbsp;dom pasuj\u0105cy... Czytaj dalej","og_url":"https:\/\/www.kolkoarchitektoniczne.pl\/index.php\/2020\/08\/23\/warsztat-5-domy\/","og_site_name":"HOME","article_published_time":"2020-08-23T17:21:10+00:00","article_modified_time":"2020-08-24T20:41:04+00:00","og_image":[{"width":2560,"height":2560,"url":"https:\/\/www.kolkoarchitektoniczne.pl\/wp-content\/uploads\/2020\/08\/Chciec-to-moc-10.09-min-scaled.jpg","type":"image\/jpeg"}],"author":"admin","twitter_card":"summary_large_image","twitter_misc":{"Napisane przez":"admin","Szacowany czas czytania":"1 minuta"},"schema":{"@context":"https:\/\/schema.org","@graph":[{"@type":"WebPage","@id":"https:\/\/www.kolkoarchitektoniczne.pl\/index.php\/2020\/08\/23\/warsztat-5-domy\/","url":"https:\/\/www.kolkoarchitektoniczne.pl\/index.php\/2020\/08\/23\/warsztat-5-domy\/","name":"Warsztat 5 \u2013 domy - HOME","isPartOf":{"@id":"https:\/\/www.kolkoarchitektoniczne.pl\/#website"},"primaryImageOfPage":{"@id":"https:\/\/www.kolkoarchitektoniczne.pl\/index.php\/2020\/08\/23\/warsztat-5-domy\/#primaryimage"},"image":{"@id":"https:\/\/www.kolkoarchitektoniczne.pl\/index.php\/2020\/08\/23\/warsztat-5-domy\/#primaryimage"},"thumbnailUrl":"https:\/\/www.kolkoarchitektoniczne.pl\/wp-content\/uploads\/2020\/08\/Chciec-to-moc-10.09-min-scaled.jpg","datePublished":"2020-08-23T17:21:10+00:00","dateModified":"2020-08-24T20:41:04+00:00","author":{"@id":"https:\/\/www.kolkoarchitektoniczne.pl\/#\/schema\/person\/b94e16842a617df6b4ae54b6d7f2b364"},"breadcrumb":{"@id":"https:\/\/www.kolkoarchitektoniczne.pl\/index.php\/2020\/08\/23\/warsztat-5-domy\/#breadcrumb"},"inLanguage":"pl-PL","potentialAction":[{"@type":"ReadAction","target":["https:\/\/www.kolkoarchitektoniczne.pl\/index.php\/2020\/08\/23\/warsztat-5-domy\/"]}]},{"@type":"ImageObject","inLanguage":"pl-PL","@id":"https:\/\/www.kolkoarchitektoniczne.pl\/index.php\/2020\/08\/23\/warsztat-5-domy\/#primaryimage","url":"https:\/\/www.kolkoarchitektoniczne.pl\/wp-content\/uploads\/2020\/08\/Chciec-to-moc-10.09-min-scaled.jpg","contentUrl":"https:\/\/www.kolkoarchitektoniczne.pl\/wp-content\/uploads\/2020\/08\/Chciec-to-moc-10.09-min-scaled.jpg","width":2560,"height":2560},{"@type":"BreadcrumbList","@id":"https:\/\/www.kolkoarchitektoniczne.pl\/index.php\/2020\/08\/23\/warsztat-5-domy\/#breadcrumb","itemListElement":[{"@type":"ListItem","position":1,"name":"Strona g\u0142\u00f3wna","item":"https:\/\/www.kolkoarchitektoniczne.pl\/"},{"@type":"ListItem","position":2,"name":"Warsztat 5 \u2013 domy"}]},{"@type":"WebSite","@id":"https:\/\/www.kolkoarchitektoniczne.pl\/#website","url":"https:\/\/www.kolkoarchitektoniczne.pl\/","name":"HOME","description":"K&oacute;\u0142ko Architektoniczne","potentialAction":[{"@type":"SearchAction","target":{"@type":"EntryPoint","urlTemplate":"https:\/\/www.kolkoarchitektoniczne.pl\/?s={search_term_string}"},"query-input":{"@type":"PropertyValueSpecification","valueRequired":true,"valueName":"search_term_string"}}],"inLanguage":"pl-PL"},{"@type":"Person","@id":"https:\/\/www.kolkoarchitektoniczne.pl\/#\/schema\/person\/b94e16842a617df6b4ae54b6d7f2b364","name":"admin","image":{"@type":"ImageObject","inLanguage":"pl-PL","@id":"https:\/\/www.kolkoarchitektoniczne.pl\/#\/schema\/person\/image\/","url":"https:\/\/secure.gravatar.com\/avatar\/aae3e428ad15f0228c600428af7e169aeae58722448d784d9852ccb68d1890fe?s=96&d=mm&r=g","contentUrl":"https:\/\/secure.gravatar.com\/avatar\/aae3e428ad15f0228c600428af7e169aeae58722448d784d9852ccb68d1890fe?s=96&d=mm&r=g","caption":"admin"},"sameAs":["http:\/\/www.kolkoarchitektoniczne.pl"],"url":"https:\/\/www.kolkoarchitektoniczne.pl\/index.php\/author\/admin\/"}]}},"_links":{"self":[{"href":"https:\/\/www.kolkoarchitektoniczne.pl\/index.php\/wp-json\/wp\/v2\/posts\/88","targetHints":{"allow":["GET"]}}],"collection":[{"href":"https:\/\/www.kolkoarchitektoniczne.pl\/index.php\/wp-json\/wp\/v2\/posts"}],"about":[{"href":"https:\/\/www.kolkoarchitektoniczne.pl\/index.php\/wp-json\/wp\/v2\/types\/post"}],"author":[{"embeddable":true,"href":"https:\/\/www.kolkoarchitektoniczne.pl\/index.php\/wp-json\/wp\/v2\/users\/1"}],"replies":[{"embeddable":true,"href":"https:\/\/www.kolkoarchitektoniczne.pl\/index.php\/wp-json\/wp\/v2\/comments?post=88"}],"version-history":[{"count":2,"href":"https:\/\/www.kolkoarchitektoniczne.pl\/index.php\/wp-json\/wp\/v2\/posts\/88\/revisions"}],"predecessor-version":[{"id":419,"href":"https:\/\/www.kolkoarchitektoniczne.pl\/index.php\/wp-json\/wp\/v2\/posts\/88\/revisions\/419"}],"wp:featuredmedia":[{"embeddable":true,"href":"https:\/\/www.kolkoarchitektoniczne.pl\/index.php\/wp-json\/wp\/v2\/media\/380"}],"wp:attachment":[{"href":"https:\/\/www.kolkoarchitektoniczne.pl\/index.php\/wp-json\/wp\/v2\/media?parent=88"}],"wp:term":[{"taxonomy":"category","embeddable":true,"href":"https:\/\/www.kolkoarchitektoniczne.pl\/index.php\/wp-json\/wp\/v2\/categories?post=88"},{"taxonomy":"post_tag","embeddable":true,"href":"https:\/\/www.kolkoarchitektoniczne.pl\/index.php\/wp-json\/wp\/v2\/tags?post=88"}],"curies":[{"name":"wp","href":"https:\/\/api.w.org\/{rel}","templated":true}]}}