{"id":86,"date":"2020-08-23T17:23:32","date_gmt":"2020-08-23T17:23:32","guid":{"rendered":"http:\/\/www.kolkoarchitektoniczne.pl\/?p=86"},"modified":"2020-08-23T17:41:57","modified_gmt":"2020-08-23T17:41:57","slug":"warsztat-6-budowanie-budy","status":"publish","type":"post","link":"https:\/\/www.kolkoarchitektoniczne.pl\/index.php\/2020\/08\/23\/warsztat-6-budowanie-budy\/","title":{"rendered":"Warsztat 6 \u2013 budowanie budy"},"content":{"rendered":"\n<p>Serdecznie zapraszamy na relacj\u0119 z kolejnych warsztat\u00f3w z cyklu \u201eChcie\u0107 to m\u00f3c\u201d!&nbsp; Podczas warsztat\u00f3w wraz z&nbsp;<strong>m\u0142odzie\u017c\u0105 z Domu Dziecka OWDIR&nbsp;<\/strong>poznajemy tajniki pracy architekta oraz wielu zawod\u00f3w z ni\u0105 zwi\u0105zanych i zastanawiamy si\u0119 kim mo\u017cna by\u0107 w przysz\u0142o\u015bci (po sobotnich warsztatach pewnie wszyscy b\u0119d\u0105 chcieli by\u0107 weterynarzem:)<\/p>\n\n\n\n<p>Tym razem poznawali\u015bmy tajniki prawdziwego budowania, \u017ceby zasmakowa\u0107 w tym, \u017ce z r\u00f3\u017cnych dziwnych element\u00f3w potrafimy zrobi\u0107 co\u015b co stoi, jest \u0142adne i kto\u015b chce w tym mieszka\u0107.<\/p>\n\n\n\n<p><strong>Serdecznie dzi\u0119kujemy za pomoc:<\/strong>&nbsp;&nbsp; &nbsp; &nbsp; &nbsp; &nbsp; &nbsp; &nbsp; &nbsp; &nbsp; &nbsp; &nbsp; &nbsp; &nbsp; &nbsp; &nbsp; &nbsp; &nbsp; &nbsp; &nbsp; &nbsp; &nbsp; &nbsp; &nbsp; &nbsp; &nbsp; &nbsp; &nbsp; &nbsp; &nbsp; &nbsp; &nbsp; &nbsp; &nbsp; &nbsp; &nbsp; &nbsp; &nbsp; &nbsp; &nbsp; &nbsp; &nbsp; &nbsp; &nbsp; &nbsp; &nbsp; &nbsp; &nbsp; &nbsp; &nbsp; &nbsp; &nbsp; &nbsp; &nbsp; &nbsp; &nbsp; &nbsp; &nbsp; &nbsp; &nbsp; &nbsp; &nbsp; &nbsp; &nbsp;&nbsp;<strong>\u2013 Panu Paw\u0142owi Siennickiemu<\/strong>&nbsp;\u2013&nbsp;&nbsp;&nbsp; inspektorowi nadzoru, konstruktorowi i pracownikowi SM Wola \u2013 za zaanga\u017cowanie, si\u0142\u0119 sprawcz\u0105, uczestnictwo i pomoc naszym uczestnikom.&nbsp;&nbsp;&nbsp;&nbsp;&nbsp;&nbsp;&nbsp;&nbsp;&nbsp;&nbsp;&nbsp;&nbsp;&nbsp;&nbsp;&nbsp;&nbsp;&nbsp;&nbsp;&nbsp;&nbsp;&nbsp;&nbsp;&nbsp;&nbsp;&nbsp;&nbsp;&nbsp;&nbsp;&nbsp;&nbsp;&nbsp;&nbsp;&nbsp;&nbsp;&nbsp;&nbsp;&nbsp;&nbsp;&nbsp;&nbsp;&nbsp;&nbsp;&nbsp;&nbsp;&nbsp;&nbsp;&nbsp;&nbsp;&nbsp;&nbsp;&nbsp;&nbsp;&nbsp;&nbsp;&nbsp;&nbsp;&nbsp;&nbsp;&nbsp;&nbsp;&nbsp;&nbsp;&nbsp;&nbsp;&nbsp;&nbsp;&nbsp;&nbsp;&nbsp;&nbsp;&nbsp;&nbsp;&nbsp;&nbsp;&nbsp;&nbsp;&nbsp;&nbsp;&nbsp;&nbsp;&nbsp;&nbsp;&nbsp;&nbsp;&nbsp;&nbsp;&nbsp;&nbsp;&nbsp;&nbsp;&nbsp;&nbsp;&nbsp;&nbsp;&nbsp;&nbsp;&nbsp;&nbsp;&nbsp;&nbsp;&nbsp;&nbsp;&nbsp;&nbsp;&nbsp;&nbsp;&nbsp;&nbsp;&nbsp;&nbsp;&nbsp;&nbsp;&nbsp;&nbsp;&nbsp;&nbsp;&nbsp;&nbsp;&nbsp;&nbsp;&nbsp;&nbsp;&nbsp;&nbsp;&nbsp;&nbsp;&nbsp;&nbsp;&nbsp;&nbsp;&nbsp;&nbsp;&nbsp;&nbsp;&nbsp;&nbsp;&nbsp;&nbsp;&nbsp;&nbsp;&nbsp;&nbsp;&nbsp;&nbsp;&nbsp;&nbsp;&nbsp;&nbsp;&nbsp;&nbsp;&nbsp;&nbsp;&nbsp;&nbsp;&nbsp;&nbsp;&nbsp;&nbsp;&nbsp;&nbsp;&nbsp;&nbsp;&nbsp;&nbsp;&nbsp;&nbsp;&nbsp;&nbsp;&nbsp;&nbsp;&nbsp;<strong>\u2013&nbsp;<\/strong>firmie&nbsp;<strong>TT-BUD \u2013 p. Paw\u0142owi, p.Marcinowi i wszystkim innym zaanga\u017cowanym na budowie<\/strong>, za zdecydowanie&nbsp;<strong>najwi\u0119kszy wk\u0142ad<\/strong>&nbsp;w nasz projekt, i zupe\u0142nie bezinteresowne, perfekcyjne zorganizowanie naszej budowy, dzi\u0119ki czemu osi\u0105gn\u0119li\u015bmy cel.&nbsp; &nbsp; &nbsp; &nbsp; &nbsp; &nbsp; &nbsp; &nbsp; &nbsp; &nbsp; &nbsp; &nbsp; &nbsp; &nbsp; &nbsp; &nbsp; &nbsp; &nbsp; &nbsp;<strong>\u2013 klinice weterynaryjnej Vetriver<\/strong>&nbsp;w Izabelinie za nadanie naszej pracy sensu i pokazanie tego sensu naszej m\u0142odzie\u017cy, co wida\u0107 na zdj\u0119ciach&nbsp; &nbsp; &nbsp; &nbsp; &nbsp; &nbsp; &nbsp; &nbsp; &nbsp; &nbsp; &nbsp; &nbsp; &nbsp; &nbsp; &nbsp; &nbsp; &nbsp; &nbsp; &nbsp; &nbsp; &nbsp; &nbsp; &nbsp; &nbsp; &nbsp; &nbsp; &nbsp; &nbsp; &nbsp; &nbsp; &nbsp; &nbsp; &nbsp; &nbsp; &nbsp; &nbsp;&nbsp;<strong>\u2013 Centrum Kultury \u0141owicka&nbsp;<\/strong>\u2013 za patronat i pomoc w ca\u0142ym przedsi\u0119wzi\u0119ciu&nbsp; &nbsp; &nbsp; &nbsp; &nbsp; &nbsp; &nbsp; &nbsp; &nbsp; &nbsp; &nbsp; &nbsp; &nbsp; &nbsp; &nbsp;&nbsp;<strong>\u2013 Czarkowi Machnio, Marcinowi, Arturowi&nbsp; i wszystkim innym,<\/strong>&nbsp;&nbsp;&nbsp; za wsp\u00f3\u0142udzia\u0142&nbsp; , bo byli\u015bcie&nbsp; niezb\u0119dni\u2026<\/p>\n\n\n\n<p>Tym razem budowali\u015bmy,&nbsp; i to dla prawdziwego lokatora, wi\u0119c najpierw trzeba by\u0142o pozna\u0107 jego potrzeby. Chcia\u0142 mie\u0107 ciep\u0142o , sucho , \u0142adnie i chcia\u0142 patrze\u0107 na \u015bwiat, czyli tak jak w prawdziwym domu. Powsta\u0142 wi\u0119c projekt ocieplonej budy ze zdejmowanym dachem \u2013 tak \u017ceby mo\u017cna by\u0142o j\u0105 sprz\u0105tn\u0105\u0107. Projekt pojecha\u0142 na budow\u0119, gdzie zosta\u0142 ulepszony (tak jak to bywa w realnym \u017cyciu), zosta\u0142y zam\u00f3wione i przygotowane materia\u0142y oraz zorganizowana praca z podzia\u0142em na zespo\u0142y. No i nasza m\u0142odzie\u017c zabra\u0142a si\u0119 do pracy:<\/p>\n\n\n\n<p>Nasz\u0105&nbsp; budow\u0119 rozpocz\u0119li\u015bmy od obejrzenia modelu:<\/p>\n\n\n\n<p>Budowniczowie studiowali plany, \u017ceby zbudowa\u0107 zgodnie z projektem:&nbsp;Trzeba si\u0119 by\u0142o zastanowi\u0107, jak wygl\u0105da konstrukcja;&nbsp;\u2026a potem j\u0105 ze sob\u0105 jako\u015b po\u0142\u0105czy\u0107: Pracowali\u015bmy w 3 zespo\u0142ach \u2013 pod\u0142oga-\u015bciany-dach, wi\u0119c gdy powsta\u0142y poszczeg\u00f3lne elementy&nbsp; zmontowali\u015bmy je razem&nbsp; i \u2026 pasowa\u0142y : Pies musi mie\u0107 ciep\u0142o (po to przecie\u017c budujemy), wi\u0119c zaizolowali\u015bmy \u015bciany pilnuj\u0105c, \u017ceby nigdzie nie by\u0142o \u017cadnych mostk\u00f3w cieplnych:&nbsp;&nbsp;&nbsp;&nbsp;Ale wa\u017cna te\u017c jest estetyka&nbsp; \u2013 przecie\u017c jest oczywiste, \u017ce w \u0142adnej budzie pies b\u0119dzie si\u0119 czu\u0142 lepiej i \u0142atwiej si\u0119 przyzwyczai ni\u017c w brzydkiej , wi\u0119c zrobili\u015bmy te\u017c profesjonaln\u0105 elewacj\u0119. Potem zawie\u017ali\u015bmy bud\u0119 do kliniki weterynaryjnej, kt\u00f3ra czasami jest te\u017c tymczasowym domem zwierz\u0105t do adopcji, gdzie dopiero dotar\u0142 do nas sens naszej pracy (bardzo dzi\u0119kujemy)<\/p>\n","protected":false},"excerpt":{"rendered":"<p>Serdecznie zapraszamy na relacj\u0119 z kolejnych warsztat\u00f3w z cyklu \u201eChcie\u0107 to m\u00f3c\u201d!&nbsp; Podczas warsztat\u00f3w wraz z&nbsp;m\u0142odzie\u017c\u0105 z Domu Dziecka OWDIR&nbsp;poznajemy tajniki pracy architekta oraz wielu zawod\u00f3w z ni\u0105 zwi\u0105zanych i zastanawiamy si\u0119 kim mo\u017cna by\u0107 w przysz\u0142o\u015bci (po sobotnich warsztatach pewnie wszyscy b\u0119d\u0105 chcieli by\u0107 weterynarzem:) Tym razem poznawali\u015bmy tajniki prawdziwego budowania, \u017ceby zasmakowa\u0107 w&#8230; <\/p>\n<div class=\"link-more\"><a href=\"https:\/\/www.kolkoarchitektoniczne.pl\/index.php\/2020\/08\/23\/warsztat-6-budowanie-budy\/\">Czytaj dalej<\/a><\/div>\n","protected":false},"author":1,"featured_media":0,"comment_status":"open","ping_status":"open","sticky":false,"template":"","format":"standard","meta":{"ngg_post_thumbnail":0,"footnotes":""},"categories":[8],"tags":[],"class_list":["post-86","post","type-post","status-publish","format-standard","hentry","category-projekt-chciec-to-moc"],"yoast_head":"<!-- This site is optimized with the Yoast SEO plugin v25.8 - https:\/\/yoast.com\/wordpress\/plugins\/seo\/ -->\n<title>Warsztat 6 \u2013 budowanie budy - HOME<\/title>\n<meta name=\"robots\" content=\"index, follow, max-snippet:-1, max-image-preview:large, max-video-preview:-1\" \/>\n<link rel=\"canonical\" href=\"https:\/\/www.kolkoarchitektoniczne.pl\/index.php\/2020\/08\/23\/warsztat-6-budowanie-budy\/\" \/>\n<meta property=\"og:locale\" content=\"pl_PL\" \/>\n<meta property=\"og:type\" content=\"article\" \/>\n<meta property=\"og:title\" content=\"Warsztat 6 \u2013 budowanie budy - HOME\" \/>\n<meta property=\"og:description\" content=\"Serdecznie zapraszamy na relacj\u0119 z kolejnych warsztat\u00f3w z cyklu \u201eChcie\u0107 to m\u00f3c\u201d!&nbsp; Podczas warsztat\u00f3w wraz z&nbsp;m\u0142odzie\u017c\u0105 z Domu Dziecka OWDIR&nbsp;poznajemy tajniki pracy architekta oraz wielu zawod\u00f3w z ni\u0105 zwi\u0105zanych i zastanawiamy si\u0119 kim mo\u017cna by\u0107 w przysz\u0142o\u015bci (po sobotnich warsztatach pewnie wszyscy b\u0119d\u0105 chcieli by\u0107 weterynarzem:) Tym razem poznawali\u015bmy tajniki prawdziwego budowania, \u017ceby zasmakowa\u0107 w... Czytaj dalej\" \/>\n<meta property=\"og:url\" content=\"https:\/\/www.kolkoarchitektoniczne.pl\/index.php\/2020\/08\/23\/warsztat-6-budowanie-budy\/\" \/>\n<meta property=\"og:site_name\" content=\"HOME\" \/>\n<meta property=\"article:published_time\" content=\"2020-08-23T17:23:32+00:00\" \/>\n<meta property=\"article:modified_time\" content=\"2020-08-23T17:41:57+00:00\" \/>\n<meta name=\"author\" content=\"admin\" \/>\n<meta name=\"twitter:card\" content=\"summary_large_image\" \/>\n<meta name=\"twitter:label1\" content=\"Napisane przez\" \/>\n\t<meta name=\"twitter:data1\" content=\"admin\" \/>\n\t<meta name=\"twitter:label2\" content=\"Szacowany czas czytania\" \/>\n\t<meta name=\"twitter:data2\" content=\"4 minuty\" \/>\n<script type=\"application\/ld+json\" class=\"yoast-schema-graph\">{\"@context\":\"https:\/\/schema.org\",\"@graph\":[{\"@type\":\"WebPage\",\"@id\":\"https:\/\/www.kolkoarchitektoniczne.pl\/index.php\/2020\/08\/23\/warsztat-6-budowanie-budy\/\",\"url\":\"https:\/\/www.kolkoarchitektoniczne.pl\/index.php\/2020\/08\/23\/warsztat-6-budowanie-budy\/\",\"name\":\"Warsztat 6 \u2013 budowanie budy - HOME\",\"isPartOf\":{\"@id\":\"https:\/\/www.kolkoarchitektoniczne.pl\/#website\"},\"datePublished\":\"2020-08-23T17:23:32+00:00\",\"dateModified\":\"2020-08-23T17:41:57+00:00\",\"author\":{\"@id\":\"https:\/\/www.kolkoarchitektoniczne.pl\/#\/schema\/person\/b94e16842a617df6b4ae54b6d7f2b364\"},\"breadcrumb\":{\"@id\":\"https:\/\/www.kolkoarchitektoniczne.pl\/index.php\/2020\/08\/23\/warsztat-6-budowanie-budy\/#breadcrumb\"},\"inLanguage\":\"pl-PL\",\"potentialAction\":[{\"@type\":\"ReadAction\",\"target\":[\"https:\/\/www.kolkoarchitektoniczne.pl\/index.php\/2020\/08\/23\/warsztat-6-budowanie-budy\/\"]}]},{\"@type\":\"BreadcrumbList\",\"@id\":\"https:\/\/www.kolkoarchitektoniczne.pl\/index.php\/2020\/08\/23\/warsztat-6-budowanie-budy\/#breadcrumb\",\"itemListElement\":[{\"@type\":\"ListItem\",\"position\":1,\"name\":\"Strona g\u0142\u00f3wna\",\"item\":\"https:\/\/www.kolkoarchitektoniczne.pl\/\"},{\"@type\":\"ListItem\",\"position\":2,\"name\":\"Warsztat 6 \u2013 budowanie budy\"}]},{\"@type\":\"WebSite\",\"@id\":\"https:\/\/www.kolkoarchitektoniczne.pl\/#website\",\"url\":\"https:\/\/www.kolkoarchitektoniczne.pl\/\",\"name\":\"HOME\",\"description\":\"K&oacute;\u0142ko Architektoniczne\",\"potentialAction\":[{\"@type\":\"SearchAction\",\"target\":{\"@type\":\"EntryPoint\",\"urlTemplate\":\"https:\/\/www.kolkoarchitektoniczne.pl\/?s={search_term_string}\"},\"query-input\":{\"@type\":\"PropertyValueSpecification\",\"valueRequired\":true,\"valueName\":\"search_term_string\"}}],\"inLanguage\":\"pl-PL\"},{\"@type\":\"Person\",\"@id\":\"https:\/\/www.kolkoarchitektoniczne.pl\/#\/schema\/person\/b94e16842a617df6b4ae54b6d7f2b364\",\"name\":\"admin\",\"image\":{\"@type\":\"ImageObject\",\"inLanguage\":\"pl-PL\",\"@id\":\"https:\/\/www.kolkoarchitektoniczne.pl\/#\/schema\/person\/image\/\",\"url\":\"https:\/\/secure.gravatar.com\/avatar\/aae3e428ad15f0228c600428af7e169aeae58722448d784d9852ccb68d1890fe?s=96&d=mm&r=g\",\"contentUrl\":\"https:\/\/secure.gravatar.com\/avatar\/aae3e428ad15f0228c600428af7e169aeae58722448d784d9852ccb68d1890fe?s=96&d=mm&r=g\",\"caption\":\"admin\"},\"sameAs\":[\"http:\/\/www.kolkoarchitektoniczne.pl\"],\"url\":\"https:\/\/www.kolkoarchitektoniczne.pl\/index.php\/author\/admin\/\"}]}<\/script>\n<!-- \/ Yoast SEO plugin. -->","yoast_head_json":{"title":"Warsztat 6 \u2013 budowanie budy - HOME","robots":{"index":"index","follow":"follow","max-snippet":"max-snippet:-1","max-image-preview":"max-image-preview:large","max-video-preview":"max-video-preview:-1"},"canonical":"https:\/\/www.kolkoarchitektoniczne.pl\/index.php\/2020\/08\/23\/warsztat-6-budowanie-budy\/","og_locale":"pl_PL","og_type":"article","og_title":"Warsztat 6 \u2013 budowanie budy - HOME","og_description":"Serdecznie zapraszamy na relacj\u0119 z kolejnych warsztat\u00f3w z cyklu \u201eChcie\u0107 to m\u00f3c\u201d!&nbsp; Podczas warsztat\u00f3w wraz z&nbsp;m\u0142odzie\u017c\u0105 z Domu Dziecka OWDIR&nbsp;poznajemy tajniki pracy architekta oraz wielu zawod\u00f3w z ni\u0105 zwi\u0105zanych i zastanawiamy si\u0119 kim mo\u017cna by\u0107 w przysz\u0142o\u015bci (po sobotnich warsztatach pewnie wszyscy b\u0119d\u0105 chcieli by\u0107 weterynarzem:) Tym razem poznawali\u015bmy tajniki prawdziwego budowania, \u017ceby zasmakowa\u0107 w... Czytaj dalej","og_url":"https:\/\/www.kolkoarchitektoniczne.pl\/index.php\/2020\/08\/23\/warsztat-6-budowanie-budy\/","og_site_name":"HOME","article_published_time":"2020-08-23T17:23:32+00:00","article_modified_time":"2020-08-23T17:41:57+00:00","author":"admin","twitter_card":"summary_large_image","twitter_misc":{"Napisane przez":"admin","Szacowany czas czytania":"4 minuty"},"schema":{"@context":"https:\/\/schema.org","@graph":[{"@type":"WebPage","@id":"https:\/\/www.kolkoarchitektoniczne.pl\/index.php\/2020\/08\/23\/warsztat-6-budowanie-budy\/","url":"https:\/\/www.kolkoarchitektoniczne.pl\/index.php\/2020\/08\/23\/warsztat-6-budowanie-budy\/","name":"Warsztat 6 \u2013 budowanie budy - HOME","isPartOf":{"@id":"https:\/\/www.kolkoarchitektoniczne.pl\/#website"},"datePublished":"2020-08-23T17:23:32+00:00","dateModified":"2020-08-23T17:41:57+00:00","author":{"@id":"https:\/\/www.kolkoarchitektoniczne.pl\/#\/schema\/person\/b94e16842a617df6b4ae54b6d7f2b364"},"breadcrumb":{"@id":"https:\/\/www.kolkoarchitektoniczne.pl\/index.php\/2020\/08\/23\/warsztat-6-budowanie-budy\/#breadcrumb"},"inLanguage":"pl-PL","potentialAction":[{"@type":"ReadAction","target":["https:\/\/www.kolkoarchitektoniczne.pl\/index.php\/2020\/08\/23\/warsztat-6-budowanie-budy\/"]}]},{"@type":"BreadcrumbList","@id":"https:\/\/www.kolkoarchitektoniczne.pl\/index.php\/2020\/08\/23\/warsztat-6-budowanie-budy\/#breadcrumb","itemListElement":[{"@type":"ListItem","position":1,"name":"Strona g\u0142\u00f3wna","item":"https:\/\/www.kolkoarchitektoniczne.pl\/"},{"@type":"ListItem","position":2,"name":"Warsztat 6 \u2013 budowanie budy"}]},{"@type":"WebSite","@id":"https:\/\/www.kolkoarchitektoniczne.pl\/#website","url":"https:\/\/www.kolkoarchitektoniczne.pl\/","name":"HOME","description":"K&oacute;\u0142ko Architektoniczne","potentialAction":[{"@type":"SearchAction","target":{"@type":"EntryPoint","urlTemplate":"https:\/\/www.kolkoarchitektoniczne.pl\/?s={search_term_string}"},"query-input":{"@type":"PropertyValueSpecification","valueRequired":true,"valueName":"search_term_string"}}],"inLanguage":"pl-PL"},{"@type":"Person","@id":"https:\/\/www.kolkoarchitektoniczne.pl\/#\/schema\/person\/b94e16842a617df6b4ae54b6d7f2b364","name":"admin","image":{"@type":"ImageObject","inLanguage":"pl-PL","@id":"https:\/\/www.kolkoarchitektoniczne.pl\/#\/schema\/person\/image\/","url":"https:\/\/secure.gravatar.com\/avatar\/aae3e428ad15f0228c600428af7e169aeae58722448d784d9852ccb68d1890fe?s=96&d=mm&r=g","contentUrl":"https:\/\/secure.gravatar.com\/avatar\/aae3e428ad15f0228c600428af7e169aeae58722448d784d9852ccb68d1890fe?s=96&d=mm&r=g","caption":"admin"},"sameAs":["http:\/\/www.kolkoarchitektoniczne.pl"],"url":"https:\/\/www.kolkoarchitektoniczne.pl\/index.php\/author\/admin\/"}]}},"_links":{"self":[{"href":"https:\/\/www.kolkoarchitektoniczne.pl\/index.php\/wp-json\/wp\/v2\/posts\/86","targetHints":{"allow":["GET"]}}],"collection":[{"href":"https:\/\/www.kolkoarchitektoniczne.pl\/index.php\/wp-json\/wp\/v2\/posts"}],"about":[{"href":"https:\/\/www.kolkoarchitektoniczne.pl\/index.php\/wp-json\/wp\/v2\/types\/post"}],"author":[{"embeddable":true,"href":"https:\/\/www.kolkoarchitektoniczne.pl\/index.php\/wp-json\/wp\/v2\/users\/1"}],"replies":[{"embeddable":true,"href":"https:\/\/www.kolkoarchitektoniczne.pl\/index.php\/wp-json\/wp\/v2\/comments?post=86"}],"version-history":[{"count":1,"href":"https:\/\/www.kolkoarchitektoniczne.pl\/index.php\/wp-json\/wp\/v2\/posts\/86\/revisions"}],"predecessor-version":[{"id":87,"href":"https:\/\/www.kolkoarchitektoniczne.pl\/index.php\/wp-json\/wp\/v2\/posts\/86\/revisions\/87"}],"wp:attachment":[{"href":"https:\/\/www.kolkoarchitektoniczne.pl\/index.php\/wp-json\/wp\/v2\/media?parent=86"}],"wp:term":[{"taxonomy":"category","embeddable":true,"href":"https:\/\/www.kolkoarchitektoniczne.pl\/index.php\/wp-json\/wp\/v2\/categories?post=86"},{"taxonomy":"post_tag","embeddable":true,"href":"https:\/\/www.kolkoarchitektoniczne.pl\/index.php\/wp-json\/wp\/v2\/tags?post=86"}],"curies":[{"name":"wp","href":"https:\/\/api.w.org\/{rel}","templated":true}]}}