{"id":2302,"date":"2024-02-11T14:36:49","date_gmt":"2024-02-11T12:36:49","guid":{"rendered":"https:\/\/www.kolkoarchitektoniczne.pl\/?p=2302"},"modified":"2024-02-11T14:36:50","modified_gmt":"2024-02-11T12:36:50","slug":"domki-z-gliny","status":"publish","type":"post","link":"https:\/\/www.kolkoarchitektoniczne.pl\/index.php\/2024\/02\/11\/domki-z-gliny\/","title":{"rendered":"DOMKI z gliny"},"content":{"rendered":"\n<p>W grupach pocz\u0105tkuj\u0105cych rozpocz\u0119li\u015bmy cykl zaj\u0119\u0107 o tematyce historycznej. B\u0119dziemy wsp\u00f3lnie przechodzi\u0107 przez r\u00f3\u017cne epoki i r\u00f3\u017cne rejony \u015bwiata, przygl\u0105daj\u0105c si\u0119 temu, jak ludzie budowali domy z tego co mieli pod r\u0119k\u0105 i pr\u00f3buj\u0105c odwzorowywa\u0107 ich dzia\u0142ania.<\/p>\n\n\n\n<figure class=\"wp-block-image size-full\"><img loading=\"lazy\" decoding=\"async\" width=\"1000\" height=\"1000\" src=\"https:\/\/www.kolkoarchitektoniczne.pl\/wp-content\/uploads\/2024\/02\/zdj1.jpg\" alt=\"\" class=\"wp-image-2305\" srcset=\"https:\/\/www.kolkoarchitektoniczne.pl\/wp-content\/uploads\/2024\/02\/zdj1.jpg 1000w, https:\/\/www.kolkoarchitektoniczne.pl\/wp-content\/uploads\/2024\/02\/zdj1-300x300.jpg 300w, https:\/\/www.kolkoarchitektoniczne.pl\/wp-content\/uploads\/2024\/02\/zdj1-150x150.jpg 150w, https:\/\/www.kolkoarchitektoniczne.pl\/wp-content\/uploads\/2024\/02\/zdj1-768x768.jpg 768w, https:\/\/www.kolkoarchitektoniczne.pl\/wp-content\/uploads\/2024\/02\/zdj1-24x24.jpg 24w, https:\/\/www.kolkoarchitektoniczne.pl\/wp-content\/uploads\/2024\/02\/zdj1-36x36.jpg 36w, https:\/\/www.kolkoarchitektoniczne.pl\/wp-content\/uploads\/2024\/02\/zdj1-48x48.jpg 48w\" sizes=\"auto, (max-width: 1000px) 100vw, 1000px\" \/><\/figure>\n\n\n\n<p><\/p>\n\n\n\n<p>Wizyta pierwsza to Afryka i domy z gliny! <\/p>\n\n\n\n<p><\/p>\n\n\n\n<p>Przedstawiamy uko\u0144czone niedawno domki, wzorowane na domach z gliny, kt\u00f3re budowane by\u0142y w Afryce w bardzo daaaawnych czasach.<\/p>\n\n\n\n<p>Podczas pracy dowiedzieli\u015bmy si\u0119, \u017ce z mokrej gliny nie udaje si\u0119 zrobi\u0107 p\u0142askiego dachu i p\u0142askiego nadpro\u017ca. Naturaln\u0105 form\u0105 jak\u0105 przyjmowa\u0142y wi\u0119c domy z gliny by\u0142y spiczaste, raczej czubate kopu\u0142ki, troch\u0119 zbli\u017cone kszta\u0142tem do jajka!<\/p>\n\n\n\n<p>Tak prezentuj\u0105 si\u0119 pierwsze pr\u00f3by:<\/p>\n\n\n\n<figure class=\"wp-block-image size-full\"><img loading=\"lazy\" decoding=\"async\" width=\"707\" height=\"1000\" src=\"https:\/\/www.kolkoarchitektoniczne.pl\/wp-content\/uploads\/2024\/02\/zdj2.jpg\" alt=\"\" class=\"wp-image-2306\" srcset=\"https:\/\/www.kolkoarchitektoniczne.pl\/wp-content\/uploads\/2024\/02\/zdj2.jpg 707w, https:\/\/www.kolkoarchitektoniczne.pl\/wp-content\/uploads\/2024\/02\/zdj2-212x300.jpg 212w, https:\/\/www.kolkoarchitektoniczne.pl\/wp-content\/uploads\/2024\/02\/zdj2-17x24.jpg 17w, https:\/\/www.kolkoarchitektoniczne.pl\/wp-content\/uploads\/2024\/02\/zdj2-25x36.jpg 25w, https:\/\/www.kolkoarchitektoniczne.pl\/wp-content\/uploads\/2024\/02\/zdj2-34x48.jpg 34w\" sizes=\"auto, (max-width: 707px) 100vw, 707px\" \/><\/figure>\n\n\n\n<p><\/p>\n\n\n\n<p>W\u0142asnor\u0119cznie sprawdzili\u015bmy co to za materia\u0142. Czy \u0142atwo z niego wybudowa\u0107 konstrukcj\u0119? Uda\u0142o nam si\u0119 troch\u0119 ubrudzi\u0107 \ud83d\ude0a <br>Oceniali\u015bmy, czy takie budowanie z gliny jest do\u015b\u0107 \u0142atwe czy raczej stanowi wi\u0119ksze wyzwanie. Z naszych obserwacji wynika, \u017ce najtrudniejszy jest w\u0142a\u015bnie dach! Ci\u0119\u017cka glina zapada\u0142a si\u0119 do wn\u0119trza domku. Trzeba by\u0142o sprawnie szuka\u0107 sprytnych metod i rozwi\u0105za\u0144, aby przykrycie stabilnie si\u0119 trzyma\u0142o.<\/p>\n\n\n\n<figure class=\"wp-block-image size-full\"><img loading=\"lazy\" decoding=\"async\" width=\"1000\" height=\"707\" src=\"https:\/\/www.kolkoarchitektoniczne.pl\/wp-content\/uploads\/2024\/02\/zdj3.jpg\" alt=\"\" class=\"wp-image-2307\" srcset=\"https:\/\/www.kolkoarchitektoniczne.pl\/wp-content\/uploads\/2024\/02\/zdj3.jpg 1000w, https:\/\/www.kolkoarchitektoniczne.pl\/wp-content\/uploads\/2024\/02\/zdj3-300x212.jpg 300w, https:\/\/www.kolkoarchitektoniczne.pl\/wp-content\/uploads\/2024\/02\/zdj3-768x543.jpg 768w, https:\/\/www.kolkoarchitektoniczne.pl\/wp-content\/uploads\/2024\/02\/zdj3-24x17.jpg 24w, https:\/\/www.kolkoarchitektoniczne.pl\/wp-content\/uploads\/2024\/02\/zdj3-36x25.jpg 36w, https:\/\/www.kolkoarchitektoniczne.pl\/wp-content\/uploads\/2024\/02\/zdj3-48x34.jpg 48w\" sizes=\"auto, (max-width: 1000px) 100vw, 1000px\" \/><\/figure>\n\n\n\n<p><\/p>\n\n\n\n<figure class=\"wp-block-image size-full\"><img loading=\"lazy\" decoding=\"async\" width=\"1000\" height=\"750\" src=\"https:\/\/www.kolkoarchitektoniczne.pl\/wp-content\/uploads\/2024\/02\/zdj4.jpg\" alt=\"\" class=\"wp-image-2308\" srcset=\"https:\/\/www.kolkoarchitektoniczne.pl\/wp-content\/uploads\/2024\/02\/zdj4.jpg 1000w, https:\/\/www.kolkoarchitektoniczne.pl\/wp-content\/uploads\/2024\/02\/zdj4-300x225.jpg 300w, https:\/\/www.kolkoarchitektoniczne.pl\/wp-content\/uploads\/2024\/02\/zdj4-768x576.jpg 768w, https:\/\/www.kolkoarchitektoniczne.pl\/wp-content\/uploads\/2024\/02\/zdj4-24x18.jpg 24w, https:\/\/www.kolkoarchitektoniczne.pl\/wp-content\/uploads\/2024\/02\/zdj4-36x27.jpg 36w, https:\/\/www.kolkoarchitektoniczne.pl\/wp-content\/uploads\/2024\/02\/zdj4-48x36.jpg 48w\" sizes=\"auto, (max-width: 1000px) 100vw, 1000px\" \/><\/figure>\n\n\n\n<p><\/p>\n\n\n\n<p>Tak domki prezentowa\u0142y si\u0119 przed wypaleniem w piecu:<\/p>\n\n\n\n<figure class=\"wp-block-image size-full\"><img loading=\"lazy\" decoding=\"async\" width=\"1000\" height=\"707\" src=\"https:\/\/www.kolkoarchitektoniczne.pl\/wp-content\/uploads\/2024\/02\/zdj5.jpg\" alt=\"\" class=\"wp-image-2312\" srcset=\"https:\/\/www.kolkoarchitektoniczne.pl\/wp-content\/uploads\/2024\/02\/zdj5.jpg 1000w, https:\/\/www.kolkoarchitektoniczne.pl\/wp-content\/uploads\/2024\/02\/zdj5-300x212.jpg 300w, https:\/\/www.kolkoarchitektoniczne.pl\/wp-content\/uploads\/2024\/02\/zdj5-768x543.jpg 768w, https:\/\/www.kolkoarchitektoniczne.pl\/wp-content\/uploads\/2024\/02\/zdj5-24x17.jpg 24w, https:\/\/www.kolkoarchitektoniczne.pl\/wp-content\/uploads\/2024\/02\/zdj5-36x25.jpg 36w, https:\/\/www.kolkoarchitektoniczne.pl\/wp-content\/uploads\/2024\/02\/zdj5-48x34.jpg 48w\" sizes=\"auto, (max-width: 1000px) 100vw, 1000px\" \/><\/figure>\n\n\n\n<p><\/p>\n\n\n\n<p>Dodatkowo, nasze domki sta\u0142y si\u0119 lampionami na \u015bwieczk\u0119! Mo\u017cna postawi\u0107 je wieczorem w pokoju, wtedy b\u0119d\u0105 pi\u0119knie prezentowa\u0107 si\u0119 w ciep\u0142ym \u015bwietle przenikaj\u0105cym od wewn\u0105trz przez otwory.<\/p>\n\n\n\n<figure class=\"wp-block-image size-full\"><img loading=\"lazy\" decoding=\"async\" width=\"1000\" height=\"707\" src=\"https:\/\/www.kolkoarchitektoniczne.pl\/wp-content\/uploads\/2024\/02\/zdj6.jpg\" alt=\"\" class=\"wp-image-2313\" srcset=\"https:\/\/www.kolkoarchitektoniczne.pl\/wp-content\/uploads\/2024\/02\/zdj6.jpg 1000w, https:\/\/www.kolkoarchitektoniczne.pl\/wp-content\/uploads\/2024\/02\/zdj6-300x212.jpg 300w, https:\/\/www.kolkoarchitektoniczne.pl\/wp-content\/uploads\/2024\/02\/zdj6-768x543.jpg 768w, https:\/\/www.kolkoarchitektoniczne.pl\/wp-content\/uploads\/2024\/02\/zdj6-24x17.jpg 24w, https:\/\/www.kolkoarchitektoniczne.pl\/wp-content\/uploads\/2024\/02\/zdj6-36x25.jpg 36w, https:\/\/www.kolkoarchitektoniczne.pl\/wp-content\/uploads\/2024\/02\/zdj6-48x34.jpg 48w\" sizes=\"auto, (max-width: 1000px) 100vw, 1000px\" \/><\/figure>\n\n\n\n<p><\/p>\n\n\n\n<figure class=\"wp-block-image size-full\"><img loading=\"lazy\" decoding=\"async\" width=\"1000\" height=\"1000\" src=\"https:\/\/www.kolkoarchitektoniczne.pl\/wp-content\/uploads\/2024\/02\/zdj7.jpg\" alt=\"\" class=\"wp-image-2314\" srcset=\"https:\/\/www.kolkoarchitektoniczne.pl\/wp-content\/uploads\/2024\/02\/zdj7.jpg 1000w, https:\/\/www.kolkoarchitektoniczne.pl\/wp-content\/uploads\/2024\/02\/zdj7-300x300.jpg 300w, https:\/\/www.kolkoarchitektoniczne.pl\/wp-content\/uploads\/2024\/02\/zdj7-150x150.jpg 150w, https:\/\/www.kolkoarchitektoniczne.pl\/wp-content\/uploads\/2024\/02\/zdj7-768x768.jpg 768w, https:\/\/www.kolkoarchitektoniczne.pl\/wp-content\/uploads\/2024\/02\/zdj7-24x24.jpg 24w, https:\/\/www.kolkoarchitektoniczne.pl\/wp-content\/uploads\/2024\/02\/zdj7-36x36.jpg 36w, https:\/\/www.kolkoarchitektoniczne.pl\/wp-content\/uploads\/2024\/02\/zdj7-48x48.jpg 48w\" sizes=\"auto, (max-width: 1000px) 100vw, 1000px\" \/><\/figure>\n\n\n\n<figure class=\"wp-block-image size-full\"><img loading=\"lazy\" decoding=\"async\" width=\"1000\" height=\"537\" src=\"https:\/\/www.kolkoarchitektoniczne.pl\/wp-content\/uploads\/2024\/02\/zdj8.jpg\" alt=\"\" class=\"wp-image-2315\" srcset=\"https:\/\/www.kolkoarchitektoniczne.pl\/wp-content\/uploads\/2024\/02\/zdj8.jpg 1000w, https:\/\/www.kolkoarchitektoniczne.pl\/wp-content\/uploads\/2024\/02\/zdj8-300x161.jpg 300w, https:\/\/www.kolkoarchitektoniczne.pl\/wp-content\/uploads\/2024\/02\/zdj8-768x412.jpg 768w, https:\/\/www.kolkoarchitektoniczne.pl\/wp-content\/uploads\/2024\/02\/zdj8-24x13.jpg 24w, https:\/\/www.kolkoarchitektoniczne.pl\/wp-content\/uploads\/2024\/02\/zdj8-36x19.jpg 36w, https:\/\/www.kolkoarchitektoniczne.pl\/wp-content\/uploads\/2024\/02\/zdj8-48x26.jpg 48w\" sizes=\"auto, (max-width: 1000px) 100vw, 1000px\" \/><\/figure>\n\n\n\n<figure class=\"wp-block-image size-full\"><img loading=\"lazy\" decoding=\"async\" width=\"1000\" height=\"1000\" src=\"https:\/\/www.kolkoarchitektoniczne.pl\/wp-content\/uploads\/2024\/02\/zdj9.jpg\" alt=\"\" class=\"wp-image-2316\" srcset=\"https:\/\/www.kolkoarchitektoniczne.pl\/wp-content\/uploads\/2024\/02\/zdj9.jpg 1000w, https:\/\/www.kolkoarchitektoniczne.pl\/wp-content\/uploads\/2024\/02\/zdj9-300x300.jpg 300w, https:\/\/www.kolkoarchitektoniczne.pl\/wp-content\/uploads\/2024\/02\/zdj9-150x150.jpg 150w, https:\/\/www.kolkoarchitektoniczne.pl\/wp-content\/uploads\/2024\/02\/zdj9-768x768.jpg 768w, https:\/\/www.kolkoarchitektoniczne.pl\/wp-content\/uploads\/2024\/02\/zdj9-24x24.jpg 24w, https:\/\/www.kolkoarchitektoniczne.pl\/wp-content\/uploads\/2024\/02\/zdj9-36x36.jpg 36w, https:\/\/www.kolkoarchitektoniczne.pl\/wp-content\/uploads\/2024\/02\/zdj9-48x48.jpg 48w\" sizes=\"auto, (max-width: 1000px) 100vw, 1000px\" \/><\/figure>\n\n\n\n<figure class=\"wp-block-image size-full\"><img loading=\"lazy\" decoding=\"async\" width=\"1000\" height=\"1000\" src=\"https:\/\/www.kolkoarchitektoniczne.pl\/wp-content\/uploads\/2024\/02\/zdj10.jpg\" alt=\"\" class=\"wp-image-2317\" srcset=\"https:\/\/www.kolkoarchitektoniczne.pl\/wp-content\/uploads\/2024\/02\/zdj10.jpg 1000w, https:\/\/www.kolkoarchitektoniczne.pl\/wp-content\/uploads\/2024\/02\/zdj10-300x300.jpg 300w, https:\/\/www.kolkoarchitektoniczne.pl\/wp-content\/uploads\/2024\/02\/zdj10-150x150.jpg 150w, https:\/\/www.kolkoarchitektoniczne.pl\/wp-content\/uploads\/2024\/02\/zdj10-768x768.jpg 768w, https:\/\/www.kolkoarchitektoniczne.pl\/wp-content\/uploads\/2024\/02\/zdj10-24x24.jpg 24w, https:\/\/www.kolkoarchitektoniczne.pl\/wp-content\/uploads\/2024\/02\/zdj10-36x36.jpg 36w, https:\/\/www.kolkoarchitektoniczne.pl\/wp-content\/uploads\/2024\/02\/zdj10-48x48.jpg 48w\" sizes=\"auto, (max-width: 1000px) 100vw, 1000px\" \/><\/figure>\n\n\n\n<figure class=\"wp-block-image size-full\"><img loading=\"lazy\" decoding=\"async\" width=\"1000\" height=\"1000\" src=\"https:\/\/www.kolkoarchitektoniczne.pl\/wp-content\/uploads\/2024\/02\/zdj11.jpg\" alt=\"\" class=\"wp-image-2318\" srcset=\"https:\/\/www.kolkoarchitektoniczne.pl\/wp-content\/uploads\/2024\/02\/zdj11.jpg 1000w, https:\/\/www.kolkoarchitektoniczne.pl\/wp-content\/uploads\/2024\/02\/zdj11-300x300.jpg 300w, https:\/\/www.kolkoarchitektoniczne.pl\/wp-content\/uploads\/2024\/02\/zdj11-150x150.jpg 150w, https:\/\/www.kolkoarchitektoniczne.pl\/wp-content\/uploads\/2024\/02\/zdj11-768x768.jpg 768w, https:\/\/www.kolkoarchitektoniczne.pl\/wp-content\/uploads\/2024\/02\/zdj11-24x24.jpg 24w, https:\/\/www.kolkoarchitektoniczne.pl\/wp-content\/uploads\/2024\/02\/zdj11-36x36.jpg 36w, https:\/\/www.kolkoarchitektoniczne.pl\/wp-content\/uploads\/2024\/02\/zdj11-48x48.jpg 48w\" sizes=\"auto, (max-width: 1000px) 100vw, 1000px\" \/><\/figure>\n\n\n\n<p><\/p>\n\n\n\n<p>GRATULUJEMY<br>prowadz\u0105ce K\u00f3\u0142ko Architektoniczne.<\/p>\n","protected":false},"excerpt":{"rendered":"<p>W grupach pocz\u0105tkuj\u0105cych rozpocz\u0119li\u015bmy cykl zaj\u0119\u0107 o tematyce historycznej. B\u0119dziemy wsp\u00f3lnie przechodzi\u0107 przez r\u00f3\u017cne epoki i r\u00f3\u017cne rejony \u015bwiata, przygl\u0105daj\u0105c si\u0119 temu, jak ludzie budowali domy z tego co mieli pod r\u0119k\u0105 i pr\u00f3buj\u0105c odwzorowywa\u0107 ich dzia\u0142ania. Wizyta pierwsza to Afryka i domy z gliny! Przedstawiamy uko\u0144czone niedawno domki, wzorowane na domach z gliny, kt\u00f3re&#8230; <\/p>\n<div class=\"link-more\"><a href=\"https:\/\/www.kolkoarchitektoniczne.pl\/index.php\/2024\/02\/11\/domki-z-gliny\/\">Czytaj dalej<\/a><\/div>\n","protected":false},"author":4,"featured_media":2303,"comment_status":"closed","ping_status":"closed","sticky":false,"template":"","format":"standard","meta":{"ngg_post_thumbnail":0,"footnotes":""},"categories":[10,5],"tags":[],"class_list":["post-2302","post","type-post","status-publish","format-standard","has-post-thumbnail","hentry","category-galeria","category-grupy-poczatkujace"],"yoast_head":"<!-- This site is optimized with the Yoast SEO plugin v25.8 - https:\/\/yoast.com\/wordpress\/plugins\/seo\/ -->\n<title>DOMKI z gliny - HOME<\/title>\n<meta name=\"robots\" content=\"index, follow, max-snippet:-1, max-image-preview:large, max-video-preview:-1\" \/>\n<link rel=\"canonical\" href=\"https:\/\/www.kolkoarchitektoniczne.pl\/index.php\/2024\/02\/11\/domki-z-gliny\/\" \/>\n<meta property=\"og:locale\" content=\"pl_PL\" \/>\n<meta property=\"og:type\" content=\"article\" \/>\n<meta property=\"og:title\" content=\"DOMKI z gliny - HOME\" \/>\n<meta property=\"og:description\" content=\"W grupach pocz\u0105tkuj\u0105cych rozpocz\u0119li\u015bmy cykl zaj\u0119\u0107 o tematyce historycznej. B\u0119dziemy wsp\u00f3lnie przechodzi\u0107 przez r\u00f3\u017cne epoki i r\u00f3\u017cne rejony \u015bwiata, przygl\u0105daj\u0105c si\u0119 temu, jak ludzie budowali domy z tego co mieli pod r\u0119k\u0105 i pr\u00f3buj\u0105c odwzorowywa\u0107 ich dzia\u0142ania. Wizyta pierwsza to Afryka i domy z gliny! Przedstawiamy uko\u0144czone niedawno domki, wzorowane na domach z gliny, kt\u00f3re... Czytaj dalej\" \/>\n<meta property=\"og:url\" content=\"https:\/\/www.kolkoarchitektoniczne.pl\/index.php\/2024\/02\/11\/domki-z-gliny\/\" \/>\n<meta property=\"og:site_name\" content=\"HOME\" \/>\n<meta property=\"article:published_time\" content=\"2024-02-11T12:36:49+00:00\" \/>\n<meta property=\"article:modified_time\" content=\"2024-02-11T12:36:50+00:00\" \/>\n<meta property=\"og:image\" content=\"https:\/\/www.kolkoarchitektoniczne.pl\/wp-content\/uploads\/2024\/02\/wyrozniajacy-sie.jpg\" \/>\n\t<meta property=\"og:image:width\" content=\"234\" \/>\n\t<meta property=\"og:image:height\" content=\"349\" \/>\n\t<meta property=\"og:image:type\" content=\"image\/jpeg\" \/>\n<meta name=\"author\" content=\"Aga\" \/>\n<meta name=\"twitter:card\" content=\"summary_large_image\" \/>\n<meta name=\"twitter:label1\" content=\"Napisane przez\" \/>\n\t<meta name=\"twitter:data1\" content=\"Aga\" \/>\n\t<meta name=\"twitter:label2\" content=\"Szacowany czas czytania\" \/>\n\t<meta name=\"twitter:data2\" content=\"4 minuty\" \/>\n<script type=\"application\/ld+json\" class=\"yoast-schema-graph\">{\"@context\":\"https:\/\/schema.org\",\"@graph\":[{\"@type\":\"WebPage\",\"@id\":\"https:\/\/www.kolkoarchitektoniczne.pl\/index.php\/2024\/02\/11\/domki-z-gliny\/\",\"url\":\"https:\/\/www.kolkoarchitektoniczne.pl\/index.php\/2024\/02\/11\/domki-z-gliny\/\",\"name\":\"DOMKI z gliny - HOME\",\"isPartOf\":{\"@id\":\"https:\/\/www.kolkoarchitektoniczne.pl\/#website\"},\"primaryImageOfPage\":{\"@id\":\"https:\/\/www.kolkoarchitektoniczne.pl\/index.php\/2024\/02\/11\/domki-z-gliny\/#primaryimage\"},\"image\":{\"@id\":\"https:\/\/www.kolkoarchitektoniczne.pl\/index.php\/2024\/02\/11\/domki-z-gliny\/#primaryimage\"},\"thumbnailUrl\":\"https:\/\/www.kolkoarchitektoniczne.pl\/wp-content\/uploads\/2024\/02\/wyrozniajacy-sie.jpg\",\"datePublished\":\"2024-02-11T12:36:49+00:00\",\"dateModified\":\"2024-02-11T12:36:50+00:00\",\"author\":{\"@id\":\"https:\/\/www.kolkoarchitektoniczne.pl\/#\/schema\/person\/cfdecad4266647bd853805d1e151f6a6\"},\"breadcrumb\":{\"@id\":\"https:\/\/www.kolkoarchitektoniczne.pl\/index.php\/2024\/02\/11\/domki-z-gliny\/#breadcrumb\"},\"inLanguage\":\"pl-PL\",\"potentialAction\":[{\"@type\":\"ReadAction\",\"target\":[\"https:\/\/www.kolkoarchitektoniczne.pl\/index.php\/2024\/02\/11\/domki-z-gliny\/\"]}]},{\"@type\":\"ImageObject\",\"inLanguage\":\"pl-PL\",\"@id\":\"https:\/\/www.kolkoarchitektoniczne.pl\/index.php\/2024\/02\/11\/domki-z-gliny\/#primaryimage\",\"url\":\"https:\/\/www.kolkoarchitektoniczne.pl\/wp-content\/uploads\/2024\/02\/wyrozniajacy-sie.jpg\",\"contentUrl\":\"https:\/\/www.kolkoarchitektoniczne.pl\/wp-content\/uploads\/2024\/02\/wyrozniajacy-sie.jpg\",\"width\":234,\"height\":349},{\"@type\":\"BreadcrumbList\",\"@id\":\"https:\/\/www.kolkoarchitektoniczne.pl\/index.php\/2024\/02\/11\/domki-z-gliny\/#breadcrumb\",\"itemListElement\":[{\"@type\":\"ListItem\",\"position\":1,\"name\":\"Strona g\u0142\u00f3wna\",\"item\":\"https:\/\/www.kolkoarchitektoniczne.pl\/\"},{\"@type\":\"ListItem\",\"position\":2,\"name\":\"DOMKI z gliny\"}]},{\"@type\":\"WebSite\",\"@id\":\"https:\/\/www.kolkoarchitektoniczne.pl\/#website\",\"url\":\"https:\/\/www.kolkoarchitektoniczne.pl\/\",\"name\":\"HOME\",\"description\":\"K&oacute;\u0142ko Architektoniczne\",\"potentialAction\":[{\"@type\":\"SearchAction\",\"target\":{\"@type\":\"EntryPoint\",\"urlTemplate\":\"https:\/\/www.kolkoarchitektoniczne.pl\/?s={search_term_string}\"},\"query-input\":{\"@type\":\"PropertyValueSpecification\",\"valueRequired\":true,\"valueName\":\"search_term_string\"}}],\"inLanguage\":\"pl-PL\"},{\"@type\":\"Person\",\"@id\":\"https:\/\/www.kolkoarchitektoniczne.pl\/#\/schema\/person\/cfdecad4266647bd853805d1e151f6a6\",\"name\":\"Aga\",\"image\":{\"@type\":\"ImageObject\",\"inLanguage\":\"pl-PL\",\"@id\":\"https:\/\/www.kolkoarchitektoniczne.pl\/#\/schema\/person\/image\/\",\"url\":\"https:\/\/secure.gravatar.com\/avatar\/4c42aced5221f2be65f5549d874e056a88cad964475bce51c9d9f738103f65e0?s=96&d=mm&r=g\",\"contentUrl\":\"https:\/\/secure.gravatar.com\/avatar\/4c42aced5221f2be65f5549d874e056a88cad964475bce51c9d9f738103f65e0?s=96&d=mm&r=g\",\"caption\":\"Aga\"},\"url\":\"https:\/\/www.kolkoarchitektoniczne.pl\/index.php\/author\/aga\/\"}]}<\/script>\n<!-- \/ Yoast SEO plugin. -->","yoast_head_json":{"title":"DOMKI z gliny - HOME","robots":{"index":"index","follow":"follow","max-snippet":"max-snippet:-1","max-image-preview":"max-image-preview:large","max-video-preview":"max-video-preview:-1"},"canonical":"https:\/\/www.kolkoarchitektoniczne.pl\/index.php\/2024\/02\/11\/domki-z-gliny\/","og_locale":"pl_PL","og_type":"article","og_title":"DOMKI z gliny - HOME","og_description":"W grupach pocz\u0105tkuj\u0105cych rozpocz\u0119li\u015bmy cykl zaj\u0119\u0107 o tematyce historycznej. B\u0119dziemy wsp\u00f3lnie przechodzi\u0107 przez r\u00f3\u017cne epoki i r\u00f3\u017cne rejony \u015bwiata, przygl\u0105daj\u0105c si\u0119 temu, jak ludzie budowali domy z tego co mieli pod r\u0119k\u0105 i pr\u00f3buj\u0105c odwzorowywa\u0107 ich dzia\u0142ania. Wizyta pierwsza to Afryka i domy z gliny! Przedstawiamy uko\u0144czone niedawno domki, wzorowane na domach z gliny, kt\u00f3re... Czytaj dalej","og_url":"https:\/\/www.kolkoarchitektoniczne.pl\/index.php\/2024\/02\/11\/domki-z-gliny\/","og_site_name":"HOME","article_published_time":"2024-02-11T12:36:49+00:00","article_modified_time":"2024-02-11T12:36:50+00:00","og_image":[{"width":234,"height":349,"url":"https:\/\/www.kolkoarchitektoniczne.pl\/wp-content\/uploads\/2024\/02\/wyrozniajacy-sie.jpg","type":"image\/jpeg"}],"author":"Aga","twitter_card":"summary_large_image","twitter_misc":{"Napisane przez":"Aga","Szacowany czas czytania":"4 minuty"},"schema":{"@context":"https:\/\/schema.org","@graph":[{"@type":"WebPage","@id":"https:\/\/www.kolkoarchitektoniczne.pl\/index.php\/2024\/02\/11\/domki-z-gliny\/","url":"https:\/\/www.kolkoarchitektoniczne.pl\/index.php\/2024\/02\/11\/domki-z-gliny\/","name":"DOMKI z gliny - HOME","isPartOf":{"@id":"https:\/\/www.kolkoarchitektoniczne.pl\/#website"},"primaryImageOfPage":{"@id":"https:\/\/www.kolkoarchitektoniczne.pl\/index.php\/2024\/02\/11\/domki-z-gliny\/#primaryimage"},"image":{"@id":"https:\/\/www.kolkoarchitektoniczne.pl\/index.php\/2024\/02\/11\/domki-z-gliny\/#primaryimage"},"thumbnailUrl":"https:\/\/www.kolkoarchitektoniczne.pl\/wp-content\/uploads\/2024\/02\/wyrozniajacy-sie.jpg","datePublished":"2024-02-11T12:36:49+00:00","dateModified":"2024-02-11T12:36:50+00:00","author":{"@id":"https:\/\/www.kolkoarchitektoniczne.pl\/#\/schema\/person\/cfdecad4266647bd853805d1e151f6a6"},"breadcrumb":{"@id":"https:\/\/www.kolkoarchitektoniczne.pl\/index.php\/2024\/02\/11\/domki-z-gliny\/#breadcrumb"},"inLanguage":"pl-PL","potentialAction":[{"@type":"ReadAction","target":["https:\/\/www.kolkoarchitektoniczne.pl\/index.php\/2024\/02\/11\/domki-z-gliny\/"]}]},{"@type":"ImageObject","inLanguage":"pl-PL","@id":"https:\/\/www.kolkoarchitektoniczne.pl\/index.php\/2024\/02\/11\/domki-z-gliny\/#primaryimage","url":"https:\/\/www.kolkoarchitektoniczne.pl\/wp-content\/uploads\/2024\/02\/wyrozniajacy-sie.jpg","contentUrl":"https:\/\/www.kolkoarchitektoniczne.pl\/wp-content\/uploads\/2024\/02\/wyrozniajacy-sie.jpg","width":234,"height":349},{"@type":"BreadcrumbList","@id":"https:\/\/www.kolkoarchitektoniczne.pl\/index.php\/2024\/02\/11\/domki-z-gliny\/#breadcrumb","itemListElement":[{"@type":"ListItem","position":1,"name":"Strona g\u0142\u00f3wna","item":"https:\/\/www.kolkoarchitektoniczne.pl\/"},{"@type":"ListItem","position":2,"name":"DOMKI z gliny"}]},{"@type":"WebSite","@id":"https:\/\/www.kolkoarchitektoniczne.pl\/#website","url":"https:\/\/www.kolkoarchitektoniczne.pl\/","name":"HOME","description":"K&oacute;\u0142ko Architektoniczne","potentialAction":[{"@type":"SearchAction","target":{"@type":"EntryPoint","urlTemplate":"https:\/\/www.kolkoarchitektoniczne.pl\/?s={search_term_string}"},"query-input":{"@type":"PropertyValueSpecification","valueRequired":true,"valueName":"search_term_string"}}],"inLanguage":"pl-PL"},{"@type":"Person","@id":"https:\/\/www.kolkoarchitektoniczne.pl\/#\/schema\/person\/cfdecad4266647bd853805d1e151f6a6","name":"Aga","image":{"@type":"ImageObject","inLanguage":"pl-PL","@id":"https:\/\/www.kolkoarchitektoniczne.pl\/#\/schema\/person\/image\/","url":"https:\/\/secure.gravatar.com\/avatar\/4c42aced5221f2be65f5549d874e056a88cad964475bce51c9d9f738103f65e0?s=96&d=mm&r=g","contentUrl":"https:\/\/secure.gravatar.com\/avatar\/4c42aced5221f2be65f5549d874e056a88cad964475bce51c9d9f738103f65e0?s=96&d=mm&r=g","caption":"Aga"},"url":"https:\/\/www.kolkoarchitektoniczne.pl\/index.php\/author\/aga\/"}]}},"_links":{"self":[{"href":"https:\/\/www.kolkoarchitektoniczne.pl\/index.php\/wp-json\/wp\/v2\/posts\/2302","targetHints":{"allow":["GET"]}}],"collection":[{"href":"https:\/\/www.kolkoarchitektoniczne.pl\/index.php\/wp-json\/wp\/v2\/posts"}],"about":[{"href":"https:\/\/www.kolkoarchitektoniczne.pl\/index.php\/wp-json\/wp\/v2\/types\/post"}],"author":[{"embeddable":true,"href":"https:\/\/www.kolkoarchitektoniczne.pl\/index.php\/wp-json\/wp\/v2\/users\/4"}],"replies":[{"embeddable":true,"href":"https:\/\/www.kolkoarchitektoniczne.pl\/index.php\/wp-json\/wp\/v2\/comments?post=2302"}],"version-history":[{"count":5,"href":"https:\/\/www.kolkoarchitektoniczne.pl\/index.php\/wp-json\/wp\/v2\/posts\/2302\/revisions"}],"predecessor-version":[{"id":2319,"href":"https:\/\/www.kolkoarchitektoniczne.pl\/index.php\/wp-json\/wp\/v2\/posts\/2302\/revisions\/2319"}],"wp:featuredmedia":[{"embeddable":true,"href":"https:\/\/www.kolkoarchitektoniczne.pl\/index.php\/wp-json\/wp\/v2\/media\/2303"}],"wp:attachment":[{"href":"https:\/\/www.kolkoarchitektoniczne.pl\/index.php\/wp-json\/wp\/v2\/media?parent=2302"}],"wp:term":[{"taxonomy":"category","embeddable":true,"href":"https:\/\/www.kolkoarchitektoniczne.pl\/index.php\/wp-json\/wp\/v2\/categories?post=2302"},{"taxonomy":"post_tag","embeddable":true,"href":"https:\/\/www.kolkoarchitektoniczne.pl\/index.php\/wp-json\/wp\/v2\/tags?post=2302"}],"curies":[{"name":"wp","href":"https:\/\/api.w.org\/{rel}","templated":true}]}}