{"id":2188,"date":"2023-04-06T22:01:34","date_gmt":"2023-04-06T20:01:34","guid":{"rendered":"https:\/\/www.kolkoarchitektoniczne.pl\/?p=2188"},"modified":"2024-09-02T20:55:38","modified_gmt":"2024-09-02T18:55:38","slug":"lampiony-z-gliny","status":"publish","type":"post","link":"https:\/\/www.kolkoarchitektoniczne.pl\/index.php\/2023\/04\/06\/lampiony-z-gliny\/","title":{"rendered":"Lampiony z GLINY"},"content":{"rendered":"\n<p>Podj\u0119li\u015bmy si\u0119 bardzo trudnego wyzwania. Projekt to w\u0142asnor\u0119cznie wykonany lampion z gliny. <br>To bardzo wymagaj\u0105cy materia\u0142, a celem by\u0142a trudna konstrukcja. <br><\/p>\n\n\n\n<p>Do tematu mo\u017cna by\u0142o podej\u015b\u0107 w r\u00f3\u017cny spos\u00f3b i tak si\u0119 sta\u0142o. Prace przybra\u0142y r\u00f3\u017cny kszta\u0142t, ale to nie koniec. Po wypaleniu w specjalnym piecu do ceramiki, pracom  nale\u017ca\u0142o nada\u0107 indywidualnego charakteru. Osi\u0105gn\u0119li\u015bmy to nak\u0142adaj\u0105c szkliwo. <br><\/p>\n\n\n\n<p>Prace wysz\u0142y bajecznie. Sami zobaczcie.<\/p>\n\n\n\n<p><\/p>\n\n\n\n<p> <\/p>\n\n\n\n<figure class=\"wp-block-image size-full\"><img loading=\"lazy\" decoding=\"async\" width=\"1000\" height=\"1000\" src=\"https:\/\/www.kolkoarchitektoniczne.pl\/wp-content\/uploads\/2023\/04\/Emilka-lampion.jpg\" alt=\"\" class=\"wp-image-2183\" srcset=\"https:\/\/www.kolkoarchitektoniczne.pl\/wp-content\/uploads\/2023\/04\/Emilka-lampion.jpg 1000w, https:\/\/www.kolkoarchitektoniczne.pl\/wp-content\/uploads\/2023\/04\/Emilka-lampion-300x300.jpg 300w, https:\/\/www.kolkoarchitektoniczne.pl\/wp-content\/uploads\/2023\/04\/Emilka-lampion-150x150.jpg 150w, https:\/\/www.kolkoarchitektoniczne.pl\/wp-content\/uploads\/2023\/04\/Emilka-lampion-768x768.jpg 768w, https:\/\/www.kolkoarchitektoniczne.pl\/wp-content\/uploads\/2023\/04\/Emilka-lampion-24x24.jpg 24w, https:\/\/www.kolkoarchitektoniczne.pl\/wp-content\/uploads\/2023\/04\/Emilka-lampion-36x36.jpg 36w, https:\/\/www.kolkoarchitektoniczne.pl\/wp-content\/uploads\/2023\/04\/Emilka-lampion-48x48.jpg 48w\" sizes=\"auto, (max-width: 1000px) 100vw, 1000px\" \/><\/figure>\n\n\n\n<p><\/p>\n\n\n\n<figure class=\"wp-block-image size-full\"><img loading=\"lazy\" decoding=\"async\" width=\"1000\" height=\"1000\" src=\"https:\/\/www.kolkoarchitektoniczne.pl\/wp-content\/uploads\/2023\/04\/Aleks-lampion.jpg\" alt=\"\" class=\"wp-image-2181\" srcset=\"https:\/\/www.kolkoarchitektoniczne.pl\/wp-content\/uploads\/2023\/04\/Aleks-lampion.jpg 1000w, https:\/\/www.kolkoarchitektoniczne.pl\/wp-content\/uploads\/2023\/04\/Aleks-lampion-300x300.jpg 300w, https:\/\/www.kolkoarchitektoniczne.pl\/wp-content\/uploads\/2023\/04\/Aleks-lampion-150x150.jpg 150w, https:\/\/www.kolkoarchitektoniczne.pl\/wp-content\/uploads\/2023\/04\/Aleks-lampion-768x768.jpg 768w, https:\/\/www.kolkoarchitektoniczne.pl\/wp-content\/uploads\/2023\/04\/Aleks-lampion-24x24.jpg 24w, https:\/\/www.kolkoarchitektoniczne.pl\/wp-content\/uploads\/2023\/04\/Aleks-lampion-36x36.jpg 36w, https:\/\/www.kolkoarchitektoniczne.pl\/wp-content\/uploads\/2023\/04\/Aleks-lampion-48x48.jpg 48w\" sizes=\"auto, (max-width: 1000px) 100vw, 1000px\" \/><\/figure>\n\n\n\n<p><\/p>\n\n\n\n<figure class=\"wp-block-image size-full\"><img loading=\"lazy\" decoding=\"async\" width=\"1000\" height=\"1000\" src=\"https:\/\/www.kolkoarchitektoniczne.pl\/wp-content\/uploads\/2023\/04\/Janek-lampion.jpg\" alt=\"\" class=\"wp-image-2184\" srcset=\"https:\/\/www.kolkoarchitektoniczne.pl\/wp-content\/uploads\/2023\/04\/Janek-lampion.jpg 1000w, https:\/\/www.kolkoarchitektoniczne.pl\/wp-content\/uploads\/2023\/04\/Janek-lampion-300x300.jpg 300w, https:\/\/www.kolkoarchitektoniczne.pl\/wp-content\/uploads\/2023\/04\/Janek-lampion-150x150.jpg 150w, https:\/\/www.kolkoarchitektoniczne.pl\/wp-content\/uploads\/2023\/04\/Janek-lampion-768x768.jpg 768w, https:\/\/www.kolkoarchitektoniczne.pl\/wp-content\/uploads\/2023\/04\/Janek-lampion-24x24.jpg 24w, https:\/\/www.kolkoarchitektoniczne.pl\/wp-content\/uploads\/2023\/04\/Janek-lampion-36x36.jpg 36w, https:\/\/www.kolkoarchitektoniczne.pl\/wp-content\/uploads\/2023\/04\/Janek-lampion-48x48.jpg 48w\" sizes=\"auto, (max-width: 1000px) 100vw, 1000px\" \/><\/figure>\n\n\n\n<p><\/p>\n\n\n\n<figure class=\"wp-block-image size-full\"><img loading=\"lazy\" decoding=\"async\" width=\"1000\" height=\"1000\" src=\"https:\/\/www.kolkoarchitektoniczne.pl\/wp-content\/uploads\/2023\/04\/Borys-lampion.jpg\" alt=\"\" class=\"wp-image-2182\" srcset=\"https:\/\/www.kolkoarchitektoniczne.pl\/wp-content\/uploads\/2023\/04\/Borys-lampion.jpg 1000w, https:\/\/www.kolkoarchitektoniczne.pl\/wp-content\/uploads\/2023\/04\/Borys-lampion-300x300.jpg 300w, https:\/\/www.kolkoarchitektoniczne.pl\/wp-content\/uploads\/2023\/04\/Borys-lampion-150x150.jpg 150w, https:\/\/www.kolkoarchitektoniczne.pl\/wp-content\/uploads\/2023\/04\/Borys-lampion-768x768.jpg 768w, https:\/\/www.kolkoarchitektoniczne.pl\/wp-content\/uploads\/2023\/04\/Borys-lampion-24x24.jpg 24w, https:\/\/www.kolkoarchitektoniczne.pl\/wp-content\/uploads\/2023\/04\/Borys-lampion-36x36.jpg 36w, https:\/\/www.kolkoarchitektoniczne.pl\/wp-content\/uploads\/2023\/04\/Borys-lampion-48x48.jpg 48w\" sizes=\"auto, (max-width: 1000px) 100vw, 1000px\" \/><\/figure>\n\n\n\n<p><\/p>\n\n\n\n<figure class=\"wp-block-image size-full\"><img loading=\"lazy\" decoding=\"async\" width=\"1000\" height=\"1000\" src=\"https:\/\/www.kolkoarchitektoniczne.pl\/wp-content\/uploads\/2023\/04\/Kuba-lampion.jpg\" alt=\"\" class=\"wp-image-2185\" srcset=\"https:\/\/www.kolkoarchitektoniczne.pl\/wp-content\/uploads\/2023\/04\/Kuba-lampion.jpg 1000w, https:\/\/www.kolkoarchitektoniczne.pl\/wp-content\/uploads\/2023\/04\/Kuba-lampion-300x300.jpg 300w, https:\/\/www.kolkoarchitektoniczne.pl\/wp-content\/uploads\/2023\/04\/Kuba-lampion-150x150.jpg 150w, https:\/\/www.kolkoarchitektoniczne.pl\/wp-content\/uploads\/2023\/04\/Kuba-lampion-768x768.jpg 768w, https:\/\/www.kolkoarchitektoniczne.pl\/wp-content\/uploads\/2023\/04\/Kuba-lampion-24x24.jpg 24w, https:\/\/www.kolkoarchitektoniczne.pl\/wp-content\/uploads\/2023\/04\/Kuba-lampion-36x36.jpg 36w, https:\/\/www.kolkoarchitektoniczne.pl\/wp-content\/uploads\/2023\/04\/Kuba-lampion-48x48.jpg 48w\" sizes=\"auto, (max-width: 1000px) 100vw, 1000px\" \/><\/figure>\n\n\n\n<p><\/p>\n\n\n\n<figure class=\"wp-block-image size-full\"><img loading=\"lazy\" decoding=\"async\" width=\"1000\" height=\"1000\" src=\"https:\/\/www.kolkoarchitektoniczne.pl\/wp-content\/uploads\/2023\/04\/lampiony.jpg\" alt=\"\" class=\"wp-image-2186\" srcset=\"https:\/\/www.kolkoarchitektoniczne.pl\/wp-content\/uploads\/2023\/04\/lampiony.jpg 1000w, https:\/\/www.kolkoarchitektoniczne.pl\/wp-content\/uploads\/2023\/04\/lampiony-300x300.jpg 300w, https:\/\/www.kolkoarchitektoniczne.pl\/wp-content\/uploads\/2023\/04\/lampiony-150x150.jpg 150w, https:\/\/www.kolkoarchitektoniczne.pl\/wp-content\/uploads\/2023\/04\/lampiony-768x768.jpg 768w, https:\/\/www.kolkoarchitektoniczne.pl\/wp-content\/uploads\/2023\/04\/lampiony-24x24.jpg 24w, https:\/\/www.kolkoarchitektoniczne.pl\/wp-content\/uploads\/2023\/04\/lampiony-36x36.jpg 36w, https:\/\/www.kolkoarchitektoniczne.pl\/wp-content\/uploads\/2023\/04\/lampiony-48x48.jpg 48w\" sizes=\"auto, (max-width: 1000px) 100vw, 1000px\" \/><\/figure>\n\n\n\n<p><\/p>\n\n\n\n<p><\/p>\n\n\n\n<p>Brawo. <br>GRATULUJEMY<\/p>\n\n\n\n<p>Prowadz\u0105ce<br>K\u00f3\u0142ko Architektoniczne<\/p>\n","protected":false},"excerpt":{"rendered":"<p>Podj\u0119li\u015bmy si\u0119 bardzo trudnego wyzwania. Projekt to w\u0142asnor\u0119cznie wykonany lampion z gliny. To bardzo wymagaj\u0105cy materia\u0142, a celem by\u0142a trudna konstrukcja. Do tematu mo\u017cna by\u0142o podej\u015b\u0107 w r\u00f3\u017cny spos\u00f3b i tak si\u0119 sta\u0142o. Prace przybra\u0142y r\u00f3\u017cny kszta\u0142t, ale to nie koniec. Po wypaleniu w specjalnym piecu do ceramiki, pracom nale\u017ca\u0142o nada\u0107 indywidualnego charakteru. Osi\u0105gn\u0119li\u015bmy to&#8230; <\/p>\n<div class=\"link-more\"><a href=\"https:\/\/www.kolkoarchitektoniczne.pl\/index.php\/2023\/04\/06\/lampiony-z-gliny\/\">Czytaj dalej<\/a><\/div>\n","protected":false},"author":4,"featured_media":2187,"comment_status":"closed","ping_status":"closed","sticky":false,"template":"","format":"standard","meta":{"ngg_post_thumbnail":0,"footnotes":""},"categories":[17],"tags":[],"class_list":["post-2188","post","type-post","status-publish","format-standard","has-post-thumbnail","hentry","category-grupy-srednio-zaawansowane"],"yoast_head":"<!-- This site is optimized with the Yoast SEO plugin v25.8 - https:\/\/yoast.com\/wordpress\/plugins\/seo\/ -->\n<title>Lampiony z GLINY - HOME<\/title>\n<meta name=\"robots\" content=\"index, follow, max-snippet:-1, max-image-preview:large, max-video-preview:-1\" \/>\n<link rel=\"canonical\" href=\"https:\/\/www.kolkoarchitektoniczne.pl\/index.php\/2023\/04\/06\/lampiony-z-gliny\/\" \/>\n<meta property=\"og:locale\" content=\"pl_PL\" \/>\n<meta property=\"og:type\" content=\"article\" \/>\n<meta property=\"og:title\" content=\"Lampiony z GLINY - HOME\" \/>\n<meta property=\"og:description\" content=\"Podj\u0119li\u015bmy si\u0119 bardzo trudnego wyzwania. Projekt to w\u0142asnor\u0119cznie wykonany lampion z gliny. To bardzo wymagaj\u0105cy materia\u0142, a celem by\u0142a trudna konstrukcja. Do tematu mo\u017cna by\u0142o podej\u015b\u0107 w r\u00f3\u017cny spos\u00f3b i tak si\u0119 sta\u0142o. Prace przybra\u0142y r\u00f3\u017cny kszta\u0142t, ale to nie koniec. Po wypaleniu w specjalnym piecu do ceramiki, pracom nale\u017ca\u0142o nada\u0107 indywidualnego charakteru. Osi\u0105gn\u0119li\u015bmy to... Czytaj dalej\" \/>\n<meta property=\"og:url\" content=\"https:\/\/www.kolkoarchitektoniczne.pl\/index.php\/2023\/04\/06\/lampiony-z-gliny\/\" \/>\n<meta property=\"og:site_name\" content=\"HOME\" \/>\n<meta property=\"article:published_time\" content=\"2023-04-06T20:01:34+00:00\" \/>\n<meta property=\"article:modified_time\" content=\"2024-09-02T18:55:38+00:00\" \/>\n<meta property=\"og:image\" content=\"https:\/\/www.kolkoarchitektoniczne.pl\/wp-content\/uploads\/2023\/04\/tytul.jpg\" \/>\n\t<meta property=\"og:image:width\" content=\"210\" \/>\n\t<meta property=\"og:image:height\" content=\"282\" \/>\n\t<meta property=\"og:image:type\" content=\"image\/jpeg\" \/>\n<meta name=\"author\" content=\"Aga\" \/>\n<meta name=\"twitter:card\" content=\"summary_large_image\" \/>\n<meta name=\"twitter:label1\" content=\"Napisane przez\" \/>\n\t<meta name=\"twitter:data1\" content=\"Aga\" \/>\n\t<meta name=\"twitter:label2\" content=\"Szacowany czas czytania\" \/>\n\t<meta name=\"twitter:data2\" content=\"2 minuty\" \/>\n<script type=\"application\/ld+json\" class=\"yoast-schema-graph\">{\"@context\":\"https:\/\/schema.org\",\"@graph\":[{\"@type\":\"WebPage\",\"@id\":\"https:\/\/www.kolkoarchitektoniczne.pl\/index.php\/2023\/04\/06\/lampiony-z-gliny\/\",\"url\":\"https:\/\/www.kolkoarchitektoniczne.pl\/index.php\/2023\/04\/06\/lampiony-z-gliny\/\",\"name\":\"Lampiony z GLINY - HOME\",\"isPartOf\":{\"@id\":\"https:\/\/www.kolkoarchitektoniczne.pl\/#website\"},\"primaryImageOfPage\":{\"@id\":\"https:\/\/www.kolkoarchitektoniczne.pl\/index.php\/2023\/04\/06\/lampiony-z-gliny\/#primaryimage\"},\"image\":{\"@id\":\"https:\/\/www.kolkoarchitektoniczne.pl\/index.php\/2023\/04\/06\/lampiony-z-gliny\/#primaryimage\"},\"thumbnailUrl\":\"https:\/\/www.kolkoarchitektoniczne.pl\/wp-content\/uploads\/2023\/04\/tytul.jpg\",\"datePublished\":\"2023-04-06T20:01:34+00:00\",\"dateModified\":\"2024-09-02T18:55:38+00:00\",\"author\":{\"@id\":\"https:\/\/www.kolkoarchitektoniczne.pl\/#\/schema\/person\/cfdecad4266647bd853805d1e151f6a6\"},\"breadcrumb\":{\"@id\":\"https:\/\/www.kolkoarchitektoniczne.pl\/index.php\/2023\/04\/06\/lampiony-z-gliny\/#breadcrumb\"},\"inLanguage\":\"pl-PL\",\"potentialAction\":[{\"@type\":\"ReadAction\",\"target\":[\"https:\/\/www.kolkoarchitektoniczne.pl\/index.php\/2023\/04\/06\/lampiony-z-gliny\/\"]}]},{\"@type\":\"ImageObject\",\"inLanguage\":\"pl-PL\",\"@id\":\"https:\/\/www.kolkoarchitektoniczne.pl\/index.php\/2023\/04\/06\/lampiony-z-gliny\/#primaryimage\",\"url\":\"https:\/\/www.kolkoarchitektoniczne.pl\/wp-content\/uploads\/2023\/04\/tytul.jpg\",\"contentUrl\":\"https:\/\/www.kolkoarchitektoniczne.pl\/wp-content\/uploads\/2023\/04\/tytul.jpg\",\"width\":210,\"height\":282},{\"@type\":\"BreadcrumbList\",\"@id\":\"https:\/\/www.kolkoarchitektoniczne.pl\/index.php\/2023\/04\/06\/lampiony-z-gliny\/#breadcrumb\",\"itemListElement\":[{\"@type\":\"ListItem\",\"position\":1,\"name\":\"Strona g\u0142\u00f3wna\",\"item\":\"https:\/\/www.kolkoarchitektoniczne.pl\/\"},{\"@type\":\"ListItem\",\"position\":2,\"name\":\"Lampiony z GLINY\"}]},{\"@type\":\"WebSite\",\"@id\":\"https:\/\/www.kolkoarchitektoniczne.pl\/#website\",\"url\":\"https:\/\/www.kolkoarchitektoniczne.pl\/\",\"name\":\"HOME\",\"description\":\"K&oacute;\u0142ko Architektoniczne\",\"potentialAction\":[{\"@type\":\"SearchAction\",\"target\":{\"@type\":\"EntryPoint\",\"urlTemplate\":\"https:\/\/www.kolkoarchitektoniczne.pl\/?s={search_term_string}\"},\"query-input\":{\"@type\":\"PropertyValueSpecification\",\"valueRequired\":true,\"valueName\":\"search_term_string\"}}],\"inLanguage\":\"pl-PL\"},{\"@type\":\"Person\",\"@id\":\"https:\/\/www.kolkoarchitektoniczne.pl\/#\/schema\/person\/cfdecad4266647bd853805d1e151f6a6\",\"name\":\"Aga\",\"image\":{\"@type\":\"ImageObject\",\"inLanguage\":\"pl-PL\",\"@id\":\"https:\/\/www.kolkoarchitektoniczne.pl\/#\/schema\/person\/image\/\",\"url\":\"https:\/\/secure.gravatar.com\/avatar\/4c42aced5221f2be65f5549d874e056a88cad964475bce51c9d9f738103f65e0?s=96&d=mm&r=g\",\"contentUrl\":\"https:\/\/secure.gravatar.com\/avatar\/4c42aced5221f2be65f5549d874e056a88cad964475bce51c9d9f738103f65e0?s=96&d=mm&r=g\",\"caption\":\"Aga\"},\"url\":\"https:\/\/www.kolkoarchitektoniczne.pl\/index.php\/author\/aga\/\"}]}<\/script>\n<!-- \/ Yoast SEO plugin. -->","yoast_head_json":{"title":"Lampiony z GLINY - HOME","robots":{"index":"index","follow":"follow","max-snippet":"max-snippet:-1","max-image-preview":"max-image-preview:large","max-video-preview":"max-video-preview:-1"},"canonical":"https:\/\/www.kolkoarchitektoniczne.pl\/index.php\/2023\/04\/06\/lampiony-z-gliny\/","og_locale":"pl_PL","og_type":"article","og_title":"Lampiony z GLINY - HOME","og_description":"Podj\u0119li\u015bmy si\u0119 bardzo trudnego wyzwania. Projekt to w\u0142asnor\u0119cznie wykonany lampion z gliny. To bardzo wymagaj\u0105cy materia\u0142, a celem by\u0142a trudna konstrukcja. Do tematu mo\u017cna by\u0142o podej\u015b\u0107 w r\u00f3\u017cny spos\u00f3b i tak si\u0119 sta\u0142o. Prace przybra\u0142y r\u00f3\u017cny kszta\u0142t, ale to nie koniec. Po wypaleniu w specjalnym piecu do ceramiki, pracom nale\u017ca\u0142o nada\u0107 indywidualnego charakteru. Osi\u0105gn\u0119li\u015bmy to... Czytaj dalej","og_url":"https:\/\/www.kolkoarchitektoniczne.pl\/index.php\/2023\/04\/06\/lampiony-z-gliny\/","og_site_name":"HOME","article_published_time":"2023-04-06T20:01:34+00:00","article_modified_time":"2024-09-02T18:55:38+00:00","og_image":[{"width":210,"height":282,"url":"https:\/\/www.kolkoarchitektoniczne.pl\/wp-content\/uploads\/2023\/04\/tytul.jpg","type":"image\/jpeg"}],"author":"Aga","twitter_card":"summary_large_image","twitter_misc":{"Napisane przez":"Aga","Szacowany czas czytania":"2 minuty"},"schema":{"@context":"https:\/\/schema.org","@graph":[{"@type":"WebPage","@id":"https:\/\/www.kolkoarchitektoniczne.pl\/index.php\/2023\/04\/06\/lampiony-z-gliny\/","url":"https:\/\/www.kolkoarchitektoniczne.pl\/index.php\/2023\/04\/06\/lampiony-z-gliny\/","name":"Lampiony z GLINY - HOME","isPartOf":{"@id":"https:\/\/www.kolkoarchitektoniczne.pl\/#website"},"primaryImageOfPage":{"@id":"https:\/\/www.kolkoarchitektoniczne.pl\/index.php\/2023\/04\/06\/lampiony-z-gliny\/#primaryimage"},"image":{"@id":"https:\/\/www.kolkoarchitektoniczne.pl\/index.php\/2023\/04\/06\/lampiony-z-gliny\/#primaryimage"},"thumbnailUrl":"https:\/\/www.kolkoarchitektoniczne.pl\/wp-content\/uploads\/2023\/04\/tytul.jpg","datePublished":"2023-04-06T20:01:34+00:00","dateModified":"2024-09-02T18:55:38+00:00","author":{"@id":"https:\/\/www.kolkoarchitektoniczne.pl\/#\/schema\/person\/cfdecad4266647bd853805d1e151f6a6"},"breadcrumb":{"@id":"https:\/\/www.kolkoarchitektoniczne.pl\/index.php\/2023\/04\/06\/lampiony-z-gliny\/#breadcrumb"},"inLanguage":"pl-PL","potentialAction":[{"@type":"ReadAction","target":["https:\/\/www.kolkoarchitektoniczne.pl\/index.php\/2023\/04\/06\/lampiony-z-gliny\/"]}]},{"@type":"ImageObject","inLanguage":"pl-PL","@id":"https:\/\/www.kolkoarchitektoniczne.pl\/index.php\/2023\/04\/06\/lampiony-z-gliny\/#primaryimage","url":"https:\/\/www.kolkoarchitektoniczne.pl\/wp-content\/uploads\/2023\/04\/tytul.jpg","contentUrl":"https:\/\/www.kolkoarchitektoniczne.pl\/wp-content\/uploads\/2023\/04\/tytul.jpg","width":210,"height":282},{"@type":"BreadcrumbList","@id":"https:\/\/www.kolkoarchitektoniczne.pl\/index.php\/2023\/04\/06\/lampiony-z-gliny\/#breadcrumb","itemListElement":[{"@type":"ListItem","position":1,"name":"Strona g\u0142\u00f3wna","item":"https:\/\/www.kolkoarchitektoniczne.pl\/"},{"@type":"ListItem","position":2,"name":"Lampiony z GLINY"}]},{"@type":"WebSite","@id":"https:\/\/www.kolkoarchitektoniczne.pl\/#website","url":"https:\/\/www.kolkoarchitektoniczne.pl\/","name":"HOME","description":"K&oacute;\u0142ko Architektoniczne","potentialAction":[{"@type":"SearchAction","target":{"@type":"EntryPoint","urlTemplate":"https:\/\/www.kolkoarchitektoniczne.pl\/?s={search_term_string}"},"query-input":{"@type":"PropertyValueSpecification","valueRequired":true,"valueName":"search_term_string"}}],"inLanguage":"pl-PL"},{"@type":"Person","@id":"https:\/\/www.kolkoarchitektoniczne.pl\/#\/schema\/person\/cfdecad4266647bd853805d1e151f6a6","name":"Aga","image":{"@type":"ImageObject","inLanguage":"pl-PL","@id":"https:\/\/www.kolkoarchitektoniczne.pl\/#\/schema\/person\/image\/","url":"https:\/\/secure.gravatar.com\/avatar\/4c42aced5221f2be65f5549d874e056a88cad964475bce51c9d9f738103f65e0?s=96&d=mm&r=g","contentUrl":"https:\/\/secure.gravatar.com\/avatar\/4c42aced5221f2be65f5549d874e056a88cad964475bce51c9d9f738103f65e0?s=96&d=mm&r=g","caption":"Aga"},"url":"https:\/\/www.kolkoarchitektoniczne.pl\/index.php\/author\/aga\/"}]}},"_links":{"self":[{"href":"https:\/\/www.kolkoarchitektoniczne.pl\/index.php\/wp-json\/wp\/v2\/posts\/2188","targetHints":{"allow":["GET"]}}],"collection":[{"href":"https:\/\/www.kolkoarchitektoniczne.pl\/index.php\/wp-json\/wp\/v2\/posts"}],"about":[{"href":"https:\/\/www.kolkoarchitektoniczne.pl\/index.php\/wp-json\/wp\/v2\/types\/post"}],"author":[{"embeddable":true,"href":"https:\/\/www.kolkoarchitektoniczne.pl\/index.php\/wp-json\/wp\/v2\/users\/4"}],"replies":[{"embeddable":true,"href":"https:\/\/www.kolkoarchitektoniczne.pl\/index.php\/wp-json\/wp\/v2\/comments?post=2188"}],"version-history":[{"count":3,"href":"https:\/\/www.kolkoarchitektoniczne.pl\/index.php\/wp-json\/wp\/v2\/posts\/2188\/revisions"}],"predecessor-version":[{"id":2191,"href":"https:\/\/www.kolkoarchitektoniczne.pl\/index.php\/wp-json\/wp\/v2\/posts\/2188\/revisions\/2191"}],"wp:featuredmedia":[{"embeddable":true,"href":"https:\/\/www.kolkoarchitektoniczne.pl\/index.php\/wp-json\/wp\/v2\/media\/2187"}],"wp:attachment":[{"href":"https:\/\/www.kolkoarchitektoniczne.pl\/index.php\/wp-json\/wp\/v2\/media?parent=2188"}],"wp:term":[{"taxonomy":"category","embeddable":true,"href":"https:\/\/www.kolkoarchitektoniczne.pl\/index.php\/wp-json\/wp\/v2\/categories?post=2188"},{"taxonomy":"post_tag","embeddable":true,"href":"https:\/\/www.kolkoarchitektoniczne.pl\/index.php\/wp-json\/wp\/v2\/tags?post=2188"}],"curies":[{"name":"wp","href":"https:\/\/api.w.org\/{rel}","templated":true}]}}