{"id":2079,"date":"2023-02-23T19:43:06","date_gmt":"2023-02-23T17:43:06","guid":{"rendered":"https:\/\/www.kolkoarchitektoniczne.pl\/?p=2079"},"modified":"2023-02-23T19:43:07","modified_gmt":"2023-02-23T17:43:07","slug":"domki-norki","status":"publish","type":"post","link":"https:\/\/www.kolkoarchitektoniczne.pl\/index.php\/2023\/02\/23\/domki-norki\/","title":{"rendered":"DOMKI norki"},"content":{"rendered":"\n<p>Naszym kolejnym projektem by\u0142y bardzo nietypowe domki. Cz\u0119\u015bciowo niewidoczne, przysypane ziemi\u0105. Z ca\u0142\u0105 pewno\u015bci\u0105 mo\u017cna stwierdzi\u0107, \u017ce s\u0105 ekologiczne.<\/p>\n\n\n\n<p><\/p>\n\n\n\n<p>Nasi przyszli m\u0142odzi architekci zaprojektowali a nast\u0119pnie wykonali makiety swoich projekt\u00f3w. Praca by\u0142a bardzo wieloetapowa, pracoch\u0142onna i jak wida\u0107 na poni\u017cszych zdj\u0119ciach precyzyjna.<\/p>\n\n\n\n<p><\/p>\n\n\n\n<figure class=\"wp-block-image size-full\"><img loading=\"lazy\" decoding=\"async\" width=\"1000\" height=\"625\" src=\"https:\/\/www.kolkoarchitektoniczne.pl\/wp-content\/uploads\/2023\/02\/Maks.jpg\" alt=\"\" class=\"wp-image-2065\" srcset=\"https:\/\/www.kolkoarchitektoniczne.pl\/wp-content\/uploads\/2023\/02\/Maks.jpg 1000w, https:\/\/www.kolkoarchitektoniczne.pl\/wp-content\/uploads\/2023\/02\/Maks-300x188.jpg 300w, https:\/\/www.kolkoarchitektoniczne.pl\/wp-content\/uploads\/2023\/02\/Maks-768x480.jpg 768w, https:\/\/www.kolkoarchitektoniczne.pl\/wp-content\/uploads\/2023\/02\/Maks-24x15.jpg 24w, https:\/\/www.kolkoarchitektoniczne.pl\/wp-content\/uploads\/2023\/02\/Maks-36x23.jpg 36w, https:\/\/www.kolkoarchitektoniczne.pl\/wp-content\/uploads\/2023\/02\/Maks-48x30.jpg 48w\" sizes=\"auto, (max-width: 1000px) 100vw, 1000px\" \/><\/figure>\n\n\n\n<p><\/p>\n\n\n\n<figure class=\"wp-block-image size-full\"><img loading=\"lazy\" decoding=\"async\" width=\"1000\" height=\"750\" src=\"https:\/\/www.kolkoarchitektoniczne.pl\/wp-content\/uploads\/2023\/02\/Ela.jpg\" alt=\"\" class=\"wp-image-2059\" srcset=\"https:\/\/www.kolkoarchitektoniczne.pl\/wp-content\/uploads\/2023\/02\/Ela.jpg 1000w, https:\/\/www.kolkoarchitektoniczne.pl\/wp-content\/uploads\/2023\/02\/Ela-300x225.jpg 300w, https:\/\/www.kolkoarchitektoniczne.pl\/wp-content\/uploads\/2023\/02\/Ela-768x576.jpg 768w, https:\/\/www.kolkoarchitektoniczne.pl\/wp-content\/uploads\/2023\/02\/Ela-24x18.jpg 24w, https:\/\/www.kolkoarchitektoniczne.pl\/wp-content\/uploads\/2023\/02\/Ela-36x27.jpg 36w, https:\/\/www.kolkoarchitektoniczne.pl\/wp-content\/uploads\/2023\/02\/Ela-48x36.jpg 48w\" sizes=\"auto, (max-width: 1000px) 100vw, 1000px\" \/><\/figure>\n\n\n\n<p><\/p>\n\n\n\n<figure class=\"wp-block-image size-full\"><img loading=\"lazy\" decoding=\"async\" width=\"1000\" height=\"563\" src=\"https:\/\/www.kolkoarchitektoniczne.pl\/wp-content\/uploads\/2023\/02\/Alina.jpg\" alt=\"\" class=\"wp-image-2054\" srcset=\"https:\/\/www.kolkoarchitektoniczne.pl\/wp-content\/uploads\/2023\/02\/Alina.jpg 1000w, https:\/\/www.kolkoarchitektoniczne.pl\/wp-content\/uploads\/2023\/02\/Alina-300x169.jpg 300w, https:\/\/www.kolkoarchitektoniczne.pl\/wp-content\/uploads\/2023\/02\/Alina-768x432.jpg 768w, https:\/\/www.kolkoarchitektoniczne.pl\/wp-content\/uploads\/2023\/02\/Alina-24x14.jpg 24w, https:\/\/www.kolkoarchitektoniczne.pl\/wp-content\/uploads\/2023\/02\/Alina-36x20.jpg 36w, https:\/\/www.kolkoarchitektoniczne.pl\/wp-content\/uploads\/2023\/02\/Alina-48x27.jpg 48w\" sizes=\"auto, (max-width: 1000px) 100vw, 1000px\" \/><\/figure>\n\n\n\n<p><\/p>\n\n\n\n<figure class=\"wp-block-image size-full\"><img loading=\"lazy\" decoding=\"async\" width=\"1000\" height=\"600\" src=\"https:\/\/www.kolkoarchitektoniczne.pl\/wp-content\/uploads\/2023\/02\/Rys-\u2014-kopia.jpg\" alt=\"\" class=\"wp-image-2077\" srcset=\"https:\/\/www.kolkoarchitektoniczne.pl\/wp-content\/uploads\/2023\/02\/Rys-\u2014-kopia.jpg 1000w, https:\/\/www.kolkoarchitektoniczne.pl\/wp-content\/uploads\/2023\/02\/Rys-\u2014-kopia-300x180.jpg 300w, https:\/\/www.kolkoarchitektoniczne.pl\/wp-content\/uploads\/2023\/02\/Rys-\u2014-kopia-768x461.jpg 768w, https:\/\/www.kolkoarchitektoniczne.pl\/wp-content\/uploads\/2023\/02\/Rys-\u2014-kopia-24x14.jpg 24w, https:\/\/www.kolkoarchitektoniczne.pl\/wp-content\/uploads\/2023\/02\/Rys-\u2014-kopia-36x22.jpg 36w, https:\/\/www.kolkoarchitektoniczne.pl\/wp-content\/uploads\/2023\/02\/Rys-\u2014-kopia-48x29.jpg 48w\" sizes=\"auto, (max-width: 1000px) 100vw, 1000px\" \/><\/figure>\n\n\n\n<p><\/p>\n\n\n\n<figure class=\"wp-block-image size-full\"><img loading=\"lazy\" decoding=\"async\" width=\"1000\" height=\"563\" src=\"https:\/\/www.kolkoarchitektoniczne.pl\/wp-content\/uploads\/2023\/02\/Zosia-D.jpg\" alt=\"\" class=\"wp-image-2074\" srcset=\"https:\/\/www.kolkoarchitektoniczne.pl\/wp-content\/uploads\/2023\/02\/Zosia-D.jpg 1000w, https:\/\/www.kolkoarchitektoniczne.pl\/wp-content\/uploads\/2023\/02\/Zosia-D-300x169.jpg 300w, https:\/\/www.kolkoarchitektoniczne.pl\/wp-content\/uploads\/2023\/02\/Zosia-D-768x432.jpg 768w, https:\/\/www.kolkoarchitektoniczne.pl\/wp-content\/uploads\/2023\/02\/Zosia-D-24x14.jpg 24w, https:\/\/www.kolkoarchitektoniczne.pl\/wp-content\/uploads\/2023\/02\/Zosia-D-36x20.jpg 36w, https:\/\/www.kolkoarchitektoniczne.pl\/wp-content\/uploads\/2023\/02\/Zosia-D-48x27.jpg 48w\" sizes=\"auto, (max-width: 1000px) 100vw, 1000px\" \/><\/figure>\n\n\n\n<p><\/p>\n\n\n\n<figure class=\"wp-block-image size-full\"><img loading=\"lazy\" decoding=\"async\" width=\"1000\" height=\"563\" src=\"https:\/\/www.kolkoarchitektoniczne.pl\/wp-content\/uploads\/2023\/02\/Celina.jpg\" alt=\"\" class=\"wp-image-2056\" srcset=\"https:\/\/www.kolkoarchitektoniczne.pl\/wp-content\/uploads\/2023\/02\/Celina.jpg 1000w, https:\/\/www.kolkoarchitektoniczne.pl\/wp-content\/uploads\/2023\/02\/Celina-300x169.jpg 300w, https:\/\/www.kolkoarchitektoniczne.pl\/wp-content\/uploads\/2023\/02\/Celina-768x432.jpg 768w, https:\/\/www.kolkoarchitektoniczne.pl\/wp-content\/uploads\/2023\/02\/Celina-24x14.jpg 24w, https:\/\/www.kolkoarchitektoniczne.pl\/wp-content\/uploads\/2023\/02\/Celina-36x20.jpg 36w, https:\/\/www.kolkoarchitektoniczne.pl\/wp-content\/uploads\/2023\/02\/Celina-48x27.jpg 48w\" sizes=\"auto, (max-width: 1000px) 100vw, 1000px\" \/><\/figure>\n\n\n\n<p><\/p>\n\n\n\n<figure class=\"wp-block-image size-full\"><img loading=\"lazy\" decoding=\"async\" width=\"1000\" height=\"563\" src=\"https:\/\/www.kolkoarchitektoniczne.pl\/wp-content\/uploads\/2023\/02\/brat-Igi.jpg\" alt=\"\" class=\"wp-image-2055\" srcset=\"https:\/\/www.kolkoarchitektoniczne.pl\/wp-content\/uploads\/2023\/02\/brat-Igi.jpg 1000w, https:\/\/www.kolkoarchitektoniczne.pl\/wp-content\/uploads\/2023\/02\/brat-Igi-300x169.jpg 300w, https:\/\/www.kolkoarchitektoniczne.pl\/wp-content\/uploads\/2023\/02\/brat-Igi-768x432.jpg 768w, https:\/\/www.kolkoarchitektoniczne.pl\/wp-content\/uploads\/2023\/02\/brat-Igi-24x14.jpg 24w, https:\/\/www.kolkoarchitektoniczne.pl\/wp-content\/uploads\/2023\/02\/brat-Igi-36x20.jpg 36w, https:\/\/www.kolkoarchitektoniczne.pl\/wp-content\/uploads\/2023\/02\/brat-Igi-48x27.jpg 48w\" sizes=\"auto, (max-width: 1000px) 100vw, 1000px\" \/><\/figure>\n\n\n\n<p><\/p>\n\n\n\n<figure class=\"wp-block-image size-full\"><img loading=\"lazy\" decoding=\"async\" width=\"1000\" height=\"563\" src=\"https:\/\/www.kolkoarchitektoniczne.pl\/wp-content\/uploads\/2023\/02\/Iga.jpg\" alt=\"\" class=\"wp-image-2060\" srcset=\"https:\/\/www.kolkoarchitektoniczne.pl\/wp-content\/uploads\/2023\/02\/Iga.jpg 1000w, https:\/\/www.kolkoarchitektoniczne.pl\/wp-content\/uploads\/2023\/02\/Iga-300x169.jpg 300w, https:\/\/www.kolkoarchitektoniczne.pl\/wp-content\/uploads\/2023\/02\/Iga-768x432.jpg 768w, https:\/\/www.kolkoarchitektoniczne.pl\/wp-content\/uploads\/2023\/02\/Iga-24x14.jpg 24w, https:\/\/www.kolkoarchitektoniczne.pl\/wp-content\/uploads\/2023\/02\/Iga-36x20.jpg 36w, https:\/\/www.kolkoarchitektoniczne.pl\/wp-content\/uploads\/2023\/02\/Iga-48x27.jpg 48w\" sizes=\"auto, (max-width: 1000px) 100vw, 1000px\" \/><\/figure>\n\n\n\n<p><\/p>\n\n\n\n<figure class=\"wp-block-image size-full\"><img loading=\"lazy\" decoding=\"async\" width=\"1000\" height=\"600\" src=\"https:\/\/www.kolkoarchitektoniczne.pl\/wp-content\/uploads\/2023\/02\/Dorotka.jpg\" alt=\"\" class=\"wp-image-2058\" srcset=\"https:\/\/www.kolkoarchitektoniczne.pl\/wp-content\/uploads\/2023\/02\/Dorotka.jpg 1000w, https:\/\/www.kolkoarchitektoniczne.pl\/wp-content\/uploads\/2023\/02\/Dorotka-300x180.jpg 300w, https:\/\/www.kolkoarchitektoniczne.pl\/wp-content\/uploads\/2023\/02\/Dorotka-768x461.jpg 768w, https:\/\/www.kolkoarchitektoniczne.pl\/wp-content\/uploads\/2023\/02\/Dorotka-24x14.jpg 24w, https:\/\/www.kolkoarchitektoniczne.pl\/wp-content\/uploads\/2023\/02\/Dorotka-36x22.jpg 36w, https:\/\/www.kolkoarchitektoniczne.pl\/wp-content\/uploads\/2023\/02\/Dorotka-48x29.jpg 48w\" sizes=\"auto, (max-width: 1000px) 100vw, 1000px\" \/><\/figure>\n\n\n\n<p><\/p>\n\n\n\n<figure class=\"wp-block-image size-full\"><img loading=\"lazy\" decoding=\"async\" width=\"1000\" height=\"625\" src=\"https:\/\/www.kolkoarchitektoniczne.pl\/wp-content\/uploads\/2023\/02\/Czeslaw.jpg\" alt=\"\" class=\"wp-image-2057\" srcset=\"https:\/\/www.kolkoarchitektoniczne.pl\/wp-content\/uploads\/2023\/02\/Czeslaw.jpg 1000w, https:\/\/www.kolkoarchitektoniczne.pl\/wp-content\/uploads\/2023\/02\/Czeslaw-300x188.jpg 300w, https:\/\/www.kolkoarchitektoniczne.pl\/wp-content\/uploads\/2023\/02\/Czeslaw-768x480.jpg 768w, https:\/\/www.kolkoarchitektoniczne.pl\/wp-content\/uploads\/2023\/02\/Czeslaw-24x15.jpg 24w, https:\/\/www.kolkoarchitektoniczne.pl\/wp-content\/uploads\/2023\/02\/Czeslaw-36x23.jpg 36w, https:\/\/www.kolkoarchitektoniczne.pl\/wp-content\/uploads\/2023\/02\/Czeslaw-48x30.jpg 48w\" sizes=\"auto, (max-width: 1000px) 100vw, 1000px\" \/><\/figure>\n\n\n\n<p><\/p>\n\n\n\n<figure class=\"wp-block-image size-full\"><img loading=\"lazy\" decoding=\"async\" width=\"1000\" height=\"707\" src=\"https:\/\/www.kolkoarchitektoniczne.pl\/wp-content\/uploads\/2023\/02\/Katia.jpg\" alt=\"\" class=\"wp-image-2063\" srcset=\"https:\/\/www.kolkoarchitektoniczne.pl\/wp-content\/uploads\/2023\/02\/Katia.jpg 1000w, https:\/\/www.kolkoarchitektoniczne.pl\/wp-content\/uploads\/2023\/02\/Katia-300x212.jpg 300w, https:\/\/www.kolkoarchitektoniczne.pl\/wp-content\/uploads\/2023\/02\/Katia-768x543.jpg 768w, https:\/\/www.kolkoarchitektoniczne.pl\/wp-content\/uploads\/2023\/02\/Katia-24x17.jpg 24w, https:\/\/www.kolkoarchitektoniczne.pl\/wp-content\/uploads\/2023\/02\/Katia-36x25.jpg 36w, https:\/\/www.kolkoarchitektoniczne.pl\/wp-content\/uploads\/2023\/02\/Katia-48x34.jpg 48w\" sizes=\"auto, (max-width: 1000px) 100vw, 1000px\" \/><\/figure>\n\n\n\n<p><\/p>\n\n\n\n<figure class=\"wp-block-image size-full\"><img loading=\"lazy\" decoding=\"async\" width=\"1000\" height=\"563\" src=\"https:\/\/www.kolkoarchitektoniczne.pl\/wp-content\/uploads\/2023\/02\/Mela.jpg\" alt=\"\" class=\"wp-image-2066\" srcset=\"https:\/\/www.kolkoarchitektoniczne.pl\/wp-content\/uploads\/2023\/02\/Mela.jpg 1000w, https:\/\/www.kolkoarchitektoniczne.pl\/wp-content\/uploads\/2023\/02\/Mela-300x169.jpg 300w, https:\/\/www.kolkoarchitektoniczne.pl\/wp-content\/uploads\/2023\/02\/Mela-768x432.jpg 768w, https:\/\/www.kolkoarchitektoniczne.pl\/wp-content\/uploads\/2023\/02\/Mela-24x14.jpg 24w, https:\/\/www.kolkoarchitektoniczne.pl\/wp-content\/uploads\/2023\/02\/Mela-36x20.jpg 36w, https:\/\/www.kolkoarchitektoniczne.pl\/wp-content\/uploads\/2023\/02\/Mela-48x27.jpg 48w\" sizes=\"auto, (max-width: 1000px) 100vw, 1000px\" \/><\/figure>\n\n\n\n<p><\/p>\n\n\n\n<figure class=\"wp-block-image size-full\"><img loading=\"lazy\" decoding=\"async\" width=\"1000\" height=\"563\" src=\"https:\/\/www.kolkoarchitektoniczne.pl\/wp-content\/uploads\/2023\/02\/Mieszko.jpg\" alt=\"\" class=\"wp-image-2067\" srcset=\"https:\/\/www.kolkoarchitektoniczne.pl\/wp-content\/uploads\/2023\/02\/Mieszko.jpg 1000w, https:\/\/www.kolkoarchitektoniczne.pl\/wp-content\/uploads\/2023\/02\/Mieszko-300x169.jpg 300w, https:\/\/www.kolkoarchitektoniczne.pl\/wp-content\/uploads\/2023\/02\/Mieszko-768x432.jpg 768w, https:\/\/www.kolkoarchitektoniczne.pl\/wp-content\/uploads\/2023\/02\/Mieszko-24x14.jpg 24w, https:\/\/www.kolkoarchitektoniczne.pl\/wp-content\/uploads\/2023\/02\/Mieszko-36x20.jpg 36w, https:\/\/www.kolkoarchitektoniczne.pl\/wp-content\/uploads\/2023\/02\/Mieszko-48x27.jpg 48w\" sizes=\"auto, (max-width: 1000px) 100vw, 1000px\" \/><\/figure>\n\n\n\n<p><\/p>\n\n\n\n<figure class=\"wp-block-image size-full\"><img loading=\"lazy\" decoding=\"async\" width=\"1000\" height=\"563\" src=\"https:\/\/www.kolkoarchitektoniczne.pl\/wp-content\/uploads\/2023\/02\/Misia.jpg\" alt=\"\" class=\"wp-image-2068\" srcset=\"https:\/\/www.kolkoarchitektoniczne.pl\/wp-content\/uploads\/2023\/02\/Misia.jpg 1000w, https:\/\/www.kolkoarchitektoniczne.pl\/wp-content\/uploads\/2023\/02\/Misia-300x169.jpg 300w, https:\/\/www.kolkoarchitektoniczne.pl\/wp-content\/uploads\/2023\/02\/Misia-768x432.jpg 768w, https:\/\/www.kolkoarchitektoniczne.pl\/wp-content\/uploads\/2023\/02\/Misia-24x14.jpg 24w, https:\/\/www.kolkoarchitektoniczne.pl\/wp-content\/uploads\/2023\/02\/Misia-36x20.jpg 36w, https:\/\/www.kolkoarchitektoniczne.pl\/wp-content\/uploads\/2023\/02\/Misia-48x27.jpg 48w\" sizes=\"auto, (max-width: 1000px) 100vw, 1000px\" \/><\/figure>\n\n\n\n<p><\/p>\n\n\n\n<figure class=\"wp-block-image size-full\"><img loading=\"lazy\" decoding=\"async\" width=\"1000\" height=\"600\" src=\"https:\/\/www.kolkoarchitektoniczne.pl\/wp-content\/uploads\/2023\/02\/Rutka.jpg\" alt=\"\" class=\"wp-image-2071\" srcset=\"https:\/\/www.kolkoarchitektoniczne.pl\/wp-content\/uploads\/2023\/02\/Rutka.jpg 1000w, https:\/\/www.kolkoarchitektoniczne.pl\/wp-content\/uploads\/2023\/02\/Rutka-300x180.jpg 300w, https:\/\/www.kolkoarchitektoniczne.pl\/wp-content\/uploads\/2023\/02\/Rutka-768x461.jpg 768w, https:\/\/www.kolkoarchitektoniczne.pl\/wp-content\/uploads\/2023\/02\/Rutka-24x14.jpg 24w, https:\/\/www.kolkoarchitektoniczne.pl\/wp-content\/uploads\/2023\/02\/Rutka-36x22.jpg 36w, https:\/\/www.kolkoarchitektoniczne.pl\/wp-content\/uploads\/2023\/02\/Rutka-48x29.jpg 48w\" sizes=\"auto, (max-width: 1000px) 100vw, 1000px\" \/><\/figure>\n\n\n\n<p><\/p>\n\n\n\n<figure class=\"wp-block-image size-full\"><img loading=\"lazy\" decoding=\"async\" width=\"1000\" height=\"563\" src=\"https:\/\/www.kolkoarchitektoniczne.pl\/wp-content\/uploads\/2023\/02\/Karol.jpg\" alt=\"\" class=\"wp-image-2062\" srcset=\"https:\/\/www.kolkoarchitektoniczne.pl\/wp-content\/uploads\/2023\/02\/Karol.jpg 1000w, https:\/\/www.kolkoarchitektoniczne.pl\/wp-content\/uploads\/2023\/02\/Karol-300x169.jpg 300w, https:\/\/www.kolkoarchitektoniczne.pl\/wp-content\/uploads\/2023\/02\/Karol-768x432.jpg 768w, https:\/\/www.kolkoarchitektoniczne.pl\/wp-content\/uploads\/2023\/02\/Karol-24x14.jpg 24w, https:\/\/www.kolkoarchitektoniczne.pl\/wp-content\/uploads\/2023\/02\/Karol-36x20.jpg 36w, https:\/\/www.kolkoarchitektoniczne.pl\/wp-content\/uploads\/2023\/02\/Karol-48x27.jpg 48w\" sizes=\"auto, (max-width: 1000px) 100vw, 1000px\" \/><\/figure>\n\n\n\n<p><\/p>\n\n\n\n<figure class=\"wp-block-image size-full\"><img loading=\"lazy\" decoding=\"async\" width=\"1000\" height=\"563\" src=\"https:\/\/www.kolkoarchitektoniczne.pl\/wp-content\/uploads\/2023\/02\/Kama.jpg\" alt=\"\" class=\"wp-image-2061\" srcset=\"https:\/\/www.kolkoarchitektoniczne.pl\/wp-content\/uploads\/2023\/02\/Kama.jpg 1000w, https:\/\/www.kolkoarchitektoniczne.pl\/wp-content\/uploads\/2023\/02\/Kama-300x169.jpg 300w, https:\/\/www.kolkoarchitektoniczne.pl\/wp-content\/uploads\/2023\/02\/Kama-768x432.jpg 768w, https:\/\/www.kolkoarchitektoniczne.pl\/wp-content\/uploads\/2023\/02\/Kama-24x14.jpg 24w, https:\/\/www.kolkoarchitektoniczne.pl\/wp-content\/uploads\/2023\/02\/Kama-36x20.jpg 36w, https:\/\/www.kolkoarchitektoniczne.pl\/wp-content\/uploads\/2023\/02\/Kama-48x27.jpg 48w\" sizes=\"auto, (max-width: 1000px) 100vw, 1000px\" \/><\/figure>\n\n\n\n<p><\/p>\n\n\n\n<figure class=\"wp-block-image size-full\"><img loading=\"lazy\" decoding=\"async\" width=\"1000\" height=\"600\" src=\"https:\/\/www.kolkoarchitektoniczne.pl\/wp-content\/uploads\/2023\/02\/Nel.jpg\" alt=\"\" class=\"wp-image-2069\" srcset=\"https:\/\/www.kolkoarchitektoniczne.pl\/wp-content\/uploads\/2023\/02\/Nel.jpg 1000w, https:\/\/www.kolkoarchitektoniczne.pl\/wp-content\/uploads\/2023\/02\/Nel-300x180.jpg 300w, https:\/\/www.kolkoarchitektoniczne.pl\/wp-content\/uploads\/2023\/02\/Nel-768x461.jpg 768w, https:\/\/www.kolkoarchitektoniczne.pl\/wp-content\/uploads\/2023\/02\/Nel-24x14.jpg 24w, https:\/\/www.kolkoarchitektoniczne.pl\/wp-content\/uploads\/2023\/02\/Nel-36x22.jpg 36w, https:\/\/www.kolkoarchitektoniczne.pl\/wp-content\/uploads\/2023\/02\/Nel-48x29.jpg 48w\" sizes=\"auto, (max-width: 1000px) 100vw, 1000px\" \/><\/figure>\n\n\n\n<p><\/p>\n\n\n\n<figure class=\"wp-block-image size-full\"><img loading=\"lazy\" decoding=\"async\" width=\"1000\" height=\"600\" src=\"https:\/\/www.kolkoarchitektoniczne.pl\/wp-content\/uploads\/2023\/02\/Taro.jpg\" alt=\"\" class=\"wp-image-2073\" srcset=\"https:\/\/www.kolkoarchitektoniczne.pl\/wp-content\/uploads\/2023\/02\/Taro.jpg 1000w, https:\/\/www.kolkoarchitektoniczne.pl\/wp-content\/uploads\/2023\/02\/Taro-300x180.jpg 300w, https:\/\/www.kolkoarchitektoniczne.pl\/wp-content\/uploads\/2023\/02\/Taro-768x461.jpg 768w, https:\/\/www.kolkoarchitektoniczne.pl\/wp-content\/uploads\/2023\/02\/Taro-24x14.jpg 24w, https:\/\/www.kolkoarchitektoniczne.pl\/wp-content\/uploads\/2023\/02\/Taro-36x22.jpg 36w, https:\/\/www.kolkoarchitektoniczne.pl\/wp-content\/uploads\/2023\/02\/Taro-48x29.jpg 48w\" sizes=\"auto, (max-width: 1000px) 100vw, 1000px\" \/><\/figure>\n\n\n\n<p><\/p>\n\n\n\n<figure class=\"wp-block-image size-full\"><img loading=\"lazy\" decoding=\"async\" width=\"1000\" height=\"600\" src=\"https:\/\/www.kolkoarchitektoniczne.pl\/wp-content\/uploads\/2023\/02\/Oliwka.jpg\" alt=\"\" class=\"wp-image-2070\" srcset=\"https:\/\/www.kolkoarchitektoniczne.pl\/wp-content\/uploads\/2023\/02\/Oliwka.jpg 1000w, https:\/\/www.kolkoarchitektoniczne.pl\/wp-content\/uploads\/2023\/02\/Oliwka-300x180.jpg 300w, https:\/\/www.kolkoarchitektoniczne.pl\/wp-content\/uploads\/2023\/02\/Oliwka-768x461.jpg 768w, https:\/\/www.kolkoarchitektoniczne.pl\/wp-content\/uploads\/2023\/02\/Oliwka-24x14.jpg 24w, https:\/\/www.kolkoarchitektoniczne.pl\/wp-content\/uploads\/2023\/02\/Oliwka-36x22.jpg 36w, https:\/\/www.kolkoarchitektoniczne.pl\/wp-content\/uploads\/2023\/02\/Oliwka-48x29.jpg 48w\" sizes=\"auto, (max-width: 1000px) 100vw, 1000px\" \/><\/figure>\n\n\n\n<p><\/p>\n\n\n\n<figure class=\"wp-block-image size-full\"><img loading=\"lazy\" decoding=\"async\" width=\"1000\" height=\"563\" src=\"https:\/\/www.kolkoarchitektoniczne.pl\/wp-content\/uploads\/2023\/02\/Leon.jpg\" alt=\"\" class=\"wp-image-2064\" srcset=\"https:\/\/www.kolkoarchitektoniczne.pl\/wp-content\/uploads\/2023\/02\/Leon.jpg 1000w, https:\/\/www.kolkoarchitektoniczne.pl\/wp-content\/uploads\/2023\/02\/Leon-300x169.jpg 300w, https:\/\/www.kolkoarchitektoniczne.pl\/wp-content\/uploads\/2023\/02\/Leon-768x432.jpg 768w, https:\/\/www.kolkoarchitektoniczne.pl\/wp-content\/uploads\/2023\/02\/Leon-24x14.jpg 24w, https:\/\/www.kolkoarchitektoniczne.pl\/wp-content\/uploads\/2023\/02\/Leon-36x20.jpg 36w, https:\/\/www.kolkoarchitektoniczne.pl\/wp-content\/uploads\/2023\/02\/Leon-48x27.jpg 48w\" sizes=\"auto, (max-width: 1000px) 100vw, 1000px\" \/><\/figure>\n\n\n\n<p><\/p>\n\n\n\n<p>Projekty wspania\u0142e.<br>GRATULUJEMY<\/p>\n\n\n\n<p><\/p>\n\n\n\n<p>Prowadz\u0105ce<br>K\u00f3\u0142ko Architektoniczne<\/p>\n","protected":false},"excerpt":{"rendered":"<p>Naszym kolejnym projektem by\u0142y bardzo nietypowe domki. Cz\u0119\u015bciowo niewidoczne, przysypane ziemi\u0105. Z ca\u0142\u0105 pewno\u015bci\u0105 mo\u017cna stwierdzi\u0107, \u017ce s\u0105 ekologiczne. Nasi przyszli m\u0142odzi architekci zaprojektowali a nast\u0119pnie wykonali makiety swoich projekt\u00f3w. Praca by\u0142a bardzo wieloetapowa, pracoch\u0142onna i jak wida\u0107 na poni\u017cszych zdj\u0119ciach precyzyjna. Projekty wspania\u0142e.GRATULUJEMY Prowadz\u0105ceK\u00f3\u0142ko Architektoniczne<\/p>\n","protected":false},"author":4,"featured_media":2084,"comment_status":"closed","ping_status":"closed","sticky":false,"template":"","format":"standard","meta":{"ngg_post_thumbnail":0,"footnotes":""},"categories":[19,5],"tags":[],"class_list":["post-2079","post","type-post","status-publish","format-standard","has-post-thumbnail","hentry","category-2022-2023","category-grupy-poczatkujace"],"yoast_head":"<!-- This site is optimized with the Yoast SEO plugin v25.8 - https:\/\/yoast.com\/wordpress\/plugins\/seo\/ -->\n<title>DOMKI norki - HOME<\/title>\n<meta name=\"robots\" content=\"index, follow, max-snippet:-1, max-image-preview:large, max-video-preview:-1\" \/>\n<link rel=\"canonical\" href=\"https:\/\/www.kolkoarchitektoniczne.pl\/index.php\/2023\/02\/23\/domki-norki\/\" \/>\n<meta property=\"og:locale\" content=\"pl_PL\" \/>\n<meta property=\"og:type\" content=\"article\" \/>\n<meta property=\"og:title\" content=\"DOMKI norki - HOME\" \/>\n<meta property=\"og:description\" content=\"Naszym kolejnym projektem by\u0142y bardzo nietypowe domki. Cz\u0119\u015bciowo niewidoczne, przysypane ziemi\u0105. Z ca\u0142\u0105 pewno\u015bci\u0105 mo\u017cna stwierdzi\u0107, \u017ce s\u0105 ekologiczne. Nasi przyszli m\u0142odzi architekci zaprojektowali a nast\u0119pnie wykonali makiety swoich projekt\u00f3w. Praca by\u0142a bardzo wieloetapowa, pracoch\u0142onna i jak wida\u0107 na poni\u017cszych zdj\u0119ciach precyzyjna. Projekty wspania\u0142e.GRATULUJEMY Prowadz\u0105ceK\u00f3\u0142ko Architektoniczne\" \/>\n<meta property=\"og:url\" content=\"https:\/\/www.kolkoarchitektoniczne.pl\/index.php\/2023\/02\/23\/domki-norki\/\" \/>\n<meta property=\"og:site_name\" content=\"HOME\" \/>\n<meta property=\"article:published_time\" content=\"2023-02-23T17:43:06+00:00\" \/>\n<meta property=\"article:modified_time\" content=\"2023-02-23T17:43:07+00:00\" \/>\n<meta property=\"og:image\" content=\"https:\/\/www.kolkoarchitektoniczne.pl\/wp-content\/uploads\/2023\/02\/tytulowe.jpg\" \/>\n\t<meta property=\"og:image:width\" content=\"601\" \/>\n\t<meta property=\"og:image:height\" content=\"371\" \/>\n\t<meta property=\"og:image:type\" content=\"image\/jpeg\" \/>\n<meta name=\"author\" content=\"Aga\" \/>\n<meta name=\"twitter:card\" content=\"summary_large_image\" \/>\n<meta name=\"twitter:label1\" content=\"Napisane przez\" \/>\n\t<meta name=\"twitter:data1\" content=\"Aga\" \/>\n\t<meta name=\"twitter:label2\" content=\"Szacowany czas czytania\" \/>\n\t<meta name=\"twitter:data2\" content=\"5 minut\" \/>\n<script type=\"application\/ld+json\" class=\"yoast-schema-graph\">{\"@context\":\"https:\/\/schema.org\",\"@graph\":[{\"@type\":\"WebPage\",\"@id\":\"https:\/\/www.kolkoarchitektoniczne.pl\/index.php\/2023\/02\/23\/domki-norki\/\",\"url\":\"https:\/\/www.kolkoarchitektoniczne.pl\/index.php\/2023\/02\/23\/domki-norki\/\",\"name\":\"DOMKI norki - HOME\",\"isPartOf\":{\"@id\":\"https:\/\/www.kolkoarchitektoniczne.pl\/#website\"},\"primaryImageOfPage\":{\"@id\":\"https:\/\/www.kolkoarchitektoniczne.pl\/index.php\/2023\/02\/23\/domki-norki\/#primaryimage\"},\"image\":{\"@id\":\"https:\/\/www.kolkoarchitektoniczne.pl\/index.php\/2023\/02\/23\/domki-norki\/#primaryimage\"},\"thumbnailUrl\":\"https:\/\/www.kolkoarchitektoniczne.pl\/wp-content\/uploads\/2023\/02\/tytulowe.jpg\",\"datePublished\":\"2023-02-23T17:43:06+00:00\",\"dateModified\":\"2023-02-23T17:43:07+00:00\",\"author\":{\"@id\":\"https:\/\/www.kolkoarchitektoniczne.pl\/#\/schema\/person\/cfdecad4266647bd853805d1e151f6a6\"},\"breadcrumb\":{\"@id\":\"https:\/\/www.kolkoarchitektoniczne.pl\/index.php\/2023\/02\/23\/domki-norki\/#breadcrumb\"},\"inLanguage\":\"pl-PL\",\"potentialAction\":[{\"@type\":\"ReadAction\",\"target\":[\"https:\/\/www.kolkoarchitektoniczne.pl\/index.php\/2023\/02\/23\/domki-norki\/\"]}]},{\"@type\":\"ImageObject\",\"inLanguage\":\"pl-PL\",\"@id\":\"https:\/\/www.kolkoarchitektoniczne.pl\/index.php\/2023\/02\/23\/domki-norki\/#primaryimage\",\"url\":\"https:\/\/www.kolkoarchitektoniczne.pl\/wp-content\/uploads\/2023\/02\/tytulowe.jpg\",\"contentUrl\":\"https:\/\/www.kolkoarchitektoniczne.pl\/wp-content\/uploads\/2023\/02\/tytulowe.jpg\",\"width\":601,\"height\":371},{\"@type\":\"BreadcrumbList\",\"@id\":\"https:\/\/www.kolkoarchitektoniczne.pl\/index.php\/2023\/02\/23\/domki-norki\/#breadcrumb\",\"itemListElement\":[{\"@type\":\"ListItem\",\"position\":1,\"name\":\"Strona g\u0142\u00f3wna\",\"item\":\"https:\/\/www.kolkoarchitektoniczne.pl\/\"},{\"@type\":\"ListItem\",\"position\":2,\"name\":\"DOMKI norki\"}]},{\"@type\":\"WebSite\",\"@id\":\"https:\/\/www.kolkoarchitektoniczne.pl\/#website\",\"url\":\"https:\/\/www.kolkoarchitektoniczne.pl\/\",\"name\":\"HOME\",\"description\":\"K&oacute;\u0142ko Architektoniczne\",\"potentialAction\":[{\"@type\":\"SearchAction\",\"target\":{\"@type\":\"EntryPoint\",\"urlTemplate\":\"https:\/\/www.kolkoarchitektoniczne.pl\/?s={search_term_string}\"},\"query-input\":{\"@type\":\"PropertyValueSpecification\",\"valueRequired\":true,\"valueName\":\"search_term_string\"}}],\"inLanguage\":\"pl-PL\"},{\"@type\":\"Person\",\"@id\":\"https:\/\/www.kolkoarchitektoniczne.pl\/#\/schema\/person\/cfdecad4266647bd853805d1e151f6a6\",\"name\":\"Aga\",\"image\":{\"@type\":\"ImageObject\",\"inLanguage\":\"pl-PL\",\"@id\":\"https:\/\/www.kolkoarchitektoniczne.pl\/#\/schema\/person\/image\/\",\"url\":\"https:\/\/secure.gravatar.com\/avatar\/4c42aced5221f2be65f5549d874e056a88cad964475bce51c9d9f738103f65e0?s=96&d=mm&r=g\",\"contentUrl\":\"https:\/\/secure.gravatar.com\/avatar\/4c42aced5221f2be65f5549d874e056a88cad964475bce51c9d9f738103f65e0?s=96&d=mm&r=g\",\"caption\":\"Aga\"},\"url\":\"https:\/\/www.kolkoarchitektoniczne.pl\/index.php\/author\/aga\/\"}]}<\/script>\n<!-- \/ Yoast SEO plugin. -->","yoast_head_json":{"title":"DOMKI norki - HOME","robots":{"index":"index","follow":"follow","max-snippet":"max-snippet:-1","max-image-preview":"max-image-preview:large","max-video-preview":"max-video-preview:-1"},"canonical":"https:\/\/www.kolkoarchitektoniczne.pl\/index.php\/2023\/02\/23\/domki-norki\/","og_locale":"pl_PL","og_type":"article","og_title":"DOMKI norki - HOME","og_description":"Naszym kolejnym projektem by\u0142y bardzo nietypowe domki. Cz\u0119\u015bciowo niewidoczne, przysypane ziemi\u0105. Z ca\u0142\u0105 pewno\u015bci\u0105 mo\u017cna stwierdzi\u0107, \u017ce s\u0105 ekologiczne. Nasi przyszli m\u0142odzi architekci zaprojektowali a nast\u0119pnie wykonali makiety swoich projekt\u00f3w. Praca by\u0142a bardzo wieloetapowa, pracoch\u0142onna i jak wida\u0107 na poni\u017cszych zdj\u0119ciach precyzyjna. Projekty wspania\u0142e.GRATULUJEMY Prowadz\u0105ceK\u00f3\u0142ko Architektoniczne","og_url":"https:\/\/www.kolkoarchitektoniczne.pl\/index.php\/2023\/02\/23\/domki-norki\/","og_site_name":"HOME","article_published_time":"2023-02-23T17:43:06+00:00","article_modified_time":"2023-02-23T17:43:07+00:00","og_image":[{"width":601,"height":371,"url":"https:\/\/www.kolkoarchitektoniczne.pl\/wp-content\/uploads\/2023\/02\/tytulowe.jpg","type":"image\/jpeg"}],"author":"Aga","twitter_card":"summary_large_image","twitter_misc":{"Napisane przez":"Aga","Szacowany czas czytania":"5 minut"},"schema":{"@context":"https:\/\/schema.org","@graph":[{"@type":"WebPage","@id":"https:\/\/www.kolkoarchitektoniczne.pl\/index.php\/2023\/02\/23\/domki-norki\/","url":"https:\/\/www.kolkoarchitektoniczne.pl\/index.php\/2023\/02\/23\/domki-norki\/","name":"DOMKI norki - HOME","isPartOf":{"@id":"https:\/\/www.kolkoarchitektoniczne.pl\/#website"},"primaryImageOfPage":{"@id":"https:\/\/www.kolkoarchitektoniczne.pl\/index.php\/2023\/02\/23\/domki-norki\/#primaryimage"},"image":{"@id":"https:\/\/www.kolkoarchitektoniczne.pl\/index.php\/2023\/02\/23\/domki-norki\/#primaryimage"},"thumbnailUrl":"https:\/\/www.kolkoarchitektoniczne.pl\/wp-content\/uploads\/2023\/02\/tytulowe.jpg","datePublished":"2023-02-23T17:43:06+00:00","dateModified":"2023-02-23T17:43:07+00:00","author":{"@id":"https:\/\/www.kolkoarchitektoniczne.pl\/#\/schema\/person\/cfdecad4266647bd853805d1e151f6a6"},"breadcrumb":{"@id":"https:\/\/www.kolkoarchitektoniczne.pl\/index.php\/2023\/02\/23\/domki-norki\/#breadcrumb"},"inLanguage":"pl-PL","potentialAction":[{"@type":"ReadAction","target":["https:\/\/www.kolkoarchitektoniczne.pl\/index.php\/2023\/02\/23\/domki-norki\/"]}]},{"@type":"ImageObject","inLanguage":"pl-PL","@id":"https:\/\/www.kolkoarchitektoniczne.pl\/index.php\/2023\/02\/23\/domki-norki\/#primaryimage","url":"https:\/\/www.kolkoarchitektoniczne.pl\/wp-content\/uploads\/2023\/02\/tytulowe.jpg","contentUrl":"https:\/\/www.kolkoarchitektoniczne.pl\/wp-content\/uploads\/2023\/02\/tytulowe.jpg","width":601,"height":371},{"@type":"BreadcrumbList","@id":"https:\/\/www.kolkoarchitektoniczne.pl\/index.php\/2023\/02\/23\/domki-norki\/#breadcrumb","itemListElement":[{"@type":"ListItem","position":1,"name":"Strona g\u0142\u00f3wna","item":"https:\/\/www.kolkoarchitektoniczne.pl\/"},{"@type":"ListItem","position":2,"name":"DOMKI norki"}]},{"@type":"WebSite","@id":"https:\/\/www.kolkoarchitektoniczne.pl\/#website","url":"https:\/\/www.kolkoarchitektoniczne.pl\/","name":"HOME","description":"K&oacute;\u0142ko Architektoniczne","potentialAction":[{"@type":"SearchAction","target":{"@type":"EntryPoint","urlTemplate":"https:\/\/www.kolkoarchitektoniczne.pl\/?s={search_term_string}"},"query-input":{"@type":"PropertyValueSpecification","valueRequired":true,"valueName":"search_term_string"}}],"inLanguage":"pl-PL"},{"@type":"Person","@id":"https:\/\/www.kolkoarchitektoniczne.pl\/#\/schema\/person\/cfdecad4266647bd853805d1e151f6a6","name":"Aga","image":{"@type":"ImageObject","inLanguage":"pl-PL","@id":"https:\/\/www.kolkoarchitektoniczne.pl\/#\/schema\/person\/image\/","url":"https:\/\/secure.gravatar.com\/avatar\/4c42aced5221f2be65f5549d874e056a88cad964475bce51c9d9f738103f65e0?s=96&d=mm&r=g","contentUrl":"https:\/\/secure.gravatar.com\/avatar\/4c42aced5221f2be65f5549d874e056a88cad964475bce51c9d9f738103f65e0?s=96&d=mm&r=g","caption":"Aga"},"url":"https:\/\/www.kolkoarchitektoniczne.pl\/index.php\/author\/aga\/"}]}},"_links":{"self":[{"href":"https:\/\/www.kolkoarchitektoniczne.pl\/index.php\/wp-json\/wp\/v2\/posts\/2079","targetHints":{"allow":["GET"]}}],"collection":[{"href":"https:\/\/www.kolkoarchitektoniczne.pl\/index.php\/wp-json\/wp\/v2\/posts"}],"about":[{"href":"https:\/\/www.kolkoarchitektoniczne.pl\/index.php\/wp-json\/wp\/v2\/types\/post"}],"author":[{"embeddable":true,"href":"https:\/\/www.kolkoarchitektoniczne.pl\/index.php\/wp-json\/wp\/v2\/users\/4"}],"replies":[{"embeddable":true,"href":"https:\/\/www.kolkoarchitektoniczne.pl\/index.php\/wp-json\/wp\/v2\/comments?post=2079"}],"version-history":[{"count":4,"href":"https:\/\/www.kolkoarchitektoniczne.pl\/index.php\/wp-json\/wp\/v2\/posts\/2079\/revisions"}],"predecessor-version":[{"id":2083,"href":"https:\/\/www.kolkoarchitektoniczne.pl\/index.php\/wp-json\/wp\/v2\/posts\/2079\/revisions\/2083"}],"wp:featuredmedia":[{"embeddable":true,"href":"https:\/\/www.kolkoarchitektoniczne.pl\/index.php\/wp-json\/wp\/v2\/media\/2084"}],"wp:attachment":[{"href":"https:\/\/www.kolkoarchitektoniczne.pl\/index.php\/wp-json\/wp\/v2\/media?parent=2079"}],"wp:term":[{"taxonomy":"category","embeddable":true,"href":"https:\/\/www.kolkoarchitektoniczne.pl\/index.php\/wp-json\/wp\/v2\/categories?post=2079"},{"taxonomy":"post_tag","embeddable":true,"href":"https:\/\/www.kolkoarchitektoniczne.pl\/index.php\/wp-json\/wp\/v2\/tags?post=2079"}],"curies":[{"name":"wp","href":"https:\/\/api.w.org\/{rel}","templated":true}]}}