{"id":2010,"date":"2023-02-14T17:59:24","date_gmt":"2023-02-14T15:59:24","guid":{"rendered":"https:\/\/www.kolkoarchitektoniczne.pl\/?p=2010"},"modified":"2024-09-02T20:49:24","modified_gmt":"2024-09-02T18:49:24","slug":"kropka-wyrazone","status":"publish","type":"post","link":"https:\/\/www.kolkoarchitektoniczne.pl\/index.php\/2023\/02\/14\/kropka-wyrazone\/","title":{"rendered":"KROPK\u0104 wyra\u017cone"},"content":{"rendered":"\n<p>Niekt\u00f3rzy s\u0105dz\u0105, \u017ce \u015bwiat zbudowany jest z PIKSELI.  <br>Ale czy to prawda? <br>Czy \u015bwiat to tylko kropki?<br><br>Jak postrzega\u0142 \u015bwiat <strong>Oscar Claude Monet<\/strong>. Malowa\u0142 kropkami. Po co?<br>Chcia\u0142 w ten spos\u00f3b uchwyci\u0107 ulotne momenty. By\u0142 wsp\u00f3\u0142tw\u00f3rc\u0105 <strong>Impresjonizmu.<\/strong><\/p>\n\n\n\n<p>Podj\u0119li\u015bmy si\u0119 tego zadania i bazuj\u0105c na tej samej technice co <strong>Monet<\/strong> pokropkowali\u015bmy nasze prace. <br>Najpierw stworzyli\u015bmy obrazy na kt\u00f3rych pojawi\u0142a si\u0119 natura i krajobrazy.<br><\/p>\n\n\n\n<figure class=\"wp-block-image size-full\"><img loading=\"lazy\" decoding=\"async\" width=\"1000\" height=\"1000\" src=\"https:\/\/www.kolkoarchitektoniczne.pl\/wp-content\/uploads\/2023\/02\/zdjecia-z-zajec12.jpg\" alt=\"\" class=\"wp-image-2020\" srcset=\"https:\/\/www.kolkoarchitektoniczne.pl\/wp-content\/uploads\/2023\/02\/zdjecia-z-zajec12.jpg 1000w, https:\/\/www.kolkoarchitektoniczne.pl\/wp-content\/uploads\/2023\/02\/zdjecia-z-zajec12-300x300.jpg 300w, https:\/\/www.kolkoarchitektoniczne.pl\/wp-content\/uploads\/2023\/02\/zdjecia-z-zajec12-150x150.jpg 150w, https:\/\/www.kolkoarchitektoniczne.pl\/wp-content\/uploads\/2023\/02\/zdjecia-z-zajec12-768x768.jpg 768w, https:\/\/www.kolkoarchitektoniczne.pl\/wp-content\/uploads\/2023\/02\/zdjecia-z-zajec12-24x24.jpg 24w, https:\/\/www.kolkoarchitektoniczne.pl\/wp-content\/uploads\/2023\/02\/zdjecia-z-zajec12-36x36.jpg 36w, https:\/\/www.kolkoarchitektoniczne.pl\/wp-content\/uploads\/2023\/02\/zdjecia-z-zajec12-48x48.jpg 48w\" sizes=\"auto, (max-width: 1000px) 100vw, 1000px\" \/><\/figure>\n\n\n\n<p><\/p>\n\n\n\n<p><\/p>\n\n\n\n<figure class=\"wp-block-image size-full\"><img loading=\"lazy\" decoding=\"async\" width=\"1000\" height=\"563\" src=\"https:\/\/www.kolkoarchitektoniczne.pl\/wp-content\/uploads\/2023\/02\/zdjecia-z-zajec11.jpg\" alt=\"\" class=\"wp-image-2019\" srcset=\"https:\/\/www.kolkoarchitektoniczne.pl\/wp-content\/uploads\/2023\/02\/zdjecia-z-zajec11.jpg 1000w, https:\/\/www.kolkoarchitektoniczne.pl\/wp-content\/uploads\/2023\/02\/zdjecia-z-zajec11-300x169.jpg 300w, https:\/\/www.kolkoarchitektoniczne.pl\/wp-content\/uploads\/2023\/02\/zdjecia-z-zajec11-768x432.jpg 768w, https:\/\/www.kolkoarchitektoniczne.pl\/wp-content\/uploads\/2023\/02\/zdjecia-z-zajec11-24x14.jpg 24w, https:\/\/www.kolkoarchitektoniczne.pl\/wp-content\/uploads\/2023\/02\/zdjecia-z-zajec11-36x20.jpg 36w, https:\/\/www.kolkoarchitektoniczne.pl\/wp-content\/uploads\/2023\/02\/zdjecia-z-zajec11-48x27.jpg 48w\" sizes=\"auto, (max-width: 1000px) 100vw, 1000px\" \/><\/figure>\n\n\n\n<p><\/p>\n\n\n\n<figure class=\"wp-block-image size-full\"><img loading=\"lazy\" decoding=\"async\" width=\"1000\" height=\"625\" src=\"https:\/\/www.kolkoarchitektoniczne.pl\/wp-content\/uploads\/2023\/02\/zdjecia-z-zajec7.jpg\" alt=\"\" class=\"wp-image-2014\" srcset=\"https:\/\/www.kolkoarchitektoniczne.pl\/wp-content\/uploads\/2023\/02\/zdjecia-z-zajec7.jpg 1000w, https:\/\/www.kolkoarchitektoniczne.pl\/wp-content\/uploads\/2023\/02\/zdjecia-z-zajec7-300x188.jpg 300w, https:\/\/www.kolkoarchitektoniczne.pl\/wp-content\/uploads\/2023\/02\/zdjecia-z-zajec7-768x480.jpg 768w, https:\/\/www.kolkoarchitektoniczne.pl\/wp-content\/uploads\/2023\/02\/zdjecia-z-zajec7-24x15.jpg 24w, https:\/\/www.kolkoarchitektoniczne.pl\/wp-content\/uploads\/2023\/02\/zdjecia-z-zajec7-36x23.jpg 36w, https:\/\/www.kolkoarchitektoniczne.pl\/wp-content\/uploads\/2023\/02\/zdjecia-z-zajec7-48x30.jpg 48w\" sizes=\"auto, (max-width: 1000px) 100vw, 1000px\" \/><\/figure>\n\n\n\n<p><\/p>\n\n\n\n<figure class=\"wp-block-image size-full\"><img loading=\"lazy\" decoding=\"async\" width=\"1000\" height=\"625\" src=\"https:\/\/www.kolkoarchitektoniczne.pl\/wp-content\/uploads\/2023\/02\/zdjecia-z-zajec6.jpg\" alt=\"\" class=\"wp-image-2015\" srcset=\"https:\/\/www.kolkoarchitektoniczne.pl\/wp-content\/uploads\/2023\/02\/zdjecia-z-zajec6.jpg 1000w, https:\/\/www.kolkoarchitektoniczne.pl\/wp-content\/uploads\/2023\/02\/zdjecia-z-zajec6-300x188.jpg 300w, https:\/\/www.kolkoarchitektoniczne.pl\/wp-content\/uploads\/2023\/02\/zdjecia-z-zajec6-768x480.jpg 768w, https:\/\/www.kolkoarchitektoniczne.pl\/wp-content\/uploads\/2023\/02\/zdjecia-z-zajec6-24x15.jpg 24w, https:\/\/www.kolkoarchitektoniczne.pl\/wp-content\/uploads\/2023\/02\/zdjecia-z-zajec6-36x23.jpg 36w, https:\/\/www.kolkoarchitektoniczne.pl\/wp-content\/uploads\/2023\/02\/zdjecia-z-zajec6-48x30.jpg 48w\" sizes=\"auto, (max-width: 1000px) 100vw, 1000px\" \/><\/figure>\n\n\n\n<p><\/p>\n\n\n\n<figure class=\"wp-block-image size-full\"><img loading=\"lazy\" decoding=\"async\" width=\"1000\" height=\"563\" src=\"https:\/\/www.kolkoarchitektoniczne.pl\/wp-content\/uploads\/2023\/02\/zdjecia-z-zajec9.jpg\" alt=\"\" class=\"wp-image-2016\" srcset=\"https:\/\/www.kolkoarchitektoniczne.pl\/wp-content\/uploads\/2023\/02\/zdjecia-z-zajec9.jpg 1000w, https:\/\/www.kolkoarchitektoniczne.pl\/wp-content\/uploads\/2023\/02\/zdjecia-z-zajec9-300x169.jpg 300w, https:\/\/www.kolkoarchitektoniczne.pl\/wp-content\/uploads\/2023\/02\/zdjecia-z-zajec9-768x432.jpg 768w, https:\/\/www.kolkoarchitektoniczne.pl\/wp-content\/uploads\/2023\/02\/zdjecia-z-zajec9-24x14.jpg 24w, https:\/\/www.kolkoarchitektoniczne.pl\/wp-content\/uploads\/2023\/02\/zdjecia-z-zajec9-36x20.jpg 36w, https:\/\/www.kolkoarchitektoniczne.pl\/wp-content\/uploads\/2023\/02\/zdjecia-z-zajec9-48x27.jpg 48w\" sizes=\"auto, (max-width: 1000px) 100vw, 1000px\" \/><\/figure>\n\n\n\n<p><\/p>\n\n\n\n<figure class=\"wp-block-image size-full\"><img loading=\"lazy\" decoding=\"async\" width=\"1000\" height=\"563\" src=\"https:\/\/www.kolkoarchitektoniczne.pl\/wp-content\/uploads\/2023\/02\/zdjecia-z-zajec10.jpg\" alt=\"\" class=\"wp-image-2017\" srcset=\"https:\/\/www.kolkoarchitektoniczne.pl\/wp-content\/uploads\/2023\/02\/zdjecia-z-zajec10.jpg 1000w, https:\/\/www.kolkoarchitektoniczne.pl\/wp-content\/uploads\/2023\/02\/zdjecia-z-zajec10-300x169.jpg 300w, https:\/\/www.kolkoarchitektoniczne.pl\/wp-content\/uploads\/2023\/02\/zdjecia-z-zajec10-768x432.jpg 768w, https:\/\/www.kolkoarchitektoniczne.pl\/wp-content\/uploads\/2023\/02\/zdjecia-z-zajec10-24x14.jpg 24w, https:\/\/www.kolkoarchitektoniczne.pl\/wp-content\/uploads\/2023\/02\/zdjecia-z-zajec10-36x20.jpg 36w, https:\/\/www.kolkoarchitektoniczne.pl\/wp-content\/uploads\/2023\/02\/zdjecia-z-zajec10-48x27.jpg 48w\" sizes=\"auto, (max-width: 1000px) 100vw, 1000px\" \/><\/figure>\n\n\n\n<p><\/p>\n\n\n\n<figure class=\"wp-block-image size-full\"><img loading=\"lazy\" decoding=\"async\" width=\"1000\" height=\"625\" src=\"https:\/\/www.kolkoarchitektoniczne.pl\/wp-content\/uploads\/2023\/02\/zdjecia-z-zajec8.jpg\" alt=\"\" class=\"wp-image-2018\" srcset=\"https:\/\/www.kolkoarchitektoniczne.pl\/wp-content\/uploads\/2023\/02\/zdjecia-z-zajec8.jpg 1000w, https:\/\/www.kolkoarchitektoniczne.pl\/wp-content\/uploads\/2023\/02\/zdjecia-z-zajec8-300x188.jpg 300w, https:\/\/www.kolkoarchitektoniczne.pl\/wp-content\/uploads\/2023\/02\/zdjecia-z-zajec8-768x480.jpg 768w, https:\/\/www.kolkoarchitektoniczne.pl\/wp-content\/uploads\/2023\/02\/zdjecia-z-zajec8-24x15.jpg 24w, https:\/\/www.kolkoarchitektoniczne.pl\/wp-content\/uploads\/2023\/02\/zdjecia-z-zajec8-36x23.jpg 36w, https:\/\/www.kolkoarchitektoniczne.pl\/wp-content\/uploads\/2023\/02\/zdjecia-z-zajec8-48x30.jpg 48w\" sizes=\"auto, (max-width: 1000px) 100vw, 1000px\" \/><\/figure>\n\n\n\n<p><\/p>\n\n\n\n<p>Tak si\u0119 wszystkim spodoba\u0142 <strong>Impresjonizm<\/strong>, \u017ce powsta\u0142y kolejne prace. Tym razem nawi\u0105zuj\u0105ce do naszej dziedziny jak\u0105 jest <strong>ARCHITEKTURA<\/strong>.<\/p>\n\n\n\n<figure class=\"wp-block-image size-full\"><img loading=\"lazy\" decoding=\"async\" width=\"1000\" height=\"625\" src=\"https:\/\/www.kolkoarchitektoniczne.pl\/wp-content\/uploads\/2023\/02\/zdjecia-z-zajec15.jpg\" alt=\"\" class=\"wp-image-2021\" srcset=\"https:\/\/www.kolkoarchitektoniczne.pl\/wp-content\/uploads\/2023\/02\/zdjecia-z-zajec15.jpg 1000w, https:\/\/www.kolkoarchitektoniczne.pl\/wp-content\/uploads\/2023\/02\/zdjecia-z-zajec15-300x188.jpg 300w, https:\/\/www.kolkoarchitektoniczne.pl\/wp-content\/uploads\/2023\/02\/zdjecia-z-zajec15-768x480.jpg 768w, https:\/\/www.kolkoarchitektoniczne.pl\/wp-content\/uploads\/2023\/02\/zdjecia-z-zajec15-24x15.jpg 24w, https:\/\/www.kolkoarchitektoniczne.pl\/wp-content\/uploads\/2023\/02\/zdjecia-z-zajec15-36x23.jpg 36w, https:\/\/www.kolkoarchitektoniczne.pl\/wp-content\/uploads\/2023\/02\/zdjecia-z-zajec15-48x30.jpg 48w\" sizes=\"auto, (max-width: 1000px) 100vw, 1000px\" \/><\/figure>\n\n\n\n<figure class=\"wp-block-image size-full\"><img loading=\"lazy\" decoding=\"async\" width=\"1000\" height=\"625\" src=\"https:\/\/www.kolkoarchitektoniczne.pl\/wp-content\/uploads\/2023\/02\/zdjecia-z-zajec14.jpg\" alt=\"\" class=\"wp-image-2022\" srcset=\"https:\/\/www.kolkoarchitektoniczne.pl\/wp-content\/uploads\/2023\/02\/zdjecia-z-zajec14.jpg 1000w, https:\/\/www.kolkoarchitektoniczne.pl\/wp-content\/uploads\/2023\/02\/zdjecia-z-zajec14-300x188.jpg 300w, https:\/\/www.kolkoarchitektoniczne.pl\/wp-content\/uploads\/2023\/02\/zdjecia-z-zajec14-768x480.jpg 768w, https:\/\/www.kolkoarchitektoniczne.pl\/wp-content\/uploads\/2023\/02\/zdjecia-z-zajec14-24x15.jpg 24w, https:\/\/www.kolkoarchitektoniczne.pl\/wp-content\/uploads\/2023\/02\/zdjecia-z-zajec14-36x23.jpg 36w, https:\/\/www.kolkoarchitektoniczne.pl\/wp-content\/uploads\/2023\/02\/zdjecia-z-zajec14-48x30.jpg 48w\" sizes=\"auto, (max-width: 1000px) 100vw, 1000px\" \/><\/figure>\n\n\n\n<figure class=\"wp-block-image size-full\"><img loading=\"lazy\" decoding=\"async\" width=\"1000\" height=\"563\" src=\"https:\/\/www.kolkoarchitektoniczne.pl\/wp-content\/uploads\/2023\/02\/zdjecia-z-zajec18.jpg\" alt=\"\" class=\"wp-image-2023\" srcset=\"https:\/\/www.kolkoarchitektoniczne.pl\/wp-content\/uploads\/2023\/02\/zdjecia-z-zajec18.jpg 1000w, https:\/\/www.kolkoarchitektoniczne.pl\/wp-content\/uploads\/2023\/02\/zdjecia-z-zajec18-300x169.jpg 300w, https:\/\/www.kolkoarchitektoniczne.pl\/wp-content\/uploads\/2023\/02\/zdjecia-z-zajec18-768x432.jpg 768w, https:\/\/www.kolkoarchitektoniczne.pl\/wp-content\/uploads\/2023\/02\/zdjecia-z-zajec18-24x14.jpg 24w, https:\/\/www.kolkoarchitektoniczne.pl\/wp-content\/uploads\/2023\/02\/zdjecia-z-zajec18-36x20.jpg 36w, https:\/\/www.kolkoarchitektoniczne.pl\/wp-content\/uploads\/2023\/02\/zdjecia-z-zajec18-48x27.jpg 48w\" sizes=\"auto, (max-width: 1000px) 100vw, 1000px\" \/><\/figure>\n\n\n\n<figure class=\"wp-block-image size-full\"><img loading=\"lazy\" decoding=\"async\" width=\"1000\" height=\"563\" src=\"https:\/\/www.kolkoarchitektoniczne.pl\/wp-content\/uploads\/2023\/02\/zdjecia-z-zajec17.jpg\" alt=\"\" class=\"wp-image-2024\" srcset=\"https:\/\/www.kolkoarchitektoniczne.pl\/wp-content\/uploads\/2023\/02\/zdjecia-z-zajec17.jpg 1000w, https:\/\/www.kolkoarchitektoniczne.pl\/wp-content\/uploads\/2023\/02\/zdjecia-z-zajec17-300x169.jpg 300w, https:\/\/www.kolkoarchitektoniczne.pl\/wp-content\/uploads\/2023\/02\/zdjecia-z-zajec17-768x432.jpg 768w, https:\/\/www.kolkoarchitektoniczne.pl\/wp-content\/uploads\/2023\/02\/zdjecia-z-zajec17-24x14.jpg 24w, https:\/\/www.kolkoarchitektoniczne.pl\/wp-content\/uploads\/2023\/02\/zdjecia-z-zajec17-36x20.jpg 36w, https:\/\/www.kolkoarchitektoniczne.pl\/wp-content\/uploads\/2023\/02\/zdjecia-z-zajec17-48x27.jpg 48w\" sizes=\"auto, (max-width: 1000px) 100vw, 1000px\" \/><\/figure>\n\n\n\n<figure class=\"wp-block-image size-full\"><img loading=\"lazy\" decoding=\"async\" width=\"1000\" height=\"625\" src=\"https:\/\/www.kolkoarchitektoniczne.pl\/wp-content\/uploads\/2023\/02\/zdjecia-z-zajec16.jpg\" alt=\"\" class=\"wp-image-2025\" srcset=\"https:\/\/www.kolkoarchitektoniczne.pl\/wp-content\/uploads\/2023\/02\/zdjecia-z-zajec16.jpg 1000w, https:\/\/www.kolkoarchitektoniczne.pl\/wp-content\/uploads\/2023\/02\/zdjecia-z-zajec16-300x188.jpg 300w, https:\/\/www.kolkoarchitektoniczne.pl\/wp-content\/uploads\/2023\/02\/zdjecia-z-zajec16-768x480.jpg 768w, https:\/\/www.kolkoarchitektoniczne.pl\/wp-content\/uploads\/2023\/02\/zdjecia-z-zajec16-24x15.jpg 24w, https:\/\/www.kolkoarchitektoniczne.pl\/wp-content\/uploads\/2023\/02\/zdjecia-z-zajec16-36x23.jpg 36w, https:\/\/www.kolkoarchitektoniczne.pl\/wp-content\/uploads\/2023\/02\/zdjecia-z-zajec16-48x30.jpg 48w\" sizes=\"auto, (max-width: 1000px) 100vw, 1000px\" \/><\/figure>\n\n\n\n<p><\/p>\n\n\n\n<p>Prace niezwyk\u0142e, prezentuj\u0105 si\u0119 wybornie. <strong>Monet<\/strong> by si\u0119 nie powstydzi\u0142.<br><br><br>Prowadz\u0105ce<br>K\u00f3\u0142ko Architektoniczne<\/p>\n","protected":false},"excerpt":{"rendered":"<p>Niekt\u00f3rzy s\u0105dz\u0105, \u017ce \u015bwiat zbudowany jest z PIKSELI. Ale czy to prawda? Czy \u015bwiat to tylko kropki? Jak postrzega\u0142 \u015bwiat Oscar Claude Monet. Malowa\u0142 kropkami. Po co?Chcia\u0142 w ten spos\u00f3b uchwyci\u0107 ulotne momenty. By\u0142 wsp\u00f3\u0142tw\u00f3rc\u0105 Impresjonizmu. Podj\u0119li\u015bmy si\u0119 tego zadania i bazuj\u0105c na tej samej technice co Monet pokropkowali\u015bmy nasze prace. Najpierw stworzyli\u015bmy obrazy na&#8230; <\/p>\n<div class=\"link-more\"><a href=\"https:\/\/www.kolkoarchitektoniczne.pl\/index.php\/2023\/02\/14\/kropka-wyrazone\/\">Czytaj dalej<\/a><\/div>\n","protected":false},"author":4,"featured_media":2012,"comment_status":"closed","ping_status":"closed","sticky":false,"template":"","format":"standard","meta":{"ngg_post_thumbnail":0,"footnotes":""},"categories":[17],"tags":[],"class_list":["post-2010","post","type-post","status-publish","format-standard","has-post-thumbnail","hentry","category-grupy-srednio-zaawansowane"],"yoast_head":"<!-- This site is optimized with the Yoast SEO plugin v25.8 - https:\/\/yoast.com\/wordpress\/plugins\/seo\/ -->\n<title>KROPK\u0104 wyra\u017cone - HOME<\/title>\n<meta name=\"robots\" content=\"index, follow, max-snippet:-1, max-image-preview:large, max-video-preview:-1\" \/>\n<link rel=\"canonical\" href=\"https:\/\/www.kolkoarchitektoniczne.pl\/index.php\/2023\/02\/14\/kropka-wyrazone\/\" \/>\n<meta property=\"og:locale\" content=\"pl_PL\" \/>\n<meta property=\"og:type\" content=\"article\" \/>\n<meta property=\"og:title\" content=\"KROPK\u0104 wyra\u017cone - HOME\" \/>\n<meta property=\"og:description\" content=\"Niekt\u00f3rzy s\u0105dz\u0105, \u017ce \u015bwiat zbudowany jest z PIKSELI. Ale czy to prawda? Czy \u015bwiat to tylko kropki? Jak postrzega\u0142 \u015bwiat Oscar Claude Monet. Malowa\u0142 kropkami. Po co?Chcia\u0142 w ten spos\u00f3b uchwyci\u0107 ulotne momenty. By\u0142 wsp\u00f3\u0142tw\u00f3rc\u0105 Impresjonizmu. Podj\u0119li\u015bmy si\u0119 tego zadania i bazuj\u0105c na tej samej technice co Monet pokropkowali\u015bmy nasze prace. Najpierw stworzyli\u015bmy obrazy na... Czytaj dalej\" \/>\n<meta property=\"og:url\" content=\"https:\/\/www.kolkoarchitektoniczne.pl\/index.php\/2023\/02\/14\/kropka-wyrazone\/\" \/>\n<meta property=\"og:site_name\" content=\"HOME\" \/>\n<meta property=\"article:published_time\" content=\"2023-02-14T15:59:24+00:00\" \/>\n<meta property=\"article:modified_time\" content=\"2024-09-02T18:49:24+00:00\" \/>\n<meta property=\"og:image\" content=\"https:\/\/www.kolkoarchitektoniczne.pl\/wp-content\/uploads\/2023\/02\/zdjecia-z-zajec13.jpg\" \/>\n\t<meta property=\"og:image:width\" content=\"1000\" \/>\n\t<meta property=\"og:image:height\" content=\"625\" \/>\n\t<meta property=\"og:image:type\" content=\"image\/jpeg\" \/>\n<meta name=\"author\" content=\"Aga\" \/>\n<meta name=\"twitter:card\" content=\"summary_large_image\" \/>\n<meta name=\"twitter:label1\" content=\"Napisane przez\" \/>\n\t<meta name=\"twitter:data1\" content=\"Aga\" \/>\n\t<meta name=\"twitter:label2\" content=\"Szacowany czas czytania\" \/>\n\t<meta name=\"twitter:data2\" content=\"4 minuty\" \/>\n<script type=\"application\/ld+json\" class=\"yoast-schema-graph\">{\"@context\":\"https:\/\/schema.org\",\"@graph\":[{\"@type\":\"WebPage\",\"@id\":\"https:\/\/www.kolkoarchitektoniczne.pl\/index.php\/2023\/02\/14\/kropka-wyrazone\/\",\"url\":\"https:\/\/www.kolkoarchitektoniczne.pl\/index.php\/2023\/02\/14\/kropka-wyrazone\/\",\"name\":\"KROPK\u0104 wyra\u017cone - HOME\",\"isPartOf\":{\"@id\":\"https:\/\/www.kolkoarchitektoniczne.pl\/#website\"},\"primaryImageOfPage\":{\"@id\":\"https:\/\/www.kolkoarchitektoniczne.pl\/index.php\/2023\/02\/14\/kropka-wyrazone\/#primaryimage\"},\"image\":{\"@id\":\"https:\/\/www.kolkoarchitektoniczne.pl\/index.php\/2023\/02\/14\/kropka-wyrazone\/#primaryimage\"},\"thumbnailUrl\":\"https:\/\/www.kolkoarchitektoniczne.pl\/wp-content\/uploads\/2023\/02\/zdjecia-z-zajec13.jpg\",\"datePublished\":\"2023-02-14T15:59:24+00:00\",\"dateModified\":\"2024-09-02T18:49:24+00:00\",\"author\":{\"@id\":\"https:\/\/www.kolkoarchitektoniczne.pl\/#\/schema\/person\/cfdecad4266647bd853805d1e151f6a6\"},\"breadcrumb\":{\"@id\":\"https:\/\/www.kolkoarchitektoniczne.pl\/index.php\/2023\/02\/14\/kropka-wyrazone\/#breadcrumb\"},\"inLanguage\":\"pl-PL\",\"potentialAction\":[{\"@type\":\"ReadAction\",\"target\":[\"https:\/\/www.kolkoarchitektoniczne.pl\/index.php\/2023\/02\/14\/kropka-wyrazone\/\"]}]},{\"@type\":\"ImageObject\",\"inLanguage\":\"pl-PL\",\"@id\":\"https:\/\/www.kolkoarchitektoniczne.pl\/index.php\/2023\/02\/14\/kropka-wyrazone\/#primaryimage\",\"url\":\"https:\/\/www.kolkoarchitektoniczne.pl\/wp-content\/uploads\/2023\/02\/zdjecia-z-zajec13.jpg\",\"contentUrl\":\"https:\/\/www.kolkoarchitektoniczne.pl\/wp-content\/uploads\/2023\/02\/zdjecia-z-zajec13.jpg\",\"width\":1000,\"height\":625},{\"@type\":\"BreadcrumbList\",\"@id\":\"https:\/\/www.kolkoarchitektoniczne.pl\/index.php\/2023\/02\/14\/kropka-wyrazone\/#breadcrumb\",\"itemListElement\":[{\"@type\":\"ListItem\",\"position\":1,\"name\":\"Strona g\u0142\u00f3wna\",\"item\":\"https:\/\/www.kolkoarchitektoniczne.pl\/\"},{\"@type\":\"ListItem\",\"position\":2,\"name\":\"KROPK\u0104 wyra\u017cone\"}]},{\"@type\":\"WebSite\",\"@id\":\"https:\/\/www.kolkoarchitektoniczne.pl\/#website\",\"url\":\"https:\/\/www.kolkoarchitektoniczne.pl\/\",\"name\":\"HOME\",\"description\":\"K&oacute;\u0142ko Architektoniczne\",\"potentialAction\":[{\"@type\":\"SearchAction\",\"target\":{\"@type\":\"EntryPoint\",\"urlTemplate\":\"https:\/\/www.kolkoarchitektoniczne.pl\/?s={search_term_string}\"},\"query-input\":{\"@type\":\"PropertyValueSpecification\",\"valueRequired\":true,\"valueName\":\"search_term_string\"}}],\"inLanguage\":\"pl-PL\"},{\"@type\":\"Person\",\"@id\":\"https:\/\/www.kolkoarchitektoniczne.pl\/#\/schema\/person\/cfdecad4266647bd853805d1e151f6a6\",\"name\":\"Aga\",\"image\":{\"@type\":\"ImageObject\",\"inLanguage\":\"pl-PL\",\"@id\":\"https:\/\/www.kolkoarchitektoniczne.pl\/#\/schema\/person\/image\/\",\"url\":\"https:\/\/secure.gravatar.com\/avatar\/4c42aced5221f2be65f5549d874e056a88cad964475bce51c9d9f738103f65e0?s=96&d=mm&r=g\",\"contentUrl\":\"https:\/\/secure.gravatar.com\/avatar\/4c42aced5221f2be65f5549d874e056a88cad964475bce51c9d9f738103f65e0?s=96&d=mm&r=g\",\"caption\":\"Aga\"},\"url\":\"https:\/\/www.kolkoarchitektoniczne.pl\/index.php\/author\/aga\/\"}]}<\/script>\n<!-- \/ Yoast SEO plugin. -->","yoast_head_json":{"title":"KROPK\u0104 wyra\u017cone - HOME","robots":{"index":"index","follow":"follow","max-snippet":"max-snippet:-1","max-image-preview":"max-image-preview:large","max-video-preview":"max-video-preview:-1"},"canonical":"https:\/\/www.kolkoarchitektoniczne.pl\/index.php\/2023\/02\/14\/kropka-wyrazone\/","og_locale":"pl_PL","og_type":"article","og_title":"KROPK\u0104 wyra\u017cone - HOME","og_description":"Niekt\u00f3rzy s\u0105dz\u0105, \u017ce \u015bwiat zbudowany jest z PIKSELI. Ale czy to prawda? Czy \u015bwiat to tylko kropki? Jak postrzega\u0142 \u015bwiat Oscar Claude Monet. Malowa\u0142 kropkami. Po co?Chcia\u0142 w ten spos\u00f3b uchwyci\u0107 ulotne momenty. By\u0142 wsp\u00f3\u0142tw\u00f3rc\u0105 Impresjonizmu. Podj\u0119li\u015bmy si\u0119 tego zadania i bazuj\u0105c na tej samej technice co Monet pokropkowali\u015bmy nasze prace. Najpierw stworzyli\u015bmy obrazy na... Czytaj dalej","og_url":"https:\/\/www.kolkoarchitektoniczne.pl\/index.php\/2023\/02\/14\/kropka-wyrazone\/","og_site_name":"HOME","article_published_time":"2023-02-14T15:59:24+00:00","article_modified_time":"2024-09-02T18:49:24+00:00","og_image":[{"width":1000,"height":625,"url":"https:\/\/www.kolkoarchitektoniczne.pl\/wp-content\/uploads\/2023\/02\/zdjecia-z-zajec13.jpg","type":"image\/jpeg"}],"author":"Aga","twitter_card":"summary_large_image","twitter_misc":{"Napisane przez":"Aga","Szacowany czas czytania":"4 minuty"},"schema":{"@context":"https:\/\/schema.org","@graph":[{"@type":"WebPage","@id":"https:\/\/www.kolkoarchitektoniczne.pl\/index.php\/2023\/02\/14\/kropka-wyrazone\/","url":"https:\/\/www.kolkoarchitektoniczne.pl\/index.php\/2023\/02\/14\/kropka-wyrazone\/","name":"KROPK\u0104 wyra\u017cone - HOME","isPartOf":{"@id":"https:\/\/www.kolkoarchitektoniczne.pl\/#website"},"primaryImageOfPage":{"@id":"https:\/\/www.kolkoarchitektoniczne.pl\/index.php\/2023\/02\/14\/kropka-wyrazone\/#primaryimage"},"image":{"@id":"https:\/\/www.kolkoarchitektoniczne.pl\/index.php\/2023\/02\/14\/kropka-wyrazone\/#primaryimage"},"thumbnailUrl":"https:\/\/www.kolkoarchitektoniczne.pl\/wp-content\/uploads\/2023\/02\/zdjecia-z-zajec13.jpg","datePublished":"2023-02-14T15:59:24+00:00","dateModified":"2024-09-02T18:49:24+00:00","author":{"@id":"https:\/\/www.kolkoarchitektoniczne.pl\/#\/schema\/person\/cfdecad4266647bd853805d1e151f6a6"},"breadcrumb":{"@id":"https:\/\/www.kolkoarchitektoniczne.pl\/index.php\/2023\/02\/14\/kropka-wyrazone\/#breadcrumb"},"inLanguage":"pl-PL","potentialAction":[{"@type":"ReadAction","target":["https:\/\/www.kolkoarchitektoniczne.pl\/index.php\/2023\/02\/14\/kropka-wyrazone\/"]}]},{"@type":"ImageObject","inLanguage":"pl-PL","@id":"https:\/\/www.kolkoarchitektoniczne.pl\/index.php\/2023\/02\/14\/kropka-wyrazone\/#primaryimage","url":"https:\/\/www.kolkoarchitektoniczne.pl\/wp-content\/uploads\/2023\/02\/zdjecia-z-zajec13.jpg","contentUrl":"https:\/\/www.kolkoarchitektoniczne.pl\/wp-content\/uploads\/2023\/02\/zdjecia-z-zajec13.jpg","width":1000,"height":625},{"@type":"BreadcrumbList","@id":"https:\/\/www.kolkoarchitektoniczne.pl\/index.php\/2023\/02\/14\/kropka-wyrazone\/#breadcrumb","itemListElement":[{"@type":"ListItem","position":1,"name":"Strona g\u0142\u00f3wna","item":"https:\/\/www.kolkoarchitektoniczne.pl\/"},{"@type":"ListItem","position":2,"name":"KROPK\u0104 wyra\u017cone"}]},{"@type":"WebSite","@id":"https:\/\/www.kolkoarchitektoniczne.pl\/#website","url":"https:\/\/www.kolkoarchitektoniczne.pl\/","name":"HOME","description":"K&oacute;\u0142ko Architektoniczne","potentialAction":[{"@type":"SearchAction","target":{"@type":"EntryPoint","urlTemplate":"https:\/\/www.kolkoarchitektoniczne.pl\/?s={search_term_string}"},"query-input":{"@type":"PropertyValueSpecification","valueRequired":true,"valueName":"search_term_string"}}],"inLanguage":"pl-PL"},{"@type":"Person","@id":"https:\/\/www.kolkoarchitektoniczne.pl\/#\/schema\/person\/cfdecad4266647bd853805d1e151f6a6","name":"Aga","image":{"@type":"ImageObject","inLanguage":"pl-PL","@id":"https:\/\/www.kolkoarchitektoniczne.pl\/#\/schema\/person\/image\/","url":"https:\/\/secure.gravatar.com\/avatar\/4c42aced5221f2be65f5549d874e056a88cad964475bce51c9d9f738103f65e0?s=96&d=mm&r=g","contentUrl":"https:\/\/secure.gravatar.com\/avatar\/4c42aced5221f2be65f5549d874e056a88cad964475bce51c9d9f738103f65e0?s=96&d=mm&r=g","caption":"Aga"},"url":"https:\/\/www.kolkoarchitektoniczne.pl\/index.php\/author\/aga\/"}]}},"_links":{"self":[{"href":"https:\/\/www.kolkoarchitektoniczne.pl\/index.php\/wp-json\/wp\/v2\/posts\/2010","targetHints":{"allow":["GET"]}}],"collection":[{"href":"https:\/\/www.kolkoarchitektoniczne.pl\/index.php\/wp-json\/wp\/v2\/posts"}],"about":[{"href":"https:\/\/www.kolkoarchitektoniczne.pl\/index.php\/wp-json\/wp\/v2\/types\/post"}],"author":[{"embeddable":true,"href":"https:\/\/www.kolkoarchitektoniczne.pl\/index.php\/wp-json\/wp\/v2\/users\/4"}],"replies":[{"embeddable":true,"href":"https:\/\/www.kolkoarchitektoniczne.pl\/index.php\/wp-json\/wp\/v2\/comments?post=2010"}],"version-history":[{"count":5,"href":"https:\/\/www.kolkoarchitektoniczne.pl\/index.php\/wp-json\/wp\/v2\/posts\/2010\/revisions"}],"predecessor-version":[{"id":2028,"href":"https:\/\/www.kolkoarchitektoniczne.pl\/index.php\/wp-json\/wp\/v2\/posts\/2010\/revisions\/2028"}],"wp:featuredmedia":[{"embeddable":true,"href":"https:\/\/www.kolkoarchitektoniczne.pl\/index.php\/wp-json\/wp\/v2\/media\/2012"}],"wp:attachment":[{"href":"https:\/\/www.kolkoarchitektoniczne.pl\/index.php\/wp-json\/wp\/v2\/media?parent=2010"}],"wp:term":[{"taxonomy":"category","embeddable":true,"href":"https:\/\/www.kolkoarchitektoniczne.pl\/index.php\/wp-json\/wp\/v2\/categories?post=2010"},{"taxonomy":"post_tag","embeddable":true,"href":"https:\/\/www.kolkoarchitektoniczne.pl\/index.php\/wp-json\/wp\/v2\/tags?post=2010"}],"curies":[{"name":"wp","href":"https:\/\/api.w.org\/{rel}","templated":true}]}}