{"id":1858,"date":"2022-11-15T19:22:19","date_gmt":"2022-11-15T17:22:19","guid":{"rendered":"https:\/\/www.kolkoarchitektoniczne.pl\/?p=1858"},"modified":"2024-09-02T20:47:32","modified_gmt":"2024-09-02T18:47:32","slug":"weglem-rysowane","status":"publish","type":"post","link":"https:\/\/www.kolkoarchitektoniczne.pl\/index.php\/2022\/11\/15\/weglem-rysowane\/","title":{"rendered":"W\u0118GLEM rysowane"},"content":{"rendered":"\n<p>Poznali\u015bmy najstarszy spos\u00f3b tworzenia obraz\u00f3w przez cz\u0142owieka. <\/p>\n\n\n\n<p>Na wyspie Celebes w Indonezji  w jaskini Leang Tedongngew, w 2017 roku odkryto rysunki naskalne, datowane na 45,5 tys. lat.  To s\u0105 obecnie najstarsze znane  malowid\u0142a. <br><br>Najstarszym rysunkiem naskalnym w Australii jest 2-metrowy kangur kt\u00f3ry powsta\u0142 ok 17,5 tys lat temu, a w Europie najstarsze malowid\u0142a powsta\u0142y przesz\u0142o 35 tys. lat temu &#8211; jaskinia Chauveta.<\/p>\n\n\n\n<p>Dzie\u0142a o kt\u00f3rych wy\u017cej wspomnia\u0142y\u015bmy s\u0105 najcz\u0119\u015bciej czerwone lub czarne, rzadziej \u017c\u00f3\u0142te. Malowano je dost\u0119pnymi materia\u0142ami: orch\u0105, spopielonym drewnem\/<strong>w\u0119glem<\/strong>, hematytem, r\u00f3\u017cnymi barwnikami.<\/p>\n\n\n\n<p>Uzbrojeni w jedno z najstarszych narz\u0119dzi do malowania czyli w\u0119giel podj\u0119li\u015bmy si\u0119 wyzwania,  stworzy\u0107 w\u0142asne dzie\u0142o, co prawda nie na skale tylko na bia\u0142ym kartonie.<\/p>\n\n\n\n<p><br>Okaza\u0142o si\u0119, \u017ce to wcale nie jest takie proste. <\/p>\n\n\n\n<figure class=\"wp-block-image size-full\"><img loading=\"lazy\" decoding=\"async\" width=\"1000\" height=\"715\" src=\"https:\/\/www.kolkoarchitektoniczne.pl\/wp-content\/uploads\/2022\/11\/IMG_8164.jpg\" alt=\"\" class=\"wp-image-1861\" srcset=\"https:\/\/www.kolkoarchitektoniczne.pl\/wp-content\/uploads\/2022\/11\/IMG_8164.jpg 1000w, https:\/\/www.kolkoarchitektoniczne.pl\/wp-content\/uploads\/2022\/11\/IMG_8164-300x215.jpg 300w, https:\/\/www.kolkoarchitektoniczne.pl\/wp-content\/uploads\/2022\/11\/IMG_8164-768x549.jpg 768w, https:\/\/www.kolkoarchitektoniczne.pl\/wp-content\/uploads\/2022\/11\/IMG_8164-24x17.jpg 24w, https:\/\/www.kolkoarchitektoniczne.pl\/wp-content\/uploads\/2022\/11\/IMG_8164-36x26.jpg 36w, https:\/\/www.kolkoarchitektoniczne.pl\/wp-content\/uploads\/2022\/11\/IMG_8164-48x34.jpg 48w\" sizes=\"auto, (max-width: 1000px) 100vw, 1000px\" \/><\/figure>\n\n\n\n<figure class=\"wp-block-image size-full\"><img loading=\"lazy\" decoding=\"async\" width=\"1000\" height=\"656\" src=\"https:\/\/www.kolkoarchitektoniczne.pl\/wp-content\/uploads\/2022\/11\/IMG_8163.jpg\" alt=\"\" class=\"wp-image-1862\" srcset=\"https:\/\/www.kolkoarchitektoniczne.pl\/wp-content\/uploads\/2022\/11\/IMG_8163.jpg 1000w, https:\/\/www.kolkoarchitektoniczne.pl\/wp-content\/uploads\/2022\/11\/IMG_8163-300x197.jpg 300w, https:\/\/www.kolkoarchitektoniczne.pl\/wp-content\/uploads\/2022\/11\/IMG_8163-768x504.jpg 768w, https:\/\/www.kolkoarchitektoniczne.pl\/wp-content\/uploads\/2022\/11\/IMG_8163-24x16.jpg 24w, https:\/\/www.kolkoarchitektoniczne.pl\/wp-content\/uploads\/2022\/11\/IMG_8163-36x24.jpg 36w, https:\/\/www.kolkoarchitektoniczne.pl\/wp-content\/uploads\/2022\/11\/IMG_8163-48x31.jpg 48w\" sizes=\"auto, (max-width: 1000px) 100vw, 1000px\" \/><\/figure>\n\n\n\n<p> <\/p>\n\n\n\n<figure class=\"wp-block-image size-full\"><img loading=\"lazy\" decoding=\"async\" width=\"1000\" height=\"1000\" src=\"https:\/\/www.kolkoarchitektoniczne.pl\/wp-content\/uploads\/2022\/11\/relacja13.jpg\" alt=\"\" class=\"wp-image-1863\" srcset=\"https:\/\/www.kolkoarchitektoniczne.pl\/wp-content\/uploads\/2022\/11\/relacja13.jpg 1000w, https:\/\/www.kolkoarchitektoniczne.pl\/wp-content\/uploads\/2022\/11\/relacja13-300x300.jpg 300w, https:\/\/www.kolkoarchitektoniczne.pl\/wp-content\/uploads\/2022\/11\/relacja13-150x150.jpg 150w, https:\/\/www.kolkoarchitektoniczne.pl\/wp-content\/uploads\/2022\/11\/relacja13-768x768.jpg 768w, https:\/\/www.kolkoarchitektoniczne.pl\/wp-content\/uploads\/2022\/11\/relacja13-24x24.jpg 24w, https:\/\/www.kolkoarchitektoniczne.pl\/wp-content\/uploads\/2022\/11\/relacja13-36x36.jpg 36w, https:\/\/www.kolkoarchitektoniczne.pl\/wp-content\/uploads\/2022\/11\/relacja13-48x48.jpg 48w\" sizes=\"auto, (max-width: 1000px) 100vw, 1000px\" \/><\/figure>\n\n\n\n<figure class=\"wp-block-image size-full\"><img loading=\"lazy\" decoding=\"async\" width=\"1000\" height=\"1000\" src=\"https:\/\/www.kolkoarchitektoniczne.pl\/wp-content\/uploads\/2022\/11\/relacja14.jpg\" alt=\"\" class=\"wp-image-1865\" srcset=\"https:\/\/www.kolkoarchitektoniczne.pl\/wp-content\/uploads\/2022\/11\/relacja14.jpg 1000w, https:\/\/www.kolkoarchitektoniczne.pl\/wp-content\/uploads\/2022\/11\/relacja14-300x300.jpg 300w, https:\/\/www.kolkoarchitektoniczne.pl\/wp-content\/uploads\/2022\/11\/relacja14-150x150.jpg 150w, https:\/\/www.kolkoarchitektoniczne.pl\/wp-content\/uploads\/2022\/11\/relacja14-768x768.jpg 768w, https:\/\/www.kolkoarchitektoniczne.pl\/wp-content\/uploads\/2022\/11\/relacja14-24x24.jpg 24w, https:\/\/www.kolkoarchitektoniczne.pl\/wp-content\/uploads\/2022\/11\/relacja14-36x36.jpg 36w, https:\/\/www.kolkoarchitektoniczne.pl\/wp-content\/uploads\/2022\/11\/relacja14-48x48.jpg 48w\" sizes=\"auto, (max-width: 1000px) 100vw, 1000px\" \/><\/figure>\n\n\n\n<p><\/p>\n\n\n\n<p>Troch\u0119 palce si\u0119 pobrudzi\u0142y. WARTO BY\u0141O.<\/p>\n\n\n\n<p>Prowadz\u0105ce<br>K\u00f3\u0142ko Architektoniczne<\/p>\n","protected":false},"excerpt":{"rendered":"<p>Poznali\u015bmy najstarszy spos\u00f3b tworzenia obraz\u00f3w przez cz\u0142owieka. Na wyspie Celebes w Indonezji w jaskini Leang Tedongngew, w 2017 roku odkryto rysunki naskalne, datowane na 45,5 tys. lat. To s\u0105 obecnie najstarsze znane malowid\u0142a. Najstarszym rysunkiem naskalnym w Australii jest 2-metrowy kangur kt\u00f3ry powsta\u0142 ok 17,5 tys lat temu, a w Europie najstarsze malowid\u0142a powsta\u0142y przesz\u0142o&#8230; <\/p>\n<div class=\"link-more\"><a href=\"https:\/\/www.kolkoarchitektoniczne.pl\/index.php\/2022\/11\/15\/weglem-rysowane\/\">Czytaj dalej<\/a><\/div>\n","protected":false},"author":4,"featured_media":1860,"comment_status":"closed","ping_status":"closed","sticky":false,"template":"","format":"standard","meta":{"ngg_post_thumbnail":0,"footnotes":""},"categories":[17],"tags":[],"class_list":["post-1858","post","type-post","status-publish","format-standard","has-post-thumbnail","hentry","category-grupy-srednio-zaawansowane"],"yoast_head":"<!-- This site is optimized with the Yoast SEO plugin v25.8 - https:\/\/yoast.com\/wordpress\/plugins\/seo\/ -->\n<title>W\u0118GLEM rysowane - HOME<\/title>\n<meta name=\"robots\" content=\"index, follow, max-snippet:-1, max-image-preview:large, max-video-preview:-1\" \/>\n<link rel=\"canonical\" href=\"https:\/\/www.kolkoarchitektoniczne.pl\/index.php\/2022\/11\/15\/weglem-rysowane\/\" \/>\n<meta property=\"og:locale\" content=\"pl_PL\" \/>\n<meta property=\"og:type\" content=\"article\" \/>\n<meta property=\"og:title\" content=\"W\u0118GLEM rysowane - HOME\" \/>\n<meta property=\"og:description\" content=\"Poznali\u015bmy najstarszy spos\u00f3b tworzenia obraz\u00f3w przez cz\u0142owieka. Na wyspie Celebes w Indonezji w jaskini Leang Tedongngew, w 2017 roku odkryto rysunki naskalne, datowane na 45,5 tys. lat. To s\u0105 obecnie najstarsze znane malowid\u0142a. Najstarszym rysunkiem naskalnym w Australii jest 2-metrowy kangur kt\u00f3ry powsta\u0142 ok 17,5 tys lat temu, a w Europie najstarsze malowid\u0142a powsta\u0142y przesz\u0142o... Czytaj dalej\" \/>\n<meta property=\"og:url\" content=\"https:\/\/www.kolkoarchitektoniczne.pl\/index.php\/2022\/11\/15\/weglem-rysowane\/\" \/>\n<meta property=\"og:site_name\" content=\"HOME\" \/>\n<meta property=\"article:published_time\" content=\"2022-11-15T17:22:19+00:00\" \/>\n<meta property=\"article:modified_time\" content=\"2024-09-02T18:47:32+00:00\" \/>\n<meta property=\"og:image\" content=\"https:\/\/www.kolkoarchitektoniczne.pl\/wp-content\/uploads\/2022\/11\/IMG_8154.jpg\" \/>\n\t<meta property=\"og:image:width\" content=\"1000\" \/>\n\t<meta property=\"og:image:height\" content=\"681\" \/>\n\t<meta property=\"og:image:type\" content=\"image\/jpeg\" \/>\n<meta name=\"author\" content=\"Aga\" \/>\n<meta name=\"twitter:card\" content=\"summary_large_image\" \/>\n<meta name=\"twitter:label1\" content=\"Napisane przez\" \/>\n\t<meta name=\"twitter:data1\" content=\"Aga\" \/>\n\t<meta name=\"twitter:label2\" content=\"Szacowany czas czytania\" \/>\n\t<meta name=\"twitter:data2\" content=\"2 minuty\" \/>\n<script type=\"application\/ld+json\" class=\"yoast-schema-graph\">{\"@context\":\"https:\/\/schema.org\",\"@graph\":[{\"@type\":\"WebPage\",\"@id\":\"https:\/\/www.kolkoarchitektoniczne.pl\/index.php\/2022\/11\/15\/weglem-rysowane\/\",\"url\":\"https:\/\/www.kolkoarchitektoniczne.pl\/index.php\/2022\/11\/15\/weglem-rysowane\/\",\"name\":\"W\u0118GLEM rysowane - HOME\",\"isPartOf\":{\"@id\":\"https:\/\/www.kolkoarchitektoniczne.pl\/#website\"},\"primaryImageOfPage\":{\"@id\":\"https:\/\/www.kolkoarchitektoniczne.pl\/index.php\/2022\/11\/15\/weglem-rysowane\/#primaryimage\"},\"image\":{\"@id\":\"https:\/\/www.kolkoarchitektoniczne.pl\/index.php\/2022\/11\/15\/weglem-rysowane\/#primaryimage\"},\"thumbnailUrl\":\"https:\/\/www.kolkoarchitektoniczne.pl\/wp-content\/uploads\/2022\/11\/IMG_8154.jpg\",\"datePublished\":\"2022-11-15T17:22:19+00:00\",\"dateModified\":\"2024-09-02T18:47:32+00:00\",\"author\":{\"@id\":\"https:\/\/www.kolkoarchitektoniczne.pl\/#\/schema\/person\/cfdecad4266647bd853805d1e151f6a6\"},\"breadcrumb\":{\"@id\":\"https:\/\/www.kolkoarchitektoniczne.pl\/index.php\/2022\/11\/15\/weglem-rysowane\/#breadcrumb\"},\"inLanguage\":\"pl-PL\",\"potentialAction\":[{\"@type\":\"ReadAction\",\"target\":[\"https:\/\/www.kolkoarchitektoniczne.pl\/index.php\/2022\/11\/15\/weglem-rysowane\/\"]}]},{\"@type\":\"ImageObject\",\"inLanguage\":\"pl-PL\",\"@id\":\"https:\/\/www.kolkoarchitektoniczne.pl\/index.php\/2022\/11\/15\/weglem-rysowane\/#primaryimage\",\"url\":\"https:\/\/www.kolkoarchitektoniczne.pl\/wp-content\/uploads\/2022\/11\/IMG_8154.jpg\",\"contentUrl\":\"https:\/\/www.kolkoarchitektoniczne.pl\/wp-content\/uploads\/2022\/11\/IMG_8154.jpg\",\"width\":1000,\"height\":681},{\"@type\":\"BreadcrumbList\",\"@id\":\"https:\/\/www.kolkoarchitektoniczne.pl\/index.php\/2022\/11\/15\/weglem-rysowane\/#breadcrumb\",\"itemListElement\":[{\"@type\":\"ListItem\",\"position\":1,\"name\":\"Strona g\u0142\u00f3wna\",\"item\":\"https:\/\/www.kolkoarchitektoniczne.pl\/\"},{\"@type\":\"ListItem\",\"position\":2,\"name\":\"W\u0118GLEM rysowane\"}]},{\"@type\":\"WebSite\",\"@id\":\"https:\/\/www.kolkoarchitektoniczne.pl\/#website\",\"url\":\"https:\/\/www.kolkoarchitektoniczne.pl\/\",\"name\":\"HOME\",\"description\":\"K&oacute;\u0142ko Architektoniczne\",\"potentialAction\":[{\"@type\":\"SearchAction\",\"target\":{\"@type\":\"EntryPoint\",\"urlTemplate\":\"https:\/\/www.kolkoarchitektoniczne.pl\/?s={search_term_string}\"},\"query-input\":{\"@type\":\"PropertyValueSpecification\",\"valueRequired\":true,\"valueName\":\"search_term_string\"}}],\"inLanguage\":\"pl-PL\"},{\"@type\":\"Person\",\"@id\":\"https:\/\/www.kolkoarchitektoniczne.pl\/#\/schema\/person\/cfdecad4266647bd853805d1e151f6a6\",\"name\":\"Aga\",\"image\":{\"@type\":\"ImageObject\",\"inLanguage\":\"pl-PL\",\"@id\":\"https:\/\/www.kolkoarchitektoniczne.pl\/#\/schema\/person\/image\/\",\"url\":\"https:\/\/secure.gravatar.com\/avatar\/4c42aced5221f2be65f5549d874e056a88cad964475bce51c9d9f738103f65e0?s=96&d=mm&r=g\",\"contentUrl\":\"https:\/\/secure.gravatar.com\/avatar\/4c42aced5221f2be65f5549d874e056a88cad964475bce51c9d9f738103f65e0?s=96&d=mm&r=g\",\"caption\":\"Aga\"},\"url\":\"https:\/\/www.kolkoarchitektoniczne.pl\/index.php\/author\/aga\/\"}]}<\/script>\n<!-- \/ Yoast SEO plugin. -->","yoast_head_json":{"title":"W\u0118GLEM rysowane - HOME","robots":{"index":"index","follow":"follow","max-snippet":"max-snippet:-1","max-image-preview":"max-image-preview:large","max-video-preview":"max-video-preview:-1"},"canonical":"https:\/\/www.kolkoarchitektoniczne.pl\/index.php\/2022\/11\/15\/weglem-rysowane\/","og_locale":"pl_PL","og_type":"article","og_title":"W\u0118GLEM rysowane - HOME","og_description":"Poznali\u015bmy najstarszy spos\u00f3b tworzenia obraz\u00f3w przez cz\u0142owieka. Na wyspie Celebes w Indonezji w jaskini Leang Tedongngew, w 2017 roku odkryto rysunki naskalne, datowane na 45,5 tys. lat. To s\u0105 obecnie najstarsze znane malowid\u0142a. Najstarszym rysunkiem naskalnym w Australii jest 2-metrowy kangur kt\u00f3ry powsta\u0142 ok 17,5 tys lat temu, a w Europie najstarsze malowid\u0142a powsta\u0142y przesz\u0142o... Czytaj dalej","og_url":"https:\/\/www.kolkoarchitektoniczne.pl\/index.php\/2022\/11\/15\/weglem-rysowane\/","og_site_name":"HOME","article_published_time":"2022-11-15T17:22:19+00:00","article_modified_time":"2024-09-02T18:47:32+00:00","og_image":[{"width":1000,"height":681,"url":"https:\/\/www.kolkoarchitektoniczne.pl\/wp-content\/uploads\/2022\/11\/IMG_8154.jpg","type":"image\/jpeg"}],"author":"Aga","twitter_card":"summary_large_image","twitter_misc":{"Napisane przez":"Aga","Szacowany czas czytania":"2 minuty"},"schema":{"@context":"https:\/\/schema.org","@graph":[{"@type":"WebPage","@id":"https:\/\/www.kolkoarchitektoniczne.pl\/index.php\/2022\/11\/15\/weglem-rysowane\/","url":"https:\/\/www.kolkoarchitektoniczne.pl\/index.php\/2022\/11\/15\/weglem-rysowane\/","name":"W\u0118GLEM rysowane - HOME","isPartOf":{"@id":"https:\/\/www.kolkoarchitektoniczne.pl\/#website"},"primaryImageOfPage":{"@id":"https:\/\/www.kolkoarchitektoniczne.pl\/index.php\/2022\/11\/15\/weglem-rysowane\/#primaryimage"},"image":{"@id":"https:\/\/www.kolkoarchitektoniczne.pl\/index.php\/2022\/11\/15\/weglem-rysowane\/#primaryimage"},"thumbnailUrl":"https:\/\/www.kolkoarchitektoniczne.pl\/wp-content\/uploads\/2022\/11\/IMG_8154.jpg","datePublished":"2022-11-15T17:22:19+00:00","dateModified":"2024-09-02T18:47:32+00:00","author":{"@id":"https:\/\/www.kolkoarchitektoniczne.pl\/#\/schema\/person\/cfdecad4266647bd853805d1e151f6a6"},"breadcrumb":{"@id":"https:\/\/www.kolkoarchitektoniczne.pl\/index.php\/2022\/11\/15\/weglem-rysowane\/#breadcrumb"},"inLanguage":"pl-PL","potentialAction":[{"@type":"ReadAction","target":["https:\/\/www.kolkoarchitektoniczne.pl\/index.php\/2022\/11\/15\/weglem-rysowane\/"]}]},{"@type":"ImageObject","inLanguage":"pl-PL","@id":"https:\/\/www.kolkoarchitektoniczne.pl\/index.php\/2022\/11\/15\/weglem-rysowane\/#primaryimage","url":"https:\/\/www.kolkoarchitektoniczne.pl\/wp-content\/uploads\/2022\/11\/IMG_8154.jpg","contentUrl":"https:\/\/www.kolkoarchitektoniczne.pl\/wp-content\/uploads\/2022\/11\/IMG_8154.jpg","width":1000,"height":681},{"@type":"BreadcrumbList","@id":"https:\/\/www.kolkoarchitektoniczne.pl\/index.php\/2022\/11\/15\/weglem-rysowane\/#breadcrumb","itemListElement":[{"@type":"ListItem","position":1,"name":"Strona g\u0142\u00f3wna","item":"https:\/\/www.kolkoarchitektoniczne.pl\/"},{"@type":"ListItem","position":2,"name":"W\u0118GLEM rysowane"}]},{"@type":"WebSite","@id":"https:\/\/www.kolkoarchitektoniczne.pl\/#website","url":"https:\/\/www.kolkoarchitektoniczne.pl\/","name":"HOME","description":"K&oacute;\u0142ko Architektoniczne","potentialAction":[{"@type":"SearchAction","target":{"@type":"EntryPoint","urlTemplate":"https:\/\/www.kolkoarchitektoniczne.pl\/?s={search_term_string}"},"query-input":{"@type":"PropertyValueSpecification","valueRequired":true,"valueName":"search_term_string"}}],"inLanguage":"pl-PL"},{"@type":"Person","@id":"https:\/\/www.kolkoarchitektoniczne.pl\/#\/schema\/person\/cfdecad4266647bd853805d1e151f6a6","name":"Aga","image":{"@type":"ImageObject","inLanguage":"pl-PL","@id":"https:\/\/www.kolkoarchitektoniczne.pl\/#\/schema\/person\/image\/","url":"https:\/\/secure.gravatar.com\/avatar\/4c42aced5221f2be65f5549d874e056a88cad964475bce51c9d9f738103f65e0?s=96&d=mm&r=g","contentUrl":"https:\/\/secure.gravatar.com\/avatar\/4c42aced5221f2be65f5549d874e056a88cad964475bce51c9d9f738103f65e0?s=96&d=mm&r=g","caption":"Aga"},"url":"https:\/\/www.kolkoarchitektoniczne.pl\/index.php\/author\/aga\/"}]}},"_links":{"self":[{"href":"https:\/\/www.kolkoarchitektoniczne.pl\/index.php\/wp-json\/wp\/v2\/posts\/1858","targetHints":{"allow":["GET"]}}],"collection":[{"href":"https:\/\/www.kolkoarchitektoniczne.pl\/index.php\/wp-json\/wp\/v2\/posts"}],"about":[{"href":"https:\/\/www.kolkoarchitektoniczne.pl\/index.php\/wp-json\/wp\/v2\/types\/post"}],"author":[{"embeddable":true,"href":"https:\/\/www.kolkoarchitektoniczne.pl\/index.php\/wp-json\/wp\/v2\/users\/4"}],"replies":[{"embeddable":true,"href":"https:\/\/www.kolkoarchitektoniczne.pl\/index.php\/wp-json\/wp\/v2\/comments?post=1858"}],"version-history":[{"count":5,"href":"https:\/\/www.kolkoarchitektoniczne.pl\/index.php\/wp-json\/wp\/v2\/posts\/1858\/revisions"}],"predecessor-version":[{"id":1869,"href":"https:\/\/www.kolkoarchitektoniczne.pl\/index.php\/wp-json\/wp\/v2\/posts\/1858\/revisions\/1869"}],"wp:featuredmedia":[{"embeddable":true,"href":"https:\/\/www.kolkoarchitektoniczne.pl\/index.php\/wp-json\/wp\/v2\/media\/1860"}],"wp:attachment":[{"href":"https:\/\/www.kolkoarchitektoniczne.pl\/index.php\/wp-json\/wp\/v2\/media?parent=1858"}],"wp:term":[{"taxonomy":"category","embeddable":true,"href":"https:\/\/www.kolkoarchitektoniczne.pl\/index.php\/wp-json\/wp\/v2\/categories?post=1858"},{"taxonomy":"post_tag","embeddable":true,"href":"https:\/\/www.kolkoarchitektoniczne.pl\/index.php\/wp-json\/wp\/v2\/tags?post=1858"}],"curies":[{"name":"wp","href":"https:\/\/api.w.org\/{rel}","templated":true}]}}