{"id":1518,"date":"2022-04-05T20:29:43","date_gmt":"2022-04-05T18:29:43","guid":{"rendered":"https:\/\/www.kolkoarchitektoniczne.pl\/?p=1518"},"modified":"2022-04-06T08:09:58","modified_gmt":"2022-04-06T06:09:58","slug":"uwaga-uwaga-pelne-zanurzenie","status":"publish","type":"post","link":"https:\/\/www.kolkoarchitektoniczne.pl\/index.php\/2022\/04\/05\/uwaga-uwaga-pelne-zanurzenie\/","title":{"rendered":"UWAGA! UWAGA! Pe\u0142ne zanurzenie."},"content":{"rendered":"\n<p>Po kalejdoskopach przyszed\u0142 czas na &#8230;..PERYSKOPY.<br>Wynalazc\u0105 prototypu peryskopu &#8211; polemoskopu by\u0142 gda\u0144ski astronom Jan Heweliusz.<br>Ju\u017c wiemy, \u017ce te wsp\u00f3\u0142czesne wymy\u015blono pierwotnie na potrzeby wojska.  Maj\u0105 zastosowanie tu, tak samo jak w kalejdoskopach, zasady <strong>OPTYKI<\/strong>, dziedziny fizyki, a w szczeg\u00f3lno\u015bci k\u0105t padania i k\u0105t odbicia.<\/p>\n\n\n\n<p>Nasi m\u0142odzi architekci ochoczo wzi\u0119li si\u0119 do pracy. Przy budowie peryskopu, najwa\u017cniejsza jest precyzja. K\u0105ty padania i odbicia na lusterkach w \u015brodku konstrukcji musz\u0105 by\u0107 dok\u0142adnie zaprojektowane, aby urz\u0105dzenie dzia\u0142a\u0142o.<\/p>\n\n\n\n<p>  <\/p>\n\n\n\n<figure class=\"wp-block-image size-full\"><img loading=\"lazy\" decoding=\"async\" width=\"1000\" height=\"667\" src=\"https:\/\/www.kolkoarchitektoniczne.pl\/wp-content\/uploads\/2022\/04\/IMG_4472.jpg\" alt=\"\" class=\"wp-image-1519\" srcset=\"https:\/\/www.kolkoarchitektoniczne.pl\/wp-content\/uploads\/2022\/04\/IMG_4472.jpg 1000w, https:\/\/www.kolkoarchitektoniczne.pl\/wp-content\/uploads\/2022\/04\/IMG_4472-300x200.jpg 300w, https:\/\/www.kolkoarchitektoniczne.pl\/wp-content\/uploads\/2022\/04\/IMG_4472-768x512.jpg 768w, https:\/\/www.kolkoarchitektoniczne.pl\/wp-content\/uploads\/2022\/04\/IMG_4472-680x455.jpg 680w, https:\/\/www.kolkoarchitektoniczne.pl\/wp-content\/uploads\/2022\/04\/IMG_4472-960x640.jpg 960w, https:\/\/www.kolkoarchitektoniczne.pl\/wp-content\/uploads\/2022\/04\/IMG_4472-24x16.jpg 24w, https:\/\/www.kolkoarchitektoniczne.pl\/wp-content\/uploads\/2022\/04\/IMG_4472-36x24.jpg 36w, https:\/\/www.kolkoarchitektoniczne.pl\/wp-content\/uploads\/2022\/04\/IMG_4472-48x32.jpg 48w\" sizes=\"auto, (max-width: 1000px) 100vw, 1000px\" \/><\/figure>\n\n\n\n<p>Mierzenie, dok\u0142adne przycinanie, sprawdzanie k\u0105t\u00f3w. Oto z czym przysz\u0142o si\u0119 zmierzy\u0107 naszym warsztatowiczom w grupach \u015aREDNIO ZAAWANSOWANYCH.<\/p>\n\n\n\n<figure class=\"wp-block-image size-full\"><img loading=\"lazy\" decoding=\"async\" width=\"1000\" height=\"667\" src=\"https:\/\/www.kolkoarchitektoniczne.pl\/wp-content\/uploads\/2022\/04\/IMG_4477.jpg\" alt=\"\" class=\"wp-image-1522\" srcset=\"https:\/\/www.kolkoarchitektoniczne.pl\/wp-content\/uploads\/2022\/04\/IMG_4477.jpg 1000w, https:\/\/www.kolkoarchitektoniczne.pl\/wp-content\/uploads\/2022\/04\/IMG_4477-300x200.jpg 300w, https:\/\/www.kolkoarchitektoniczne.pl\/wp-content\/uploads\/2022\/04\/IMG_4477-768x512.jpg 768w, https:\/\/www.kolkoarchitektoniczne.pl\/wp-content\/uploads\/2022\/04\/IMG_4477-680x455.jpg 680w, https:\/\/www.kolkoarchitektoniczne.pl\/wp-content\/uploads\/2022\/04\/IMG_4477-960x640.jpg 960w, https:\/\/www.kolkoarchitektoniczne.pl\/wp-content\/uploads\/2022\/04\/IMG_4477-24x16.jpg 24w, https:\/\/www.kolkoarchitektoniczne.pl\/wp-content\/uploads\/2022\/04\/IMG_4477-36x24.jpg 36w, https:\/\/www.kolkoarchitektoniczne.pl\/wp-content\/uploads\/2022\/04\/IMG_4477-48x32.jpg 48w\" sizes=\"auto, (max-width: 1000px) 100vw, 1000px\" \/><\/figure>\n\n\n\n<figure class=\"wp-block-image size-large\"><img loading=\"lazy\" decoding=\"async\" width=\"683\" height=\"1024\" src=\"https:\/\/www.kolkoarchitektoniczne.pl\/wp-content\/uploads\/2022\/04\/IMG_4478-683x1024.jpg\" alt=\"\" class=\"wp-image-1523\" srcset=\"https:\/\/www.kolkoarchitektoniczne.pl\/wp-content\/uploads\/2022\/04\/IMG_4478-683x1024.jpg 683w, https:\/\/www.kolkoarchitektoniczne.pl\/wp-content\/uploads\/2022\/04\/IMG_4478-200x300.jpg 200w, https:\/\/www.kolkoarchitektoniczne.pl\/wp-content\/uploads\/2022\/04\/IMG_4478-768x1152.jpg 768w, https:\/\/www.kolkoarchitektoniczne.pl\/wp-content\/uploads\/2022\/04\/IMG_4478-16x24.jpg 16w, https:\/\/www.kolkoarchitektoniczne.pl\/wp-content\/uploads\/2022\/04\/IMG_4478-24x36.jpg 24w, https:\/\/www.kolkoarchitektoniczne.pl\/wp-content\/uploads\/2022\/04\/IMG_4478-32x48.jpg 32w, https:\/\/www.kolkoarchitektoniczne.pl\/wp-content\/uploads\/2022\/04\/IMG_4478.jpg 1000w\" sizes=\"auto, (max-width: 683px) 100vw, 683px\" \/><\/figure>\n\n\n\n<p>Sprawdzanie, sprawdzanie i jeszcze raz sprawdzanie czy k\u0105ty padania i odbicia s\u0105 prawid\u0142owo usytuowane.<\/p>\n\n\n\n<figure class=\"wp-block-image size-full\"><img loading=\"lazy\" decoding=\"async\" width=\"1000\" height=\"667\" src=\"https:\/\/www.kolkoarchitektoniczne.pl\/wp-content\/uploads\/2022\/04\/IMG_4482.jpg\" alt=\"\" class=\"wp-image-1524\" srcset=\"https:\/\/www.kolkoarchitektoniczne.pl\/wp-content\/uploads\/2022\/04\/IMG_4482.jpg 1000w, https:\/\/www.kolkoarchitektoniczne.pl\/wp-content\/uploads\/2022\/04\/IMG_4482-300x200.jpg 300w, https:\/\/www.kolkoarchitektoniczne.pl\/wp-content\/uploads\/2022\/04\/IMG_4482-768x512.jpg 768w, https:\/\/www.kolkoarchitektoniczne.pl\/wp-content\/uploads\/2022\/04\/IMG_4482-680x455.jpg 680w, https:\/\/www.kolkoarchitektoniczne.pl\/wp-content\/uploads\/2022\/04\/IMG_4482-960x640.jpg 960w, https:\/\/www.kolkoarchitektoniczne.pl\/wp-content\/uploads\/2022\/04\/IMG_4482-24x16.jpg 24w, https:\/\/www.kolkoarchitektoniczne.pl\/wp-content\/uploads\/2022\/04\/IMG_4482-36x24.jpg 36w, https:\/\/www.kolkoarchitektoniczne.pl\/wp-content\/uploads\/2022\/04\/IMG_4482-48x32.jpg 48w\" sizes=\"auto, (max-width: 1000px) 100vw, 1000px\" \/><\/figure>\n\n\n\n<p>UWAGA! UWAGA! Pe\u0142ne zanurzenie&#8230;<\/p>\n\n\n\n<figure class=\"wp-block-image size-full\"><img loading=\"lazy\" decoding=\"async\" width=\"1000\" height=\"904\" src=\"https:\/\/www.kolkoarchitektoniczne.pl\/wp-content\/uploads\/2022\/04\/IMG_4489.jpg\" alt=\"\" class=\"wp-image-1525\" srcset=\"https:\/\/www.kolkoarchitektoniczne.pl\/wp-content\/uploads\/2022\/04\/IMG_4489.jpg 1000w, https:\/\/www.kolkoarchitektoniczne.pl\/wp-content\/uploads\/2022\/04\/IMG_4489-300x271.jpg 300w, https:\/\/www.kolkoarchitektoniczne.pl\/wp-content\/uploads\/2022\/04\/IMG_4489-768x694.jpg 768w, https:\/\/www.kolkoarchitektoniczne.pl\/wp-content\/uploads\/2022\/04\/IMG_4489-24x22.jpg 24w, https:\/\/www.kolkoarchitektoniczne.pl\/wp-content\/uploads\/2022\/04\/IMG_4489-36x33.jpg 36w, https:\/\/www.kolkoarchitektoniczne.pl\/wp-content\/uploads\/2022\/04\/IMG_4489-48x43.jpg 48w\" sizes=\"auto, (max-width: 1000px) 100vw, 1000px\" \/><\/figure>\n\n\n\n<p>Ciekawe co zobaczyli?<\/p>\n","protected":false},"excerpt":{"rendered":"<p>Po kalejdoskopach przyszed\u0142 czas na &#8230;..PERYSKOPY.Wynalazc\u0105 prototypu peryskopu &#8211; polemoskopu by\u0142 gda\u0144ski astronom Jan Heweliusz.Ju\u017c wiemy, \u017ce te wsp\u00f3\u0142czesne wymy\u015blono pierwotnie na potrzeby wojska. Maj\u0105 zastosowanie tu, tak samo jak w kalejdoskopach, zasady OPTYKI, dziedziny fizyki, a w szczeg\u00f3lno\u015bci k\u0105t padania i k\u0105t odbicia. Nasi m\u0142odzi architekci ochoczo wzi\u0119li si\u0119 do pracy. Przy budowie peryskopu,&#8230; <\/p>\n<div class=\"link-more\"><a href=\"https:\/\/www.kolkoarchitektoniczne.pl\/index.php\/2022\/04\/05\/uwaga-uwaga-pelne-zanurzenie\/\">Czytaj dalej<\/a><\/div>\n","protected":false},"author":4,"featured_media":1520,"comment_status":"open","ping_status":"open","sticky":false,"template":"","format":"standard","meta":{"ngg_post_thumbnail":0,"footnotes":""},"categories":[17],"tags":[],"class_list":["post-1518","post","type-post","status-publish","format-standard","has-post-thumbnail","hentry","category-grupy-srednio-zaawansowane"],"yoast_head":"<!-- This site is optimized with the Yoast SEO plugin v25.8 - https:\/\/yoast.com\/wordpress\/plugins\/seo\/ -->\n<title>UWAGA! UWAGA! Pe\u0142ne zanurzenie. - HOME<\/title>\n<meta name=\"robots\" content=\"index, follow, max-snippet:-1, max-image-preview:large, max-video-preview:-1\" \/>\n<link rel=\"canonical\" href=\"https:\/\/www.kolkoarchitektoniczne.pl\/index.php\/2022\/04\/05\/uwaga-uwaga-pelne-zanurzenie\/\" \/>\n<meta property=\"og:locale\" content=\"pl_PL\" \/>\n<meta property=\"og:type\" content=\"article\" \/>\n<meta property=\"og:title\" content=\"UWAGA! UWAGA! Pe\u0142ne zanurzenie. - HOME\" \/>\n<meta property=\"og:description\" content=\"Po kalejdoskopach przyszed\u0142 czas na &#8230;..PERYSKOPY.Wynalazc\u0105 prototypu peryskopu &#8211; polemoskopu by\u0142 gda\u0144ski astronom Jan Heweliusz.Ju\u017c wiemy, \u017ce te wsp\u00f3\u0142czesne wymy\u015blono pierwotnie na potrzeby wojska. Maj\u0105 zastosowanie tu, tak samo jak w kalejdoskopach, zasady OPTYKI, dziedziny fizyki, a w szczeg\u00f3lno\u015bci k\u0105t padania i k\u0105t odbicia. Nasi m\u0142odzi architekci ochoczo wzi\u0119li si\u0119 do pracy. Przy budowie peryskopu,... Czytaj dalej\" \/>\n<meta property=\"og:url\" content=\"https:\/\/www.kolkoarchitektoniczne.pl\/index.php\/2022\/04\/05\/uwaga-uwaga-pelne-zanurzenie\/\" \/>\n<meta property=\"og:site_name\" content=\"HOME\" \/>\n<meta property=\"article:published_time\" content=\"2022-04-05T18:29:43+00:00\" \/>\n<meta property=\"article:modified_time\" content=\"2022-04-06T06:09:58+00:00\" \/>\n<meta property=\"og:image\" content=\"https:\/\/www.kolkoarchitektoniczne.pl\/wp-content\/uploads\/2022\/04\/IMG_4484.jpg\" \/>\n\t<meta property=\"og:image:width\" content=\"1000\" \/>\n\t<meta property=\"og:image:height\" content=\"1027\" \/>\n\t<meta property=\"og:image:type\" content=\"image\/jpeg\" \/>\n<meta name=\"author\" content=\"Aga\" \/>\n<meta name=\"twitter:card\" content=\"summary_large_image\" \/>\n<meta name=\"twitter:label1\" content=\"Napisane przez\" \/>\n\t<meta name=\"twitter:data1\" content=\"Aga\" \/>\n\t<meta name=\"twitter:label2\" content=\"Szacowany czas czytania\" \/>\n\t<meta name=\"twitter:data2\" content=\"2 minuty\" \/>\n<script type=\"application\/ld+json\" class=\"yoast-schema-graph\">{\"@context\":\"https:\/\/schema.org\",\"@graph\":[{\"@type\":\"WebPage\",\"@id\":\"https:\/\/www.kolkoarchitektoniczne.pl\/index.php\/2022\/04\/05\/uwaga-uwaga-pelne-zanurzenie\/\",\"url\":\"https:\/\/www.kolkoarchitektoniczne.pl\/index.php\/2022\/04\/05\/uwaga-uwaga-pelne-zanurzenie\/\",\"name\":\"UWAGA! UWAGA! Pe\u0142ne zanurzenie. - HOME\",\"isPartOf\":{\"@id\":\"https:\/\/www.kolkoarchitektoniczne.pl\/#website\"},\"primaryImageOfPage\":{\"@id\":\"https:\/\/www.kolkoarchitektoniczne.pl\/index.php\/2022\/04\/05\/uwaga-uwaga-pelne-zanurzenie\/#primaryimage\"},\"image\":{\"@id\":\"https:\/\/www.kolkoarchitektoniczne.pl\/index.php\/2022\/04\/05\/uwaga-uwaga-pelne-zanurzenie\/#primaryimage\"},\"thumbnailUrl\":\"https:\/\/www.kolkoarchitektoniczne.pl\/wp-content\/uploads\/2022\/04\/IMG_4484.jpg\",\"datePublished\":\"2022-04-05T18:29:43+00:00\",\"dateModified\":\"2022-04-06T06:09:58+00:00\",\"author\":{\"@id\":\"https:\/\/www.kolkoarchitektoniczne.pl\/#\/schema\/person\/cfdecad4266647bd853805d1e151f6a6\"},\"breadcrumb\":{\"@id\":\"https:\/\/www.kolkoarchitektoniczne.pl\/index.php\/2022\/04\/05\/uwaga-uwaga-pelne-zanurzenie\/#breadcrumb\"},\"inLanguage\":\"pl-PL\",\"potentialAction\":[{\"@type\":\"ReadAction\",\"target\":[\"https:\/\/www.kolkoarchitektoniczne.pl\/index.php\/2022\/04\/05\/uwaga-uwaga-pelne-zanurzenie\/\"]}]},{\"@type\":\"ImageObject\",\"inLanguage\":\"pl-PL\",\"@id\":\"https:\/\/www.kolkoarchitektoniczne.pl\/index.php\/2022\/04\/05\/uwaga-uwaga-pelne-zanurzenie\/#primaryimage\",\"url\":\"https:\/\/www.kolkoarchitektoniczne.pl\/wp-content\/uploads\/2022\/04\/IMG_4484.jpg\",\"contentUrl\":\"https:\/\/www.kolkoarchitektoniczne.pl\/wp-content\/uploads\/2022\/04\/IMG_4484.jpg\",\"width\":1000,\"height\":1027},{\"@type\":\"BreadcrumbList\",\"@id\":\"https:\/\/www.kolkoarchitektoniczne.pl\/index.php\/2022\/04\/05\/uwaga-uwaga-pelne-zanurzenie\/#breadcrumb\",\"itemListElement\":[{\"@type\":\"ListItem\",\"position\":1,\"name\":\"Strona g\u0142\u00f3wna\",\"item\":\"https:\/\/www.kolkoarchitektoniczne.pl\/\"},{\"@type\":\"ListItem\",\"position\":2,\"name\":\"UWAGA! UWAGA! Pe\u0142ne zanurzenie.\"}]},{\"@type\":\"WebSite\",\"@id\":\"https:\/\/www.kolkoarchitektoniczne.pl\/#website\",\"url\":\"https:\/\/www.kolkoarchitektoniczne.pl\/\",\"name\":\"HOME\",\"description\":\"K&oacute;\u0142ko Architektoniczne\",\"potentialAction\":[{\"@type\":\"SearchAction\",\"target\":{\"@type\":\"EntryPoint\",\"urlTemplate\":\"https:\/\/www.kolkoarchitektoniczne.pl\/?s={search_term_string}\"},\"query-input\":{\"@type\":\"PropertyValueSpecification\",\"valueRequired\":true,\"valueName\":\"search_term_string\"}}],\"inLanguage\":\"pl-PL\"},{\"@type\":\"Person\",\"@id\":\"https:\/\/www.kolkoarchitektoniczne.pl\/#\/schema\/person\/cfdecad4266647bd853805d1e151f6a6\",\"name\":\"Aga\",\"image\":{\"@type\":\"ImageObject\",\"inLanguage\":\"pl-PL\",\"@id\":\"https:\/\/www.kolkoarchitektoniczne.pl\/#\/schema\/person\/image\/\",\"url\":\"https:\/\/secure.gravatar.com\/avatar\/4c42aced5221f2be65f5549d874e056a88cad964475bce51c9d9f738103f65e0?s=96&d=mm&r=g\",\"contentUrl\":\"https:\/\/secure.gravatar.com\/avatar\/4c42aced5221f2be65f5549d874e056a88cad964475bce51c9d9f738103f65e0?s=96&d=mm&r=g\",\"caption\":\"Aga\"},\"url\":\"https:\/\/www.kolkoarchitektoniczne.pl\/index.php\/author\/aga\/\"}]}<\/script>\n<!-- \/ Yoast SEO plugin. -->","yoast_head_json":{"title":"UWAGA! UWAGA! Pe\u0142ne zanurzenie. - HOME","robots":{"index":"index","follow":"follow","max-snippet":"max-snippet:-1","max-image-preview":"max-image-preview:large","max-video-preview":"max-video-preview:-1"},"canonical":"https:\/\/www.kolkoarchitektoniczne.pl\/index.php\/2022\/04\/05\/uwaga-uwaga-pelne-zanurzenie\/","og_locale":"pl_PL","og_type":"article","og_title":"UWAGA! UWAGA! Pe\u0142ne zanurzenie. - HOME","og_description":"Po kalejdoskopach przyszed\u0142 czas na &#8230;..PERYSKOPY.Wynalazc\u0105 prototypu peryskopu &#8211; polemoskopu by\u0142 gda\u0144ski astronom Jan Heweliusz.Ju\u017c wiemy, \u017ce te wsp\u00f3\u0142czesne wymy\u015blono pierwotnie na potrzeby wojska. Maj\u0105 zastosowanie tu, tak samo jak w kalejdoskopach, zasady OPTYKI, dziedziny fizyki, a w szczeg\u00f3lno\u015bci k\u0105t padania i k\u0105t odbicia. Nasi m\u0142odzi architekci ochoczo wzi\u0119li si\u0119 do pracy. Przy budowie peryskopu,... Czytaj dalej","og_url":"https:\/\/www.kolkoarchitektoniczne.pl\/index.php\/2022\/04\/05\/uwaga-uwaga-pelne-zanurzenie\/","og_site_name":"HOME","article_published_time":"2022-04-05T18:29:43+00:00","article_modified_time":"2022-04-06T06:09:58+00:00","og_image":[{"width":1000,"height":1027,"url":"https:\/\/www.kolkoarchitektoniczne.pl\/wp-content\/uploads\/2022\/04\/IMG_4484.jpg","type":"image\/jpeg"}],"author":"Aga","twitter_card":"summary_large_image","twitter_misc":{"Napisane przez":"Aga","Szacowany czas czytania":"2 minuty"},"schema":{"@context":"https:\/\/schema.org","@graph":[{"@type":"WebPage","@id":"https:\/\/www.kolkoarchitektoniczne.pl\/index.php\/2022\/04\/05\/uwaga-uwaga-pelne-zanurzenie\/","url":"https:\/\/www.kolkoarchitektoniczne.pl\/index.php\/2022\/04\/05\/uwaga-uwaga-pelne-zanurzenie\/","name":"UWAGA! UWAGA! Pe\u0142ne zanurzenie. - HOME","isPartOf":{"@id":"https:\/\/www.kolkoarchitektoniczne.pl\/#website"},"primaryImageOfPage":{"@id":"https:\/\/www.kolkoarchitektoniczne.pl\/index.php\/2022\/04\/05\/uwaga-uwaga-pelne-zanurzenie\/#primaryimage"},"image":{"@id":"https:\/\/www.kolkoarchitektoniczne.pl\/index.php\/2022\/04\/05\/uwaga-uwaga-pelne-zanurzenie\/#primaryimage"},"thumbnailUrl":"https:\/\/www.kolkoarchitektoniczne.pl\/wp-content\/uploads\/2022\/04\/IMG_4484.jpg","datePublished":"2022-04-05T18:29:43+00:00","dateModified":"2022-04-06T06:09:58+00:00","author":{"@id":"https:\/\/www.kolkoarchitektoniczne.pl\/#\/schema\/person\/cfdecad4266647bd853805d1e151f6a6"},"breadcrumb":{"@id":"https:\/\/www.kolkoarchitektoniczne.pl\/index.php\/2022\/04\/05\/uwaga-uwaga-pelne-zanurzenie\/#breadcrumb"},"inLanguage":"pl-PL","potentialAction":[{"@type":"ReadAction","target":["https:\/\/www.kolkoarchitektoniczne.pl\/index.php\/2022\/04\/05\/uwaga-uwaga-pelne-zanurzenie\/"]}]},{"@type":"ImageObject","inLanguage":"pl-PL","@id":"https:\/\/www.kolkoarchitektoniczne.pl\/index.php\/2022\/04\/05\/uwaga-uwaga-pelne-zanurzenie\/#primaryimage","url":"https:\/\/www.kolkoarchitektoniczne.pl\/wp-content\/uploads\/2022\/04\/IMG_4484.jpg","contentUrl":"https:\/\/www.kolkoarchitektoniczne.pl\/wp-content\/uploads\/2022\/04\/IMG_4484.jpg","width":1000,"height":1027},{"@type":"BreadcrumbList","@id":"https:\/\/www.kolkoarchitektoniczne.pl\/index.php\/2022\/04\/05\/uwaga-uwaga-pelne-zanurzenie\/#breadcrumb","itemListElement":[{"@type":"ListItem","position":1,"name":"Strona g\u0142\u00f3wna","item":"https:\/\/www.kolkoarchitektoniczne.pl\/"},{"@type":"ListItem","position":2,"name":"UWAGA! UWAGA! Pe\u0142ne zanurzenie."}]},{"@type":"WebSite","@id":"https:\/\/www.kolkoarchitektoniczne.pl\/#website","url":"https:\/\/www.kolkoarchitektoniczne.pl\/","name":"HOME","description":"K&oacute;\u0142ko Architektoniczne","potentialAction":[{"@type":"SearchAction","target":{"@type":"EntryPoint","urlTemplate":"https:\/\/www.kolkoarchitektoniczne.pl\/?s={search_term_string}"},"query-input":{"@type":"PropertyValueSpecification","valueRequired":true,"valueName":"search_term_string"}}],"inLanguage":"pl-PL"},{"@type":"Person","@id":"https:\/\/www.kolkoarchitektoniczne.pl\/#\/schema\/person\/cfdecad4266647bd853805d1e151f6a6","name":"Aga","image":{"@type":"ImageObject","inLanguage":"pl-PL","@id":"https:\/\/www.kolkoarchitektoniczne.pl\/#\/schema\/person\/image\/","url":"https:\/\/secure.gravatar.com\/avatar\/4c42aced5221f2be65f5549d874e056a88cad964475bce51c9d9f738103f65e0?s=96&d=mm&r=g","contentUrl":"https:\/\/secure.gravatar.com\/avatar\/4c42aced5221f2be65f5549d874e056a88cad964475bce51c9d9f738103f65e0?s=96&d=mm&r=g","caption":"Aga"},"url":"https:\/\/www.kolkoarchitektoniczne.pl\/index.php\/author\/aga\/"}]}},"_links":{"self":[{"href":"https:\/\/www.kolkoarchitektoniczne.pl\/index.php\/wp-json\/wp\/v2\/posts\/1518","targetHints":{"allow":["GET"]}}],"collection":[{"href":"https:\/\/www.kolkoarchitektoniczne.pl\/index.php\/wp-json\/wp\/v2\/posts"}],"about":[{"href":"https:\/\/www.kolkoarchitektoniczne.pl\/index.php\/wp-json\/wp\/v2\/types\/post"}],"author":[{"embeddable":true,"href":"https:\/\/www.kolkoarchitektoniczne.pl\/index.php\/wp-json\/wp\/v2\/users\/4"}],"replies":[{"embeddable":true,"href":"https:\/\/www.kolkoarchitektoniczne.pl\/index.php\/wp-json\/wp\/v2\/comments?post=1518"}],"version-history":[{"count":8,"href":"https:\/\/www.kolkoarchitektoniczne.pl\/index.php\/wp-json\/wp\/v2\/posts\/1518\/revisions"}],"predecessor-version":[{"id":1533,"href":"https:\/\/www.kolkoarchitektoniczne.pl\/index.php\/wp-json\/wp\/v2\/posts\/1518\/revisions\/1533"}],"wp:featuredmedia":[{"embeddable":true,"href":"https:\/\/www.kolkoarchitektoniczne.pl\/index.php\/wp-json\/wp\/v2\/media\/1520"}],"wp:attachment":[{"href":"https:\/\/www.kolkoarchitektoniczne.pl\/index.php\/wp-json\/wp\/v2\/media?parent=1518"}],"wp:term":[{"taxonomy":"category","embeddable":true,"href":"https:\/\/www.kolkoarchitektoniczne.pl\/index.php\/wp-json\/wp\/v2\/categories?post=1518"},{"taxonomy":"post_tag","embeddable":true,"href":"https:\/\/www.kolkoarchitektoniczne.pl\/index.php\/wp-json\/wp\/v2\/tags?post=1518"}],"curies":[{"name":"wp","href":"https:\/\/api.w.org\/{rel}","templated":true}]}}