{"id":1493,"date":"2022-03-10T11:39:17","date_gmt":"2022-03-10T09:39:17","guid":{"rendered":"https:\/\/www.kolkoarchitektoniczne.pl\/?p=1493"},"modified":"2022-10-17T20:06:53","modified_gmt":"2022-10-17T18:06:53","slug":"tensegrity","status":"publish","type":"post","link":"https:\/\/www.kolkoarchitektoniczne.pl\/index.php\/2022\/03\/10\/tensegrity\/","title":{"rendered":"&#8222;TENSEGRITY&#8221;"},"content":{"rendered":"\n<p>Co to jest &#8222;tensegrity&#8221;? <\/p>\n\n\n\n<p>Nie ma na to polskiego s\u0142owa. <br>To konstrukcja przestrzenna sk\u0142adaj\u0105ca si\u0119 ze sztywnych element\u00f3w, po\u0142\u0105czonych mi\u0119dzy sob\u0105 za pomoc\u0105 element\u00f3w wiotkich. Elementy sztywne zazwyczaj nie mog\u0105 si\u0119 przy tym styka\u0107, co powoduje, \u017ce konstrukcja wygl\u0105da jakby lewitowa\u0142a. <\/p>\n\n\n\n<p>Jednym s\u0142owem chodzi o to, \u017ce zawieszona masa nie ma sztywnych podp\u00f3r, a wszystkie si\u0142y podtrzymuj\u0105ce g\u00f3rny element s\u0105 rozci\u0105gaj\u0105ce. Mog\u0105 by\u0107 zatem zastosowane tylko linki. W naszym przypadku to by\u0142y \u017cy\u0142ki, aby uzyska\u0107 bardziej czarodziejski efekt. <br>Nie ma w tej konstrukcji si\u0142 \u015bciskaj\u0105cych.<\/p>\n\n\n\n<p>Na pocz\u0105tku przygody z tym typem konstrukcji zrobili\u015bmy zabawki (niekt\u00f3re s\u0105 \u015bwi\u0105teczne, bo zacz\u0119li\u015bmy ten temat w grudniu 2021). <br><br>Pomys\u0142: dany projekt ma lata\u0107 (tak aby widz si\u0119 nabra\u0142, \u017ce faktycznie lata). <br><br>Powsta\u0142 lataj\u0105cy statek kosmiczny, chmurka nad g\u0142ow\u0105 \u015bw. Miko\u0142aja, rajski ptak nad g\u00f3rsk\u0105 platform\u0105 widokow\u0105, sanie \u015bwi\u0119tego Miko\u0142aja przelatuj\u0105ce nad choink\u0105. <br><\/p>\n\n\n\n<figure class=\"wp-block-image size-full\"><img loading=\"lazy\" decoding=\"async\" width=\"1000\" height=\"787\" src=\"https:\/\/www.kolkoarchitektoniczne.pl\/wp-content\/uploads\/2022\/03\/statek-kosmiczny.jpg\" alt=\"\" class=\"wp-image-1496\" srcset=\"https:\/\/www.kolkoarchitektoniczne.pl\/wp-content\/uploads\/2022\/03\/statek-kosmiczny.jpg 1000w, https:\/\/www.kolkoarchitektoniczne.pl\/wp-content\/uploads\/2022\/03\/statek-kosmiczny-300x236.jpg 300w, https:\/\/www.kolkoarchitektoniczne.pl\/wp-content\/uploads\/2022\/03\/statek-kosmiczny-768x604.jpg 768w, https:\/\/www.kolkoarchitektoniczne.pl\/wp-content\/uploads\/2022\/03\/statek-kosmiczny-24x19.jpg 24w, https:\/\/www.kolkoarchitektoniczne.pl\/wp-content\/uploads\/2022\/03\/statek-kosmiczny-36x28.jpg 36w, https:\/\/www.kolkoarchitektoniczne.pl\/wp-content\/uploads\/2022\/03\/statek-kosmiczny-48x38.jpg 48w\" sizes=\"auto, (max-width: 1000px) 100vw, 1000px\" \/><\/figure>\n\n\n\n<figure class=\"wp-block-image size-full\"><img loading=\"lazy\" decoding=\"async\" width=\"1000\" height=\"882\" src=\"https:\/\/www.kolkoarchitektoniczne.pl\/wp-content\/uploads\/2022\/03\/swiateczna-chmurka.jpg\" alt=\"\" class=\"wp-image-1498\" srcset=\"https:\/\/www.kolkoarchitektoniczne.pl\/wp-content\/uploads\/2022\/03\/swiateczna-chmurka.jpg 1000w, https:\/\/www.kolkoarchitektoniczne.pl\/wp-content\/uploads\/2022\/03\/swiateczna-chmurka-300x265.jpg 300w, https:\/\/www.kolkoarchitektoniczne.pl\/wp-content\/uploads\/2022\/03\/swiateczna-chmurka-768x677.jpg 768w, https:\/\/www.kolkoarchitektoniczne.pl\/wp-content\/uploads\/2022\/03\/swiateczna-chmurka-24x21.jpg 24w, https:\/\/www.kolkoarchitektoniczne.pl\/wp-content\/uploads\/2022\/03\/swiateczna-chmurka-36x32.jpg 36w, https:\/\/www.kolkoarchitektoniczne.pl\/wp-content\/uploads\/2022\/03\/swiateczna-chmurka-48x42.jpg 48w\" sizes=\"auto, (max-width: 1000px) 100vw, 1000px\" \/><\/figure>\n\n\n\n<figure class=\"wp-block-image size-full\"><img loading=\"lazy\" decoding=\"async\" width=\"1000\" height=\"657\" src=\"https:\/\/www.kolkoarchitektoniczne.pl\/wp-content\/uploads\/2022\/03\/latajacy-ptak.jpg\" alt=\"\" class=\"wp-image-1499\" srcset=\"https:\/\/www.kolkoarchitektoniczne.pl\/wp-content\/uploads\/2022\/03\/latajacy-ptak.jpg 1000w, https:\/\/www.kolkoarchitektoniczne.pl\/wp-content\/uploads\/2022\/03\/latajacy-ptak-300x197.jpg 300w, https:\/\/www.kolkoarchitektoniczne.pl\/wp-content\/uploads\/2022\/03\/latajacy-ptak-768x505.jpg 768w, https:\/\/www.kolkoarchitektoniczne.pl\/wp-content\/uploads\/2022\/03\/latajacy-ptak-24x16.jpg 24w, https:\/\/www.kolkoarchitektoniczne.pl\/wp-content\/uploads\/2022\/03\/latajacy-ptak-36x24.jpg 36w, https:\/\/www.kolkoarchitektoniczne.pl\/wp-content\/uploads\/2022\/03\/latajacy-ptak-48x32.jpg 48w\" sizes=\"auto, (max-width: 1000px) 100vw, 1000px\" \/><\/figure>\n\n\n\n<figure class=\"wp-block-image size-full\"><img loading=\"lazy\" decoding=\"async\" width=\"1000\" height=\"967\" src=\"https:\/\/www.kolkoarchitektoniczne.pl\/wp-content\/uploads\/2022\/03\/sanie-sw.-Mikolaja.jpg\" alt=\"\" class=\"wp-image-1497\" srcset=\"https:\/\/www.kolkoarchitektoniczne.pl\/wp-content\/uploads\/2022\/03\/sanie-sw.-Mikolaja.jpg 1000w, https:\/\/www.kolkoarchitektoniczne.pl\/wp-content\/uploads\/2022\/03\/sanie-sw.-Mikolaja-300x290.jpg 300w, https:\/\/www.kolkoarchitektoniczne.pl\/wp-content\/uploads\/2022\/03\/sanie-sw.-Mikolaja-768x743.jpg 768w, https:\/\/www.kolkoarchitektoniczne.pl\/wp-content\/uploads\/2022\/03\/sanie-sw.-Mikolaja-24x24.jpg 24w, https:\/\/www.kolkoarchitektoniczne.pl\/wp-content\/uploads\/2022\/03\/sanie-sw.-Mikolaja-36x36.jpg 36w, https:\/\/www.kolkoarchitektoniczne.pl\/wp-content\/uploads\/2022\/03\/sanie-sw.-Mikolaja-48x46.jpg 48w\" sizes=\"auto, (max-width: 1000px) 100vw, 1000px\" \/><\/figure>\n\n\n\n<p><br>Nast\u0119pnie zacz\u0119li\u015bmy robi\u0107 co\u015b z bardziej twardych i ci\u0119\u017cszych materia\u0142\u00f3w.<\/p>\n\n\n\n<figure class=\"wp-block-gallery has-nested-images columns-default is-cropped wp-block-gallery-1 is-layout-flex wp-block-gallery-is-layout-flex\">\n<figure class=\"wp-block-image size-large\"><img loading=\"lazy\" decoding=\"async\" width=\"1000\" height=\"759\" data-id=\"1501\" src=\"https:\/\/www.kolkoarchitektoniczne.pl\/wp-content\/uploads\/2022\/03\/IMG_4396.jpg\" alt=\"\" class=\"wp-image-1501\" srcset=\"https:\/\/www.kolkoarchitektoniczne.pl\/wp-content\/uploads\/2022\/03\/IMG_4396.jpg 1000w, https:\/\/www.kolkoarchitektoniczne.pl\/wp-content\/uploads\/2022\/03\/IMG_4396-300x228.jpg 300w, https:\/\/www.kolkoarchitektoniczne.pl\/wp-content\/uploads\/2022\/03\/IMG_4396-768x583.jpg 768w, https:\/\/www.kolkoarchitektoniczne.pl\/wp-content\/uploads\/2022\/03\/IMG_4396-24x18.jpg 24w, https:\/\/www.kolkoarchitektoniczne.pl\/wp-content\/uploads\/2022\/03\/IMG_4396-36x27.jpg 36w, https:\/\/www.kolkoarchitektoniczne.pl\/wp-content\/uploads\/2022\/03\/IMG_4396-48x36.jpg 48w\" sizes=\"auto, (max-width: 1000px) 100vw, 1000px\" \/><\/figure>\n\n\n\n<figure class=\"wp-block-image size-large\"><img loading=\"lazy\" decoding=\"async\" width=\"1000\" height=\"657\" data-id=\"1502\" src=\"https:\/\/www.kolkoarchitektoniczne.pl\/wp-content\/uploads\/2022\/03\/IMG_4406.jpg\" alt=\"\" class=\"wp-image-1502\" srcset=\"https:\/\/www.kolkoarchitektoniczne.pl\/wp-content\/uploads\/2022\/03\/IMG_4406.jpg 1000w, https:\/\/www.kolkoarchitektoniczne.pl\/wp-content\/uploads\/2022\/03\/IMG_4406-300x197.jpg 300w, https:\/\/www.kolkoarchitektoniczne.pl\/wp-content\/uploads\/2022\/03\/IMG_4406-768x505.jpg 768w, https:\/\/www.kolkoarchitektoniczne.pl\/wp-content\/uploads\/2022\/03\/IMG_4406-24x16.jpg 24w, https:\/\/www.kolkoarchitektoniczne.pl\/wp-content\/uploads\/2022\/03\/IMG_4406-36x24.jpg 36w, https:\/\/www.kolkoarchitektoniczne.pl\/wp-content\/uploads\/2022\/03\/IMG_4406-48x32.jpg 48w\" sizes=\"auto, (max-width: 1000px) 100vw, 1000px\" \/><\/figure>\n<\/figure>\n\n\n\n<figure class=\"wp-block-gallery has-nested-images columns-default is-cropped wp-block-gallery-2 is-layout-flex wp-block-gallery-is-layout-flex\">\n<figure class=\"wp-block-image size-large\"><img loading=\"lazy\" decoding=\"async\" width=\"1000\" height=\"925\" data-id=\"1503\" src=\"https:\/\/www.kolkoarchitektoniczne.pl\/wp-content\/uploads\/2022\/03\/IMG_4401.jpg\" alt=\"\" class=\"wp-image-1503\" srcset=\"https:\/\/www.kolkoarchitektoniczne.pl\/wp-content\/uploads\/2022\/03\/IMG_4401.jpg 1000w, https:\/\/www.kolkoarchitektoniczne.pl\/wp-content\/uploads\/2022\/03\/IMG_4401-300x278.jpg 300w, https:\/\/www.kolkoarchitektoniczne.pl\/wp-content\/uploads\/2022\/03\/IMG_4401-768x710.jpg 768w, https:\/\/www.kolkoarchitektoniczne.pl\/wp-content\/uploads\/2022\/03\/IMG_4401-24x22.jpg 24w, https:\/\/www.kolkoarchitektoniczne.pl\/wp-content\/uploads\/2022\/03\/IMG_4401-36x33.jpg 36w, https:\/\/www.kolkoarchitektoniczne.pl\/wp-content\/uploads\/2022\/03\/IMG_4401-48x44.jpg 48w\" sizes=\"auto, (max-width: 1000px) 100vw, 1000px\" \/><\/figure>\n\n\n\n<figure class=\"wp-block-image size-large\"><img loading=\"lazy\" decoding=\"async\" width=\"987\" height=\"1024\" data-id=\"1504\" src=\"https:\/\/www.kolkoarchitektoniczne.pl\/wp-content\/uploads\/2022\/03\/IMG_4402-987x1024.jpg\" alt=\"\" class=\"wp-image-1504\" srcset=\"https:\/\/www.kolkoarchitektoniczne.pl\/wp-content\/uploads\/2022\/03\/IMG_4402-987x1024.jpg 987w, https:\/\/www.kolkoarchitektoniczne.pl\/wp-content\/uploads\/2022\/03\/IMG_4402-289x300.jpg 289w, https:\/\/www.kolkoarchitektoniczne.pl\/wp-content\/uploads\/2022\/03\/IMG_4402-768x797.jpg 768w, https:\/\/www.kolkoarchitektoniczne.pl\/wp-content\/uploads\/2022\/03\/IMG_4402-24x24.jpg 24w, https:\/\/www.kolkoarchitektoniczne.pl\/wp-content\/uploads\/2022\/03\/IMG_4402-36x36.jpg 36w, https:\/\/www.kolkoarchitektoniczne.pl\/wp-content\/uploads\/2022\/03\/IMG_4402-46x48.jpg 46w, https:\/\/www.kolkoarchitektoniczne.pl\/wp-content\/uploads\/2022\/03\/IMG_4402.jpg 1000w\" sizes=\"auto, (max-width: 987px) 100vw, 987px\" \/><\/figure>\n<\/figure>\n\n\n\n<p>I tak powsta\u0142y lewituj\u0105ce ga\u0142\u0119zie, patyki trzymaj\u0105 si\u0119 super mocno&#8230;<\/p>\n\n\n\n<figure class=\"wp-block-image size-full\"><img loading=\"lazy\" decoding=\"async\" width=\"1000\" height=\"939\" src=\"https:\/\/www.kolkoarchitektoniczne.pl\/wp-content\/uploads\/2022\/03\/IMG_4392.jpg\" alt=\"\" class=\"wp-image-1505\" srcset=\"https:\/\/www.kolkoarchitektoniczne.pl\/wp-content\/uploads\/2022\/03\/IMG_4392.jpg 1000w, https:\/\/www.kolkoarchitektoniczne.pl\/wp-content\/uploads\/2022\/03\/IMG_4392-300x282.jpg 300w, https:\/\/www.kolkoarchitektoniczne.pl\/wp-content\/uploads\/2022\/03\/IMG_4392-768x721.jpg 768w, https:\/\/www.kolkoarchitektoniczne.pl\/wp-content\/uploads\/2022\/03\/IMG_4392-24x24.jpg 24w, https:\/\/www.kolkoarchitektoniczne.pl\/wp-content\/uploads\/2022\/03\/IMG_4392-36x34.jpg 36w, https:\/\/www.kolkoarchitektoniczne.pl\/wp-content\/uploads\/2022\/03\/IMG_4392-48x45.jpg 48w\" sizes=\"auto, (max-width: 1000px) 100vw, 1000px\" \/><\/figure>\n\n\n\n<figure class=\"wp-block-image size-full\"><img loading=\"lazy\" decoding=\"async\" width=\"1000\" height=\"790\" src=\"https:\/\/www.kolkoarchitektoniczne.pl\/wp-content\/uploads\/2022\/03\/IMG_4298.jpg\" alt=\"\" class=\"wp-image-1506\" srcset=\"https:\/\/www.kolkoarchitektoniczne.pl\/wp-content\/uploads\/2022\/03\/IMG_4298.jpg 1000w, https:\/\/www.kolkoarchitektoniczne.pl\/wp-content\/uploads\/2022\/03\/IMG_4298-300x237.jpg 300w, https:\/\/www.kolkoarchitektoniczne.pl\/wp-content\/uploads\/2022\/03\/IMG_4298-768x607.jpg 768w, https:\/\/www.kolkoarchitektoniczne.pl\/wp-content\/uploads\/2022\/03\/IMG_4298-24x19.jpg 24w, https:\/\/www.kolkoarchitektoniczne.pl\/wp-content\/uploads\/2022\/03\/IMG_4298-36x28.jpg 36w, https:\/\/www.kolkoarchitektoniczne.pl\/wp-content\/uploads\/2022\/03\/IMG_4298-48x38.jpg 48w\" sizes=\"auto, (max-width: 1000px) 100vw, 1000px\" \/><\/figure>\n\n\n\n<p>&#8230;i lewituj\u0105ce stoliki. Stolik utrzymuj\u0105cy ca\u0142kiem ci\u0119\u017ckie rzeczy. Co ciekawe nie traci on swojej sztywno\u015bci jak si\u0119 nim obraca w r\u00f3\u017cne strony. <\/p>\n\n\n\n<figure class=\"wp-block-image size-full\"><img loading=\"lazy\" decoding=\"async\" width=\"1000\" height=\"625\" src=\"https:\/\/www.kolkoarchitektoniczne.pl\/wp-content\/uploads\/2022\/03\/tengresity-relacja.jpg\" alt=\"\" class=\"wp-image-1507\" srcset=\"https:\/\/www.kolkoarchitektoniczne.pl\/wp-content\/uploads\/2022\/03\/tengresity-relacja.jpg 1000w, https:\/\/www.kolkoarchitektoniczne.pl\/wp-content\/uploads\/2022\/03\/tengresity-relacja-300x188.jpg 300w, https:\/\/www.kolkoarchitektoniczne.pl\/wp-content\/uploads\/2022\/03\/tengresity-relacja-768x480.jpg 768w, https:\/\/www.kolkoarchitektoniczne.pl\/wp-content\/uploads\/2022\/03\/tengresity-relacja-24x15.jpg 24w, https:\/\/www.kolkoarchitektoniczne.pl\/wp-content\/uploads\/2022\/03\/tengresity-relacja-36x23.jpg 36w, https:\/\/www.kolkoarchitektoniczne.pl\/wp-content\/uploads\/2022\/03\/tengresity-relacja-48x30.jpg 48w\" sizes=\"auto, (max-width: 1000px) 100vw, 1000px\" \/><\/figure>\n\n\n\n<figure class=\"wp-block-image size-full\"><img loading=\"lazy\" decoding=\"async\" width=\"1000\" height=\"625\" src=\"https:\/\/www.kolkoarchitektoniczne.pl\/wp-content\/uploads\/2022\/03\/wytrzymalosc-stolikow.jpg\" alt=\"\" class=\"wp-image-1508\" srcset=\"https:\/\/www.kolkoarchitektoniczne.pl\/wp-content\/uploads\/2022\/03\/wytrzymalosc-stolikow.jpg 1000w, https:\/\/www.kolkoarchitektoniczne.pl\/wp-content\/uploads\/2022\/03\/wytrzymalosc-stolikow-300x188.jpg 300w, https:\/\/www.kolkoarchitektoniczne.pl\/wp-content\/uploads\/2022\/03\/wytrzymalosc-stolikow-768x480.jpg 768w, https:\/\/www.kolkoarchitektoniczne.pl\/wp-content\/uploads\/2022\/03\/wytrzymalosc-stolikow-24x15.jpg 24w, https:\/\/www.kolkoarchitektoniczne.pl\/wp-content\/uploads\/2022\/03\/wytrzymalosc-stolikow-36x23.jpg 36w, https:\/\/www.kolkoarchitektoniczne.pl\/wp-content\/uploads\/2022\/03\/wytrzymalosc-stolikow-48x30.jpg 48w\" sizes=\"auto, (max-width: 1000px) 100vw, 1000px\" \/><\/figure>\n\n\n\n<p><\/p>\n\n\n\n<p>Wszyscy na koniec byli bardzo zadowoleni, mimo \u017ce r\u0119ce bola\u0142y przy tej pracy \ud83d\ude09<\/p>\n\n\n\n<h2 class=\"wp-block-heading\">Jeszcze par\u0119 prac typu  &#8222;tensegrity&#8221; <\/h2>\n\n\n\n<figure class=\"wp-block-image size-full\"><img loading=\"lazy\" decoding=\"async\" width=\"1000\" height=\"836\" src=\"https:\/\/www.kolkoarchitektoniczne.pl\/wp-content\/uploads\/2022\/04\/zdjecia-cz2-03.jpg\" alt=\"\" class=\"wp-image-1514\" srcset=\"https:\/\/www.kolkoarchitektoniczne.pl\/wp-content\/uploads\/2022\/04\/zdjecia-cz2-03.jpg 1000w, https:\/\/www.kolkoarchitektoniczne.pl\/wp-content\/uploads\/2022\/04\/zdjecia-cz2-03-300x251.jpg 300w, https:\/\/www.kolkoarchitektoniczne.pl\/wp-content\/uploads\/2022\/04\/zdjecia-cz2-03-768x642.jpg 768w, https:\/\/www.kolkoarchitektoniczne.pl\/wp-content\/uploads\/2022\/04\/zdjecia-cz2-03-24x20.jpg 24w, https:\/\/www.kolkoarchitektoniczne.pl\/wp-content\/uploads\/2022\/04\/zdjecia-cz2-03-36x30.jpg 36w, https:\/\/www.kolkoarchitektoniczne.pl\/wp-content\/uploads\/2022\/04\/zdjecia-cz2-03-48x40.jpg 48w\" sizes=\"auto, (max-width: 1000px) 100vw, 1000px\" \/><\/figure>\n\n\n\n<figure class=\"wp-block-image size-full\"><img loading=\"lazy\" decoding=\"async\" width=\"1000\" height=\"648\" src=\"https:\/\/www.kolkoarchitektoniczne.pl\/wp-content\/uploads\/2022\/04\/zdjecia-cz2-01.jpg\" alt=\"\" class=\"wp-image-1513\" srcset=\"https:\/\/www.kolkoarchitektoniczne.pl\/wp-content\/uploads\/2022\/04\/zdjecia-cz2-01.jpg 1000w, https:\/\/www.kolkoarchitektoniczne.pl\/wp-content\/uploads\/2022\/04\/zdjecia-cz2-01-300x194.jpg 300w, https:\/\/www.kolkoarchitektoniczne.pl\/wp-content\/uploads\/2022\/04\/zdjecia-cz2-01-768x498.jpg 768w, https:\/\/www.kolkoarchitektoniczne.pl\/wp-content\/uploads\/2022\/04\/zdjecia-cz2-01-24x16.jpg 24w, https:\/\/www.kolkoarchitektoniczne.pl\/wp-content\/uploads\/2022\/04\/zdjecia-cz2-01-36x23.jpg 36w, https:\/\/www.kolkoarchitektoniczne.pl\/wp-content\/uploads\/2022\/04\/zdjecia-cz2-01-48x31.jpg 48w\" sizes=\"auto, (max-width: 1000px) 100vw, 1000px\" \/><\/figure>\n\n\n\n<figure class=\"wp-block-image size-full\"><img loading=\"lazy\" decoding=\"async\" width=\"781\" height=\"1000\" src=\"https:\/\/www.kolkoarchitektoniczne.pl\/wp-content\/uploads\/2022\/04\/zdjecia-cz2-04.jpg\" alt=\"\" class=\"wp-image-1515\" srcset=\"https:\/\/www.kolkoarchitektoniczne.pl\/wp-content\/uploads\/2022\/04\/zdjecia-cz2-04.jpg 781w, https:\/\/www.kolkoarchitektoniczne.pl\/wp-content\/uploads\/2022\/04\/zdjecia-cz2-04-234x300.jpg 234w, https:\/\/www.kolkoarchitektoniczne.pl\/wp-content\/uploads\/2022\/04\/zdjecia-cz2-04-768x983.jpg 768w, https:\/\/www.kolkoarchitektoniczne.pl\/wp-content\/uploads\/2022\/04\/zdjecia-cz2-04-19x24.jpg 19w, https:\/\/www.kolkoarchitektoniczne.pl\/wp-content\/uploads\/2022\/04\/zdjecia-cz2-04-28x36.jpg 28w, https:\/\/www.kolkoarchitektoniczne.pl\/wp-content\/uploads\/2022\/04\/zdjecia-cz2-04-37x48.jpg 37w\" sizes=\"auto, (max-width: 781px) 100vw, 781px\" \/><\/figure>\n\n\n\n<figure class=\"wp-block-image size-full\"><img loading=\"lazy\" decoding=\"async\" width=\"722\" height=\"1000\" src=\"https:\/\/www.kolkoarchitektoniczne.pl\/wp-content\/uploads\/2022\/04\/zdjecia-cz2-02.jpg\" alt=\"\" class=\"wp-image-1516\" srcset=\"https:\/\/www.kolkoarchitektoniczne.pl\/wp-content\/uploads\/2022\/04\/zdjecia-cz2-02.jpg 722w, https:\/\/www.kolkoarchitektoniczne.pl\/wp-content\/uploads\/2022\/04\/zdjecia-cz2-02-217x300.jpg 217w, https:\/\/www.kolkoarchitektoniczne.pl\/wp-content\/uploads\/2022\/04\/zdjecia-cz2-02-17x24.jpg 17w, https:\/\/www.kolkoarchitektoniczne.pl\/wp-content\/uploads\/2022\/04\/zdjecia-cz2-02-26x36.jpg 26w, https:\/\/www.kolkoarchitektoniczne.pl\/wp-content\/uploads\/2022\/04\/zdjecia-cz2-02-35x48.jpg 35w\" sizes=\"auto, (max-width: 722px) 100vw, 722px\" \/><\/figure>\n","protected":false},"excerpt":{"rendered":"<p>Co to jest &#8222;tensegrity&#8221;? Nie ma na to polskiego s\u0142owa. To konstrukcja przestrzenna sk\u0142adaj\u0105ca si\u0119 ze sztywnych element\u00f3w, po\u0142\u0105czonych mi\u0119dzy sob\u0105 za pomoc\u0105 element\u00f3w wiotkich. Elementy sztywne zazwyczaj nie mog\u0105 si\u0119 przy tym styka\u0107, co powoduje, \u017ce konstrukcja wygl\u0105da jakby lewitowa\u0142a. Jednym s\u0142owem chodzi o to, \u017ce zawieszona masa nie ma sztywnych podp\u00f3r, a wszystkie&#8230; <\/p>\n<div class=\"link-more\"><a href=\"https:\/\/www.kolkoarchitektoniczne.pl\/index.php\/2022\/03\/10\/tensegrity\/\">Czytaj dalej<\/a><\/div>\n","protected":false},"author":4,"featured_media":1495,"comment_status":"open","ping_status":"open","sticky":false,"template":"","format":"standard","meta":{"ngg_post_thumbnail":0,"footnotes":""},"categories":[22,4],"tags":[],"class_list":["post-1493","post","type-post","status-publish","format-standard","has-post-thumbnail","hentry","category-2021-2022-grupy-zaawansowane","category-grupy-zaawansowane"],"yoast_head":"<!-- This site is optimized with the Yoast SEO plugin v25.8 - https:\/\/yoast.com\/wordpress\/plugins\/seo\/ -->\n<title>&quot;TENSEGRITY&quot; - HOME<\/title>\n<meta name=\"robots\" content=\"index, follow, max-snippet:-1, max-image-preview:large, max-video-preview:-1\" \/>\n<link rel=\"canonical\" href=\"https:\/\/www.kolkoarchitektoniczne.pl\/index.php\/2022\/03\/10\/tensegrity\/\" \/>\n<meta property=\"og:locale\" content=\"pl_PL\" \/>\n<meta property=\"og:type\" content=\"article\" \/>\n<meta property=\"og:title\" content=\"&quot;TENSEGRITY&quot; - HOME\" \/>\n<meta property=\"og:description\" content=\"Co to jest &#8222;tensegrity&#8221;? Nie ma na to polskiego s\u0142owa. To konstrukcja przestrzenna sk\u0142adaj\u0105ca si\u0119 ze sztywnych element\u00f3w, po\u0142\u0105czonych mi\u0119dzy sob\u0105 za pomoc\u0105 element\u00f3w wiotkich. Elementy sztywne zazwyczaj nie mog\u0105 si\u0119 przy tym styka\u0107, co powoduje, \u017ce konstrukcja wygl\u0105da jakby lewitowa\u0142a. Jednym s\u0142owem chodzi o to, \u017ce zawieszona masa nie ma sztywnych podp\u00f3r, a wszystkie... Czytaj dalej\" \/>\n<meta property=\"og:url\" content=\"https:\/\/www.kolkoarchitektoniczne.pl\/index.php\/2022\/03\/10\/tensegrity\/\" \/>\n<meta property=\"og:site_name\" content=\"HOME\" \/>\n<meta property=\"article:published_time\" content=\"2022-03-10T09:39:17+00:00\" \/>\n<meta property=\"article:modified_time\" content=\"2022-10-17T18:06:53+00:00\" \/>\n<meta property=\"og:image\" content=\"https:\/\/www.kolkoarchitektoniczne.pl\/wp-content\/uploads\/2022\/03\/smok.jpg\" \/>\n\t<meta property=\"og:image:width\" content=\"1000\" \/>\n\t<meta property=\"og:image:height\" content=\"666\" \/>\n\t<meta property=\"og:image:type\" content=\"image\/jpeg\" \/>\n<meta name=\"author\" content=\"Aga\" \/>\n<meta name=\"twitter:card\" content=\"summary_large_image\" \/>\n<meta name=\"twitter:label1\" content=\"Napisane przez\" \/>\n\t<meta name=\"twitter:data1\" content=\"Aga\" \/>\n\t<meta name=\"twitter:label2\" content=\"Szacowany czas czytania\" \/>\n\t<meta name=\"twitter:data2\" content=\"5 minut\" \/>\n<script type=\"application\/ld+json\" class=\"yoast-schema-graph\">{\"@context\":\"https:\/\/schema.org\",\"@graph\":[{\"@type\":\"WebPage\",\"@id\":\"https:\/\/www.kolkoarchitektoniczne.pl\/index.php\/2022\/03\/10\/tensegrity\/\",\"url\":\"https:\/\/www.kolkoarchitektoniczne.pl\/index.php\/2022\/03\/10\/tensegrity\/\",\"name\":\"\\\"TENSEGRITY\\\" - HOME\",\"isPartOf\":{\"@id\":\"https:\/\/www.kolkoarchitektoniczne.pl\/#website\"},\"primaryImageOfPage\":{\"@id\":\"https:\/\/www.kolkoarchitektoniczne.pl\/index.php\/2022\/03\/10\/tensegrity\/#primaryimage\"},\"image\":{\"@id\":\"https:\/\/www.kolkoarchitektoniczne.pl\/index.php\/2022\/03\/10\/tensegrity\/#primaryimage\"},\"thumbnailUrl\":\"https:\/\/www.kolkoarchitektoniczne.pl\/wp-content\/uploads\/2022\/03\/smok.jpg\",\"datePublished\":\"2022-03-10T09:39:17+00:00\",\"dateModified\":\"2022-10-17T18:06:53+00:00\",\"author\":{\"@id\":\"https:\/\/www.kolkoarchitektoniczne.pl\/#\/schema\/person\/cfdecad4266647bd853805d1e151f6a6\"},\"breadcrumb\":{\"@id\":\"https:\/\/www.kolkoarchitektoniczne.pl\/index.php\/2022\/03\/10\/tensegrity\/#breadcrumb\"},\"inLanguage\":\"pl-PL\",\"potentialAction\":[{\"@type\":\"ReadAction\",\"target\":[\"https:\/\/www.kolkoarchitektoniczne.pl\/index.php\/2022\/03\/10\/tensegrity\/\"]}]},{\"@type\":\"ImageObject\",\"inLanguage\":\"pl-PL\",\"@id\":\"https:\/\/www.kolkoarchitektoniczne.pl\/index.php\/2022\/03\/10\/tensegrity\/#primaryimage\",\"url\":\"https:\/\/www.kolkoarchitektoniczne.pl\/wp-content\/uploads\/2022\/03\/smok.jpg\",\"contentUrl\":\"https:\/\/www.kolkoarchitektoniczne.pl\/wp-content\/uploads\/2022\/03\/smok.jpg\",\"width\":1000,\"height\":666},{\"@type\":\"BreadcrumbList\",\"@id\":\"https:\/\/www.kolkoarchitektoniczne.pl\/index.php\/2022\/03\/10\/tensegrity\/#breadcrumb\",\"itemListElement\":[{\"@type\":\"ListItem\",\"position\":1,\"name\":\"Strona g\u0142\u00f3wna\",\"item\":\"https:\/\/www.kolkoarchitektoniczne.pl\/\"},{\"@type\":\"ListItem\",\"position\":2,\"name\":\"&#8220;TENSEGRITY&#8221;\"}]},{\"@type\":\"WebSite\",\"@id\":\"https:\/\/www.kolkoarchitektoniczne.pl\/#website\",\"url\":\"https:\/\/www.kolkoarchitektoniczne.pl\/\",\"name\":\"HOME\",\"description\":\"K&oacute;\u0142ko Architektoniczne\",\"potentialAction\":[{\"@type\":\"SearchAction\",\"target\":{\"@type\":\"EntryPoint\",\"urlTemplate\":\"https:\/\/www.kolkoarchitektoniczne.pl\/?s={search_term_string}\"},\"query-input\":{\"@type\":\"PropertyValueSpecification\",\"valueRequired\":true,\"valueName\":\"search_term_string\"}}],\"inLanguage\":\"pl-PL\"},{\"@type\":\"Person\",\"@id\":\"https:\/\/www.kolkoarchitektoniczne.pl\/#\/schema\/person\/cfdecad4266647bd853805d1e151f6a6\",\"name\":\"Aga\",\"image\":{\"@type\":\"ImageObject\",\"inLanguage\":\"pl-PL\",\"@id\":\"https:\/\/www.kolkoarchitektoniczne.pl\/#\/schema\/person\/image\/\",\"url\":\"https:\/\/secure.gravatar.com\/avatar\/4c42aced5221f2be65f5549d874e056a88cad964475bce51c9d9f738103f65e0?s=96&d=mm&r=g\",\"contentUrl\":\"https:\/\/secure.gravatar.com\/avatar\/4c42aced5221f2be65f5549d874e056a88cad964475bce51c9d9f738103f65e0?s=96&d=mm&r=g\",\"caption\":\"Aga\"},\"url\":\"https:\/\/www.kolkoarchitektoniczne.pl\/index.php\/author\/aga\/\"}]}<\/script>\n<!-- \/ Yoast SEO plugin. -->","yoast_head_json":{"title":"\"TENSEGRITY\" - HOME","robots":{"index":"index","follow":"follow","max-snippet":"max-snippet:-1","max-image-preview":"max-image-preview:large","max-video-preview":"max-video-preview:-1"},"canonical":"https:\/\/www.kolkoarchitektoniczne.pl\/index.php\/2022\/03\/10\/tensegrity\/","og_locale":"pl_PL","og_type":"article","og_title":"\"TENSEGRITY\" - HOME","og_description":"Co to jest &#8222;tensegrity&#8221;? Nie ma na to polskiego s\u0142owa. To konstrukcja przestrzenna sk\u0142adaj\u0105ca si\u0119 ze sztywnych element\u00f3w, po\u0142\u0105czonych mi\u0119dzy sob\u0105 za pomoc\u0105 element\u00f3w wiotkich. Elementy sztywne zazwyczaj nie mog\u0105 si\u0119 przy tym styka\u0107, co powoduje, \u017ce konstrukcja wygl\u0105da jakby lewitowa\u0142a. Jednym s\u0142owem chodzi o to, \u017ce zawieszona masa nie ma sztywnych podp\u00f3r, a wszystkie... Czytaj dalej","og_url":"https:\/\/www.kolkoarchitektoniczne.pl\/index.php\/2022\/03\/10\/tensegrity\/","og_site_name":"HOME","article_published_time":"2022-03-10T09:39:17+00:00","article_modified_time":"2022-10-17T18:06:53+00:00","og_image":[{"width":1000,"height":666,"url":"https:\/\/www.kolkoarchitektoniczne.pl\/wp-content\/uploads\/2022\/03\/smok.jpg","type":"image\/jpeg"}],"author":"Aga","twitter_card":"summary_large_image","twitter_misc":{"Napisane przez":"Aga","Szacowany czas czytania":"5 minut"},"schema":{"@context":"https:\/\/schema.org","@graph":[{"@type":"WebPage","@id":"https:\/\/www.kolkoarchitektoniczne.pl\/index.php\/2022\/03\/10\/tensegrity\/","url":"https:\/\/www.kolkoarchitektoniczne.pl\/index.php\/2022\/03\/10\/tensegrity\/","name":"\"TENSEGRITY\" - HOME","isPartOf":{"@id":"https:\/\/www.kolkoarchitektoniczne.pl\/#website"},"primaryImageOfPage":{"@id":"https:\/\/www.kolkoarchitektoniczne.pl\/index.php\/2022\/03\/10\/tensegrity\/#primaryimage"},"image":{"@id":"https:\/\/www.kolkoarchitektoniczne.pl\/index.php\/2022\/03\/10\/tensegrity\/#primaryimage"},"thumbnailUrl":"https:\/\/www.kolkoarchitektoniczne.pl\/wp-content\/uploads\/2022\/03\/smok.jpg","datePublished":"2022-03-10T09:39:17+00:00","dateModified":"2022-10-17T18:06:53+00:00","author":{"@id":"https:\/\/www.kolkoarchitektoniczne.pl\/#\/schema\/person\/cfdecad4266647bd853805d1e151f6a6"},"breadcrumb":{"@id":"https:\/\/www.kolkoarchitektoniczne.pl\/index.php\/2022\/03\/10\/tensegrity\/#breadcrumb"},"inLanguage":"pl-PL","potentialAction":[{"@type":"ReadAction","target":["https:\/\/www.kolkoarchitektoniczne.pl\/index.php\/2022\/03\/10\/tensegrity\/"]}]},{"@type":"ImageObject","inLanguage":"pl-PL","@id":"https:\/\/www.kolkoarchitektoniczne.pl\/index.php\/2022\/03\/10\/tensegrity\/#primaryimage","url":"https:\/\/www.kolkoarchitektoniczne.pl\/wp-content\/uploads\/2022\/03\/smok.jpg","contentUrl":"https:\/\/www.kolkoarchitektoniczne.pl\/wp-content\/uploads\/2022\/03\/smok.jpg","width":1000,"height":666},{"@type":"BreadcrumbList","@id":"https:\/\/www.kolkoarchitektoniczne.pl\/index.php\/2022\/03\/10\/tensegrity\/#breadcrumb","itemListElement":[{"@type":"ListItem","position":1,"name":"Strona g\u0142\u00f3wna","item":"https:\/\/www.kolkoarchitektoniczne.pl\/"},{"@type":"ListItem","position":2,"name":"&#8220;TENSEGRITY&#8221;"}]},{"@type":"WebSite","@id":"https:\/\/www.kolkoarchitektoniczne.pl\/#website","url":"https:\/\/www.kolkoarchitektoniczne.pl\/","name":"HOME","description":"K&oacute;\u0142ko Architektoniczne","potentialAction":[{"@type":"SearchAction","target":{"@type":"EntryPoint","urlTemplate":"https:\/\/www.kolkoarchitektoniczne.pl\/?s={search_term_string}"},"query-input":{"@type":"PropertyValueSpecification","valueRequired":true,"valueName":"search_term_string"}}],"inLanguage":"pl-PL"},{"@type":"Person","@id":"https:\/\/www.kolkoarchitektoniczne.pl\/#\/schema\/person\/cfdecad4266647bd853805d1e151f6a6","name":"Aga","image":{"@type":"ImageObject","inLanguage":"pl-PL","@id":"https:\/\/www.kolkoarchitektoniczne.pl\/#\/schema\/person\/image\/","url":"https:\/\/secure.gravatar.com\/avatar\/4c42aced5221f2be65f5549d874e056a88cad964475bce51c9d9f738103f65e0?s=96&d=mm&r=g","contentUrl":"https:\/\/secure.gravatar.com\/avatar\/4c42aced5221f2be65f5549d874e056a88cad964475bce51c9d9f738103f65e0?s=96&d=mm&r=g","caption":"Aga"},"url":"https:\/\/www.kolkoarchitektoniczne.pl\/index.php\/author\/aga\/"}]}},"_links":{"self":[{"href":"https:\/\/www.kolkoarchitektoniczne.pl\/index.php\/wp-json\/wp\/v2\/posts\/1493","targetHints":{"allow":["GET"]}}],"collection":[{"href":"https:\/\/www.kolkoarchitektoniczne.pl\/index.php\/wp-json\/wp\/v2\/posts"}],"about":[{"href":"https:\/\/www.kolkoarchitektoniczne.pl\/index.php\/wp-json\/wp\/v2\/types\/post"}],"author":[{"embeddable":true,"href":"https:\/\/www.kolkoarchitektoniczne.pl\/index.php\/wp-json\/wp\/v2\/users\/4"}],"replies":[{"embeddable":true,"href":"https:\/\/www.kolkoarchitektoniczne.pl\/index.php\/wp-json\/wp\/v2\/comments?post=1493"}],"version-history":[{"count":6,"href":"https:\/\/www.kolkoarchitektoniczne.pl\/index.php\/wp-json\/wp\/v2\/posts\/1493\/revisions"}],"predecessor-version":[{"id":1711,"href":"https:\/\/www.kolkoarchitektoniczne.pl\/index.php\/wp-json\/wp\/v2\/posts\/1493\/revisions\/1711"}],"wp:featuredmedia":[{"embeddable":true,"href":"https:\/\/www.kolkoarchitektoniczne.pl\/index.php\/wp-json\/wp\/v2\/media\/1495"}],"wp:attachment":[{"href":"https:\/\/www.kolkoarchitektoniczne.pl\/index.php\/wp-json\/wp\/v2\/media?parent=1493"}],"wp:term":[{"taxonomy":"category","embeddable":true,"href":"https:\/\/www.kolkoarchitektoniczne.pl\/index.php\/wp-json\/wp\/v2\/categories?post=1493"},{"taxonomy":"post_tag","embeddable":true,"href":"https:\/\/www.kolkoarchitektoniczne.pl\/index.php\/wp-json\/wp\/v2\/tags?post=1493"}],"curies":[{"name":"wp","href":"https:\/\/api.w.org\/{rel}","templated":true}]}}