{"id":129,"date":"2020-08-23T17:48:27","date_gmt":"2020-08-23T17:48:27","guid":{"rendered":"http:\/\/www.kolkoarchitektoniczne.pl\/?p=129"},"modified":"2020-08-24T18:09:03","modified_gmt":"2020-08-24T18:09:03","slug":"piknik-polska","status":"publish","type":"post","link":"https:\/\/www.kolkoarchitektoniczne.pl\/index.php\/2020\/08\/23\/piknik-polska\/","title":{"rendered":"Piknik &#8211; Polska"},"content":{"rendered":"\n<p>\u201eA lato przysz\u0142o pieszo \u2026.\u201d, \u2026 ale zanim przysz\u0142o, w Muzeum Literatury, Rynek Starego Miasta 20 w Warszawie, 16 czerwca 2019r, odby\u0142 si\u0119 jubileuszowy Piknik Literacki dla Dzieci pod has\u0142em \u201eWitajcie w naszej bajce\u201d, inspirowany tym razem literatur\u0105 i kultur\u0105 polsk\u0105.<\/p>\n\n\n\n<p>K\u00f3\u0142ko Architektoniczne przygotowa\u0142o zatem warsztat dla dzieci pt. <strong>\u201ePa\u0142ac nasz widz\u0119 wspania\u0142y\u201d<\/strong>, &nbsp;dotycz\u0105cy najbardziej chyba znanego w Polsce budynku \u2013 Pa\u0142acu Kultury i Nauki w Warszawie. To kontrowersyjny budynek i s\u0105 tacy, kt\u00f3rzy go nie lubi\u0105 i chcieli go zburzy\u0107 ale s\u0105 i tacy, dla kt\u00f3rych to symbol Warszawy i wspomnienie dzieci\u0144stwa sp\u0119dzonego na fajnych&nbsp; zaj\u0119ciach Pa\u0142acu M\u0142odzie\u017cy.<\/p>\n\n\n\n<p>My postanowili\u015bmy si\u0119 zaprzyja\u017ani\u0107 z symbolem Warszawy i mo\u017ce troch\u0119 go wyremontowa\u0107 i udoskonali\u0107.<\/p>\n\n\n\n<p>Ka\u017cdy z uczestnik\u00f3w m\u00f3g\u0142 zbudowa\u0107 sw\u00f3j Pa\u0142ac Kultury i Nauki oraz samodzielnie zdecydowa\u0107 o nowych kolorach elewacji, dobudowaniu lub wyburzeniu jakich\u015b fragment\u00f3w bry\u0142y Pa\u0142acu.<\/p>\n\n\n\n<p>Dzi\u0119ki pomocy Pana Marcina Klejmana \u2013 przyjaciela naszego K\u00f3\u0142ka Architektonicznego, kt\u00f3ry wydrukowa\u0142 nam na drukarce 3D supera\u015bne bry\u0142ki wygl\u0105daj\u0105ce jakby by\u0142y z kolorowego szk\u0142a, mogli\u015bmy zaprojektowa\u0107 w naszych pa\u0142acach nowoczesne wyko\u0144czenia, dodaj\u0105ce tej historycznej budowli du\u017c\u0105 porcj\u0119 wsp\u00f3\u0142czesnego \u2018looku\u2019 J.&nbsp; Chocia\u017c niekt\u00f3rzy z uczestnik\u00f3w naszych warsztat\u00f3w uznali, \u017ce Pa\u0142ac Kultury i Nauki powinien mie\u0107 bardziej ludowy charakter i na elewacjach pojawi\u0142y si\u0119 motywy \u0142owickie.<\/p>\n\n\n\n<p>Zainteresowanie by\u0142o ogromne! Zbudowano 40szt. pa\u0142ac\u00f3w i powsta\u0142oby ich jeszcze wi\u0119cej gdyby nie to, \u017ce sko\u0144czy\u0142y nam si\u0119 \u201eceg\u0142y\u201d. Nast\u0119pnym razem musimy zam\u00f3wi\u0107 wi\u0119cej materia\u0142\u00f3w budowlanych ;).<\/p>\n\n\n\nngg_shortcode_0_placeholder\n","protected":false},"excerpt":{"rendered":"<p>\u201eA lato przysz\u0142o pieszo \u2026.\u201d, \u2026 ale zanim przysz\u0142o, w Muzeum Literatury, Rynek Starego Miasta 20 w Warszawie, 16 czerwca 2019r, odby\u0142 si\u0119 jubileuszowy Piknik Literacki dla Dzieci pod has\u0142em \u201eWitajcie w naszej bajce\u201d, inspirowany tym razem literatur\u0105 i kultur\u0105 polsk\u0105. K\u00f3\u0142ko Architektoniczne przygotowa\u0142o zatem warsztat dla dzieci pt. \u201ePa\u0142ac nasz widz\u0119 wspania\u0142y\u201d, &nbsp;dotycz\u0105cy najbardziej&#8230; <\/p>\n<div class=\"link-more\"><a href=\"https:\/\/www.kolkoarchitektoniczne.pl\/index.php\/2020\/08\/23\/piknik-polska\/\">Czytaj dalej<\/a><\/div>\n","protected":false},"author":1,"featured_media":281,"comment_status":"open","ping_status":"open","sticky":false,"template":"","format":"standard","meta":{"ngg_post_thumbnail":0,"footnotes":""},"categories":[7],"tags":[],"class_list":["post-129","post","type-post","status-publish","format-standard","has-post-thumbnail","hentry","category-pikniki"],"yoast_head":"<!-- This site is optimized with the Yoast SEO plugin v25.8 - https:\/\/yoast.com\/wordpress\/plugins\/seo\/ -->\n<title>Piknik - Polska - HOME<\/title>\n<meta name=\"robots\" content=\"index, follow, max-snippet:-1, max-image-preview:large, max-video-preview:-1\" \/>\n<link rel=\"canonical\" href=\"https:\/\/www.kolkoarchitektoniczne.pl\/index.php\/2020\/08\/23\/piknik-polska\/\" \/>\n<meta property=\"og:locale\" content=\"pl_PL\" \/>\n<meta property=\"og:type\" content=\"article\" \/>\n<meta property=\"og:title\" content=\"Piknik - Polska - HOME\" \/>\n<meta property=\"og:description\" content=\"\u201eA lato przysz\u0142o pieszo \u2026.\u201d, \u2026 ale zanim przysz\u0142o, w Muzeum Literatury, Rynek Starego Miasta 20 w Warszawie, 16 czerwca 2019r, odby\u0142 si\u0119 jubileuszowy Piknik Literacki dla Dzieci pod has\u0142em \u201eWitajcie w naszej bajce\u201d, inspirowany tym razem literatur\u0105 i kultur\u0105 polsk\u0105. K\u00f3\u0142ko Architektoniczne przygotowa\u0142o zatem warsztat dla dzieci pt. \u201ePa\u0142ac nasz widz\u0119 wspania\u0142y\u201d, &nbsp;dotycz\u0105cy najbardziej... Czytaj dalej\" \/>\n<meta property=\"og:url\" content=\"https:\/\/www.kolkoarchitektoniczne.pl\/index.php\/2020\/08\/23\/piknik-polska\/\" \/>\n<meta property=\"og:site_name\" content=\"HOME\" \/>\n<meta property=\"article:published_time\" content=\"2020-08-23T17:48:27+00:00\" \/>\n<meta property=\"article:modified_time\" content=\"2020-08-24T18:09:03+00:00\" \/>\n<meta property=\"og:image\" content=\"https:\/\/www.kolkoarchitektoniczne.pl\/wp-content\/uploads\/2020\/08\/IMG_9821-min.jpg\" \/>\n\t<meta property=\"og:image:width\" content=\"900\" \/>\n\t<meta property=\"og:image:height\" content=\"600\" \/>\n\t<meta property=\"og:image:type\" content=\"image\/jpeg\" \/>\n<meta name=\"author\" content=\"admin\" \/>\n<meta name=\"twitter:card\" content=\"summary_large_image\" \/>\n<meta name=\"twitter:label1\" content=\"Napisane przez\" \/>\n\t<meta name=\"twitter:data1\" content=\"admin\" \/>\n\t<meta name=\"twitter:label2\" content=\"Szacowany czas czytania\" \/>\n\t<meta name=\"twitter:data2\" content=\"1 minuta\" \/>\n<script type=\"application\/ld+json\" class=\"yoast-schema-graph\">{\"@context\":\"https:\/\/schema.org\",\"@graph\":[{\"@type\":\"WebPage\",\"@id\":\"https:\/\/www.kolkoarchitektoniczne.pl\/index.php\/2020\/08\/23\/piknik-polska\/\",\"url\":\"https:\/\/www.kolkoarchitektoniczne.pl\/index.php\/2020\/08\/23\/piknik-polska\/\",\"name\":\"Piknik - Polska - HOME\",\"isPartOf\":{\"@id\":\"https:\/\/www.kolkoarchitektoniczne.pl\/#website\"},\"primaryImageOfPage\":{\"@id\":\"https:\/\/www.kolkoarchitektoniczne.pl\/index.php\/2020\/08\/23\/piknik-polska\/#primaryimage\"},\"image\":{\"@id\":\"https:\/\/www.kolkoarchitektoniczne.pl\/index.php\/2020\/08\/23\/piknik-polska\/#primaryimage\"},\"thumbnailUrl\":\"https:\/\/www.kolkoarchitektoniczne.pl\/wp-content\/uploads\/2020\/08\/IMG_9821-min.jpg\",\"datePublished\":\"2020-08-23T17:48:27+00:00\",\"dateModified\":\"2020-08-24T18:09:03+00:00\",\"author\":{\"@id\":\"https:\/\/www.kolkoarchitektoniczne.pl\/#\/schema\/person\/b94e16842a617df6b4ae54b6d7f2b364\"},\"breadcrumb\":{\"@id\":\"https:\/\/www.kolkoarchitektoniczne.pl\/index.php\/2020\/08\/23\/piknik-polska\/#breadcrumb\"},\"inLanguage\":\"pl-PL\",\"potentialAction\":[{\"@type\":\"ReadAction\",\"target\":[\"https:\/\/www.kolkoarchitektoniczne.pl\/index.php\/2020\/08\/23\/piknik-polska\/\"]}]},{\"@type\":\"ImageObject\",\"inLanguage\":\"pl-PL\",\"@id\":\"https:\/\/www.kolkoarchitektoniczne.pl\/index.php\/2020\/08\/23\/piknik-polska\/#primaryimage\",\"url\":\"https:\/\/www.kolkoarchitektoniczne.pl\/wp-content\/uploads\/2020\/08\/IMG_9821-min.jpg\",\"contentUrl\":\"https:\/\/www.kolkoarchitektoniczne.pl\/wp-content\/uploads\/2020\/08\/IMG_9821-min.jpg\",\"width\":900,\"height\":600},{\"@type\":\"BreadcrumbList\",\"@id\":\"https:\/\/www.kolkoarchitektoniczne.pl\/index.php\/2020\/08\/23\/piknik-polska\/#breadcrumb\",\"itemListElement\":[{\"@type\":\"ListItem\",\"position\":1,\"name\":\"Strona g\u0142\u00f3wna\",\"item\":\"https:\/\/www.kolkoarchitektoniczne.pl\/\"},{\"@type\":\"ListItem\",\"position\":2,\"name\":\"Piknik &#8211; Polska\"}]},{\"@type\":\"WebSite\",\"@id\":\"https:\/\/www.kolkoarchitektoniczne.pl\/#website\",\"url\":\"https:\/\/www.kolkoarchitektoniczne.pl\/\",\"name\":\"HOME\",\"description\":\"K&oacute;\u0142ko Architektoniczne\",\"potentialAction\":[{\"@type\":\"SearchAction\",\"target\":{\"@type\":\"EntryPoint\",\"urlTemplate\":\"https:\/\/www.kolkoarchitektoniczne.pl\/?s={search_term_string}\"},\"query-input\":{\"@type\":\"PropertyValueSpecification\",\"valueRequired\":true,\"valueName\":\"search_term_string\"}}],\"inLanguage\":\"pl-PL\"},{\"@type\":\"Person\",\"@id\":\"https:\/\/www.kolkoarchitektoniczne.pl\/#\/schema\/person\/b94e16842a617df6b4ae54b6d7f2b364\",\"name\":\"admin\",\"image\":{\"@type\":\"ImageObject\",\"inLanguage\":\"pl-PL\",\"@id\":\"https:\/\/www.kolkoarchitektoniczne.pl\/#\/schema\/person\/image\/\",\"url\":\"https:\/\/secure.gravatar.com\/avatar\/aae3e428ad15f0228c600428af7e169aeae58722448d784d9852ccb68d1890fe?s=96&d=mm&r=g\",\"contentUrl\":\"https:\/\/secure.gravatar.com\/avatar\/aae3e428ad15f0228c600428af7e169aeae58722448d784d9852ccb68d1890fe?s=96&d=mm&r=g\",\"caption\":\"admin\"},\"sameAs\":[\"http:\/\/www.kolkoarchitektoniczne.pl\"],\"url\":\"https:\/\/www.kolkoarchitektoniczne.pl\/index.php\/author\/admin\/\"}]}<\/script>\n<!-- \/ Yoast SEO plugin. -->","yoast_head_json":{"title":"Piknik - Polska - HOME","robots":{"index":"index","follow":"follow","max-snippet":"max-snippet:-1","max-image-preview":"max-image-preview:large","max-video-preview":"max-video-preview:-1"},"canonical":"https:\/\/www.kolkoarchitektoniczne.pl\/index.php\/2020\/08\/23\/piknik-polska\/","og_locale":"pl_PL","og_type":"article","og_title":"Piknik - Polska - HOME","og_description":"\u201eA lato przysz\u0142o pieszo \u2026.\u201d, \u2026 ale zanim przysz\u0142o, w Muzeum Literatury, Rynek Starego Miasta 20 w Warszawie, 16 czerwca 2019r, odby\u0142 si\u0119 jubileuszowy Piknik Literacki dla Dzieci pod has\u0142em \u201eWitajcie w naszej bajce\u201d, inspirowany tym razem literatur\u0105 i kultur\u0105 polsk\u0105. K\u00f3\u0142ko Architektoniczne przygotowa\u0142o zatem warsztat dla dzieci pt. \u201ePa\u0142ac nasz widz\u0119 wspania\u0142y\u201d, &nbsp;dotycz\u0105cy najbardziej... Czytaj dalej","og_url":"https:\/\/www.kolkoarchitektoniczne.pl\/index.php\/2020\/08\/23\/piknik-polska\/","og_site_name":"HOME","article_published_time":"2020-08-23T17:48:27+00:00","article_modified_time":"2020-08-24T18:09:03+00:00","og_image":[{"width":900,"height":600,"url":"https:\/\/www.kolkoarchitektoniczne.pl\/wp-content\/uploads\/2020\/08\/IMG_9821-min.jpg","type":"image\/jpeg"}],"author":"admin","twitter_card":"summary_large_image","twitter_misc":{"Napisane przez":"admin","Szacowany czas czytania":"1 minuta"},"schema":{"@context":"https:\/\/schema.org","@graph":[{"@type":"WebPage","@id":"https:\/\/www.kolkoarchitektoniczne.pl\/index.php\/2020\/08\/23\/piknik-polska\/","url":"https:\/\/www.kolkoarchitektoniczne.pl\/index.php\/2020\/08\/23\/piknik-polska\/","name":"Piknik - Polska - HOME","isPartOf":{"@id":"https:\/\/www.kolkoarchitektoniczne.pl\/#website"},"primaryImageOfPage":{"@id":"https:\/\/www.kolkoarchitektoniczne.pl\/index.php\/2020\/08\/23\/piknik-polska\/#primaryimage"},"image":{"@id":"https:\/\/www.kolkoarchitektoniczne.pl\/index.php\/2020\/08\/23\/piknik-polska\/#primaryimage"},"thumbnailUrl":"https:\/\/www.kolkoarchitektoniczne.pl\/wp-content\/uploads\/2020\/08\/IMG_9821-min.jpg","datePublished":"2020-08-23T17:48:27+00:00","dateModified":"2020-08-24T18:09:03+00:00","author":{"@id":"https:\/\/www.kolkoarchitektoniczne.pl\/#\/schema\/person\/b94e16842a617df6b4ae54b6d7f2b364"},"breadcrumb":{"@id":"https:\/\/www.kolkoarchitektoniczne.pl\/index.php\/2020\/08\/23\/piknik-polska\/#breadcrumb"},"inLanguage":"pl-PL","potentialAction":[{"@type":"ReadAction","target":["https:\/\/www.kolkoarchitektoniczne.pl\/index.php\/2020\/08\/23\/piknik-polska\/"]}]},{"@type":"ImageObject","inLanguage":"pl-PL","@id":"https:\/\/www.kolkoarchitektoniczne.pl\/index.php\/2020\/08\/23\/piknik-polska\/#primaryimage","url":"https:\/\/www.kolkoarchitektoniczne.pl\/wp-content\/uploads\/2020\/08\/IMG_9821-min.jpg","contentUrl":"https:\/\/www.kolkoarchitektoniczne.pl\/wp-content\/uploads\/2020\/08\/IMG_9821-min.jpg","width":900,"height":600},{"@type":"BreadcrumbList","@id":"https:\/\/www.kolkoarchitektoniczne.pl\/index.php\/2020\/08\/23\/piknik-polska\/#breadcrumb","itemListElement":[{"@type":"ListItem","position":1,"name":"Strona g\u0142\u00f3wna","item":"https:\/\/www.kolkoarchitektoniczne.pl\/"},{"@type":"ListItem","position":2,"name":"Piknik &#8211; Polska"}]},{"@type":"WebSite","@id":"https:\/\/www.kolkoarchitektoniczne.pl\/#website","url":"https:\/\/www.kolkoarchitektoniczne.pl\/","name":"HOME","description":"K&oacute;\u0142ko Architektoniczne","potentialAction":[{"@type":"SearchAction","target":{"@type":"EntryPoint","urlTemplate":"https:\/\/www.kolkoarchitektoniczne.pl\/?s={search_term_string}"},"query-input":{"@type":"PropertyValueSpecification","valueRequired":true,"valueName":"search_term_string"}}],"inLanguage":"pl-PL"},{"@type":"Person","@id":"https:\/\/www.kolkoarchitektoniczne.pl\/#\/schema\/person\/b94e16842a617df6b4ae54b6d7f2b364","name":"admin","image":{"@type":"ImageObject","inLanguage":"pl-PL","@id":"https:\/\/www.kolkoarchitektoniczne.pl\/#\/schema\/person\/image\/","url":"https:\/\/secure.gravatar.com\/avatar\/aae3e428ad15f0228c600428af7e169aeae58722448d784d9852ccb68d1890fe?s=96&d=mm&r=g","contentUrl":"https:\/\/secure.gravatar.com\/avatar\/aae3e428ad15f0228c600428af7e169aeae58722448d784d9852ccb68d1890fe?s=96&d=mm&r=g","caption":"admin"},"sameAs":["http:\/\/www.kolkoarchitektoniczne.pl"],"url":"https:\/\/www.kolkoarchitektoniczne.pl\/index.php\/author\/admin\/"}]}},"_links":{"self":[{"href":"https:\/\/www.kolkoarchitektoniczne.pl\/index.php\/wp-json\/wp\/v2\/posts\/129","targetHints":{"allow":["GET"]}}],"collection":[{"href":"https:\/\/www.kolkoarchitektoniczne.pl\/index.php\/wp-json\/wp\/v2\/posts"}],"about":[{"href":"https:\/\/www.kolkoarchitektoniczne.pl\/index.php\/wp-json\/wp\/v2\/types\/post"}],"author":[{"embeddable":true,"href":"https:\/\/www.kolkoarchitektoniczne.pl\/index.php\/wp-json\/wp\/v2\/users\/1"}],"replies":[{"embeddable":true,"href":"https:\/\/www.kolkoarchitektoniczne.pl\/index.php\/wp-json\/wp\/v2\/comments?post=129"}],"version-history":[{"count":2,"href":"https:\/\/www.kolkoarchitektoniczne.pl\/index.php\/wp-json\/wp\/v2\/posts\/129\/revisions"}],"predecessor-version":[{"id":280,"href":"https:\/\/www.kolkoarchitektoniczne.pl\/index.php\/wp-json\/wp\/v2\/posts\/129\/revisions\/280"}],"wp:featuredmedia":[{"embeddable":true,"href":"https:\/\/www.kolkoarchitektoniczne.pl\/index.php\/wp-json\/wp\/v2\/media\/281"}],"wp:attachment":[{"href":"https:\/\/www.kolkoarchitektoniczne.pl\/index.php\/wp-json\/wp\/v2\/media?parent=129"}],"wp:term":[{"taxonomy":"category","embeddable":true,"href":"https:\/\/www.kolkoarchitektoniczne.pl\/index.php\/wp-json\/wp\/v2\/categories?post=129"},{"taxonomy":"post_tag","embeddable":true,"href":"https:\/\/www.kolkoarchitektoniczne.pl\/index.php\/wp-json\/wp\/v2\/tags?post=129"}],"curies":[{"name":"wp","href":"https:\/\/api.w.org\/{rel}","templated":true}]}}