{"id":124,"date":"2020-08-23T17:47:02","date_gmt":"2020-08-23T17:47:02","guid":{"rendered":"http:\/\/www.kolkoarchitektoniczne.pl\/?p=124"},"modified":"2020-08-24T19:30:44","modified_gmt":"2020-08-24T19:30:44","slug":"piknik-wlochy","status":"publish","type":"post","link":"https:\/\/www.kolkoarchitektoniczne.pl\/index.php\/2020\/08\/23\/piknik-wlochy\/","title":{"rendered":"Piknik &#8211; W\u0142ochy"},"content":{"rendered":"\n<p>W niedziel\u0119 24 maja 2015r. Muzeum Literatury ju\u017c po raz sz\u00f3sty go\u015bci\u0142o dzieci na Pikniku Literackim. Dla naszego K\u00f3\u0142ka Architektonicznego by\u0142 to debiut na tym wydarzeniu. W tym roku bawili\u015bmy si\u0119 pod has\u0142em \u201eW\u0142oska robota\u201d poznaj\u0105c kultur\u0119 i tradycje s\u0142onecznej Italii. Podczas naszego warsztatu dzieci wcieli\u0142y si\u0119 w staro\u017cytnych &nbsp;konstruktor\u00f3w, buduj\u0105c: <strong>Rzymskie konstrukcje &#8211; staro\u017cytne \u0142uki i pot\u0119\u017cne akwedukty<\/strong>.<\/p>\n\n\n\n<p>Najpierw musieli\u015bmy si\u0119 dowiedzie\u0107 co to takiego by\u0142 akwedukt i dlaczego Rzymianie uznali, \u017ce jest im on niezb\u0119dny i to w dodatku w ka\u017cdym wi\u0119kszym mie\u015bcie. Nast\u0119pnie kombinowali\u015bmy z jakich materia\u0142\u00f3w i jak mo\u017cna by taki akwedukt skonstruowa\u0107. Zapoznali\u015bmy si\u0119 z wynalazkiem \u0142uku budowanego z kamiennych blok\u00f3w. A potem to ju\u017c posz\u0142o. Budowali\u015bmy akwedukty d\u0142ugie i kr\u00f3tkie, wysokie i niskie \u2013 jakie kto chcia\u0142. Na wierzchu ka\u017cdego z nich by\u0142a oczywi\u015bcie obowi\u0105zkowa rynienka na wod\u0119. Wszystko jak prawdziwe\u2026. No mo\u017ce z wyj\u0105tkiem materia\u0142u budowlanego J bo zamienili\u015bmy ci\u0119\u017ckie bloki kamienne u\u017cywane przez staro\u017cytnych Rzymian na nieco \u0142atwiejsze w obr\u00f3bce kostki styropianowe. Ale i tak wysz\u0142o super! Ka\u017cdy uczestnik warsztat\u00f3w wyszed\u0142 z Muzeum Literatury ze swoim w\u0142asnym dzie\u0142em i Rynek Starego Miasta zape\u0142ni\u0142y dzieci z akweduktami w r\u0119kach, budz\u0105c powszechne zdziwienie w\u015br\u00f3d turyst\u00f3w.<\/p>\n\n\n\nngg_shortcode_0_placeholder\n","protected":false},"excerpt":{"rendered":"<p>W niedziel\u0119 24 maja 2015r. Muzeum Literatury ju\u017c po raz sz\u00f3sty go\u015bci\u0142o dzieci na Pikniku Literackim. Dla naszego K\u00f3\u0142ka Architektonicznego by\u0142 to debiut na tym wydarzeniu. W tym roku bawili\u015bmy si\u0119 pod has\u0142em \u201eW\u0142oska robota\u201d poznaj\u0105c kultur\u0119 i tradycje s\u0142onecznej Italii. Podczas naszego warsztatu dzieci wcieli\u0142y si\u0119 w staro\u017cytnych &nbsp;konstruktor\u00f3w, buduj\u0105c: Rzymskie konstrukcje &#8211; staro\u017cytne&#8230; <\/p>\n<div class=\"link-more\"><a href=\"https:\/\/www.kolkoarchitektoniczne.pl\/index.php\/2020\/08\/23\/piknik-wlochy\/\">Czytaj dalej<\/a><\/div>\n","protected":false},"author":1,"featured_media":307,"comment_status":"open","ping_status":"open","sticky":false,"template":"","format":"standard","meta":{"ngg_post_thumbnail":0,"footnotes":""},"categories":[7],"tags":[],"class_list":["post-124","post","type-post","status-publish","format-standard","has-post-thumbnail","hentry","category-pikniki"],"yoast_head":"<!-- This site is optimized with the Yoast SEO plugin v25.8 - https:\/\/yoast.com\/wordpress\/plugins\/seo\/ -->\n<title>Piknik - W\u0142ochy - HOME<\/title>\n<meta name=\"robots\" content=\"index, follow, max-snippet:-1, max-image-preview:large, max-video-preview:-1\" \/>\n<link rel=\"canonical\" href=\"https:\/\/www.kolkoarchitektoniczne.pl\/index.php\/2020\/08\/23\/piknik-wlochy\/\" \/>\n<meta property=\"og:locale\" content=\"pl_PL\" \/>\n<meta property=\"og:type\" content=\"article\" \/>\n<meta property=\"og:title\" content=\"Piknik - W\u0142ochy - HOME\" \/>\n<meta property=\"og:description\" content=\"W niedziel\u0119 24 maja 2015r. Muzeum Literatury ju\u017c po raz sz\u00f3sty go\u015bci\u0142o dzieci na Pikniku Literackim. Dla naszego K\u00f3\u0142ka Architektonicznego by\u0142 to debiut na tym wydarzeniu. W tym roku bawili\u015bmy si\u0119 pod has\u0142em \u201eW\u0142oska robota\u201d poznaj\u0105c kultur\u0119 i tradycje s\u0142onecznej Italii. Podczas naszego warsztatu dzieci wcieli\u0142y si\u0119 w staro\u017cytnych &nbsp;konstruktor\u00f3w, buduj\u0105c: Rzymskie konstrukcje &#8211; staro\u017cytne... Czytaj dalej\" \/>\n<meta property=\"og:url\" content=\"https:\/\/www.kolkoarchitektoniczne.pl\/index.php\/2020\/08\/23\/piknik-wlochy\/\" \/>\n<meta property=\"og:site_name\" content=\"HOME\" \/>\n<meta property=\"article:published_time\" content=\"2020-08-23T17:47:02+00:00\" \/>\n<meta property=\"article:modified_time\" content=\"2020-08-24T19:30:44+00:00\" \/>\n<meta property=\"og:image\" content=\"https:\/\/www.kolkoarchitektoniczne.pl\/wp-content\/uploads\/2020\/08\/IMG_3659-min.jpg\" \/>\n\t<meta property=\"og:image:width\" content=\"900\" \/>\n\t<meta property=\"og:image:height\" content=\"636\" \/>\n\t<meta property=\"og:image:type\" content=\"image\/jpeg\" \/>\n<meta name=\"author\" content=\"admin\" \/>\n<meta name=\"twitter:card\" content=\"summary_large_image\" \/>\n<meta name=\"twitter:label1\" content=\"Napisane przez\" \/>\n\t<meta name=\"twitter:data1\" content=\"admin\" \/>\n\t<meta name=\"twitter:label2\" content=\"Szacowany czas czytania\" \/>\n\t<meta name=\"twitter:data2\" content=\"1 minuta\" \/>\n<script type=\"application\/ld+json\" class=\"yoast-schema-graph\">{\"@context\":\"https:\/\/schema.org\",\"@graph\":[{\"@type\":\"WebPage\",\"@id\":\"https:\/\/www.kolkoarchitektoniczne.pl\/index.php\/2020\/08\/23\/piknik-wlochy\/\",\"url\":\"https:\/\/www.kolkoarchitektoniczne.pl\/index.php\/2020\/08\/23\/piknik-wlochy\/\",\"name\":\"Piknik - W\u0142ochy - HOME\",\"isPartOf\":{\"@id\":\"https:\/\/www.kolkoarchitektoniczne.pl\/#website\"},\"primaryImageOfPage\":{\"@id\":\"https:\/\/www.kolkoarchitektoniczne.pl\/index.php\/2020\/08\/23\/piknik-wlochy\/#primaryimage\"},\"image\":{\"@id\":\"https:\/\/www.kolkoarchitektoniczne.pl\/index.php\/2020\/08\/23\/piknik-wlochy\/#primaryimage\"},\"thumbnailUrl\":\"https:\/\/www.kolkoarchitektoniczne.pl\/wp-content\/uploads\/2020\/08\/IMG_3659-min.jpg\",\"datePublished\":\"2020-08-23T17:47:02+00:00\",\"dateModified\":\"2020-08-24T19:30:44+00:00\",\"author\":{\"@id\":\"https:\/\/www.kolkoarchitektoniczne.pl\/#\/schema\/person\/b94e16842a617df6b4ae54b6d7f2b364\"},\"breadcrumb\":{\"@id\":\"https:\/\/www.kolkoarchitektoniczne.pl\/index.php\/2020\/08\/23\/piknik-wlochy\/#breadcrumb\"},\"inLanguage\":\"pl-PL\",\"potentialAction\":[{\"@type\":\"ReadAction\",\"target\":[\"https:\/\/www.kolkoarchitektoniczne.pl\/index.php\/2020\/08\/23\/piknik-wlochy\/\"]}]},{\"@type\":\"ImageObject\",\"inLanguage\":\"pl-PL\",\"@id\":\"https:\/\/www.kolkoarchitektoniczne.pl\/index.php\/2020\/08\/23\/piknik-wlochy\/#primaryimage\",\"url\":\"https:\/\/www.kolkoarchitektoniczne.pl\/wp-content\/uploads\/2020\/08\/IMG_3659-min.jpg\",\"contentUrl\":\"https:\/\/www.kolkoarchitektoniczne.pl\/wp-content\/uploads\/2020\/08\/IMG_3659-min.jpg\",\"width\":900,\"height\":636},{\"@type\":\"BreadcrumbList\",\"@id\":\"https:\/\/www.kolkoarchitektoniczne.pl\/index.php\/2020\/08\/23\/piknik-wlochy\/#breadcrumb\",\"itemListElement\":[{\"@type\":\"ListItem\",\"position\":1,\"name\":\"Strona g\u0142\u00f3wna\",\"item\":\"https:\/\/www.kolkoarchitektoniczne.pl\/\"},{\"@type\":\"ListItem\",\"position\":2,\"name\":\"Piknik &#8211; W\u0142ochy\"}]},{\"@type\":\"WebSite\",\"@id\":\"https:\/\/www.kolkoarchitektoniczne.pl\/#website\",\"url\":\"https:\/\/www.kolkoarchitektoniczne.pl\/\",\"name\":\"HOME\",\"description\":\"K&oacute;\u0142ko Architektoniczne\",\"potentialAction\":[{\"@type\":\"SearchAction\",\"target\":{\"@type\":\"EntryPoint\",\"urlTemplate\":\"https:\/\/www.kolkoarchitektoniczne.pl\/?s={search_term_string}\"},\"query-input\":{\"@type\":\"PropertyValueSpecification\",\"valueRequired\":true,\"valueName\":\"search_term_string\"}}],\"inLanguage\":\"pl-PL\"},{\"@type\":\"Person\",\"@id\":\"https:\/\/www.kolkoarchitektoniczne.pl\/#\/schema\/person\/b94e16842a617df6b4ae54b6d7f2b364\",\"name\":\"admin\",\"image\":{\"@type\":\"ImageObject\",\"inLanguage\":\"pl-PL\",\"@id\":\"https:\/\/www.kolkoarchitektoniczne.pl\/#\/schema\/person\/image\/\",\"url\":\"https:\/\/secure.gravatar.com\/avatar\/aae3e428ad15f0228c600428af7e169aeae58722448d784d9852ccb68d1890fe?s=96&d=mm&r=g\",\"contentUrl\":\"https:\/\/secure.gravatar.com\/avatar\/aae3e428ad15f0228c600428af7e169aeae58722448d784d9852ccb68d1890fe?s=96&d=mm&r=g\",\"caption\":\"admin\"},\"sameAs\":[\"http:\/\/www.kolkoarchitektoniczne.pl\"],\"url\":\"https:\/\/www.kolkoarchitektoniczne.pl\/index.php\/author\/admin\/\"}]}<\/script>\n<!-- \/ Yoast SEO plugin. -->","yoast_head_json":{"title":"Piknik - W\u0142ochy - HOME","robots":{"index":"index","follow":"follow","max-snippet":"max-snippet:-1","max-image-preview":"max-image-preview:large","max-video-preview":"max-video-preview:-1"},"canonical":"https:\/\/www.kolkoarchitektoniczne.pl\/index.php\/2020\/08\/23\/piknik-wlochy\/","og_locale":"pl_PL","og_type":"article","og_title":"Piknik - W\u0142ochy - HOME","og_description":"W niedziel\u0119 24 maja 2015r. Muzeum Literatury ju\u017c po raz sz\u00f3sty go\u015bci\u0142o dzieci na Pikniku Literackim. Dla naszego K\u00f3\u0142ka Architektonicznego by\u0142 to debiut na tym wydarzeniu. W tym roku bawili\u015bmy si\u0119 pod has\u0142em \u201eW\u0142oska robota\u201d poznaj\u0105c kultur\u0119 i tradycje s\u0142onecznej Italii. Podczas naszego warsztatu dzieci wcieli\u0142y si\u0119 w staro\u017cytnych &nbsp;konstruktor\u00f3w, buduj\u0105c: Rzymskie konstrukcje &#8211; staro\u017cytne... Czytaj dalej","og_url":"https:\/\/www.kolkoarchitektoniczne.pl\/index.php\/2020\/08\/23\/piknik-wlochy\/","og_site_name":"HOME","article_published_time":"2020-08-23T17:47:02+00:00","article_modified_time":"2020-08-24T19:30:44+00:00","og_image":[{"width":900,"height":636,"url":"https:\/\/www.kolkoarchitektoniczne.pl\/wp-content\/uploads\/2020\/08\/IMG_3659-min.jpg","type":"image\/jpeg"}],"author":"admin","twitter_card":"summary_large_image","twitter_misc":{"Napisane przez":"admin","Szacowany czas czytania":"1 minuta"},"schema":{"@context":"https:\/\/schema.org","@graph":[{"@type":"WebPage","@id":"https:\/\/www.kolkoarchitektoniczne.pl\/index.php\/2020\/08\/23\/piknik-wlochy\/","url":"https:\/\/www.kolkoarchitektoniczne.pl\/index.php\/2020\/08\/23\/piknik-wlochy\/","name":"Piknik - W\u0142ochy - HOME","isPartOf":{"@id":"https:\/\/www.kolkoarchitektoniczne.pl\/#website"},"primaryImageOfPage":{"@id":"https:\/\/www.kolkoarchitektoniczne.pl\/index.php\/2020\/08\/23\/piknik-wlochy\/#primaryimage"},"image":{"@id":"https:\/\/www.kolkoarchitektoniczne.pl\/index.php\/2020\/08\/23\/piknik-wlochy\/#primaryimage"},"thumbnailUrl":"https:\/\/www.kolkoarchitektoniczne.pl\/wp-content\/uploads\/2020\/08\/IMG_3659-min.jpg","datePublished":"2020-08-23T17:47:02+00:00","dateModified":"2020-08-24T19:30:44+00:00","author":{"@id":"https:\/\/www.kolkoarchitektoniczne.pl\/#\/schema\/person\/b94e16842a617df6b4ae54b6d7f2b364"},"breadcrumb":{"@id":"https:\/\/www.kolkoarchitektoniczne.pl\/index.php\/2020\/08\/23\/piknik-wlochy\/#breadcrumb"},"inLanguage":"pl-PL","potentialAction":[{"@type":"ReadAction","target":["https:\/\/www.kolkoarchitektoniczne.pl\/index.php\/2020\/08\/23\/piknik-wlochy\/"]}]},{"@type":"ImageObject","inLanguage":"pl-PL","@id":"https:\/\/www.kolkoarchitektoniczne.pl\/index.php\/2020\/08\/23\/piknik-wlochy\/#primaryimage","url":"https:\/\/www.kolkoarchitektoniczne.pl\/wp-content\/uploads\/2020\/08\/IMG_3659-min.jpg","contentUrl":"https:\/\/www.kolkoarchitektoniczne.pl\/wp-content\/uploads\/2020\/08\/IMG_3659-min.jpg","width":900,"height":636},{"@type":"BreadcrumbList","@id":"https:\/\/www.kolkoarchitektoniczne.pl\/index.php\/2020\/08\/23\/piknik-wlochy\/#breadcrumb","itemListElement":[{"@type":"ListItem","position":1,"name":"Strona g\u0142\u00f3wna","item":"https:\/\/www.kolkoarchitektoniczne.pl\/"},{"@type":"ListItem","position":2,"name":"Piknik &#8211; W\u0142ochy"}]},{"@type":"WebSite","@id":"https:\/\/www.kolkoarchitektoniczne.pl\/#website","url":"https:\/\/www.kolkoarchitektoniczne.pl\/","name":"HOME","description":"K&oacute;\u0142ko Architektoniczne","potentialAction":[{"@type":"SearchAction","target":{"@type":"EntryPoint","urlTemplate":"https:\/\/www.kolkoarchitektoniczne.pl\/?s={search_term_string}"},"query-input":{"@type":"PropertyValueSpecification","valueRequired":true,"valueName":"search_term_string"}}],"inLanguage":"pl-PL"},{"@type":"Person","@id":"https:\/\/www.kolkoarchitektoniczne.pl\/#\/schema\/person\/b94e16842a617df6b4ae54b6d7f2b364","name":"admin","image":{"@type":"ImageObject","inLanguage":"pl-PL","@id":"https:\/\/www.kolkoarchitektoniczne.pl\/#\/schema\/person\/image\/","url":"https:\/\/secure.gravatar.com\/avatar\/aae3e428ad15f0228c600428af7e169aeae58722448d784d9852ccb68d1890fe?s=96&d=mm&r=g","contentUrl":"https:\/\/secure.gravatar.com\/avatar\/aae3e428ad15f0228c600428af7e169aeae58722448d784d9852ccb68d1890fe?s=96&d=mm&r=g","caption":"admin"},"sameAs":["http:\/\/www.kolkoarchitektoniczne.pl"],"url":"https:\/\/www.kolkoarchitektoniczne.pl\/index.php\/author\/admin\/"}]}},"_links":{"self":[{"href":"https:\/\/www.kolkoarchitektoniczne.pl\/index.php\/wp-json\/wp\/v2\/posts\/124","targetHints":{"allow":["GET"]}}],"collection":[{"href":"https:\/\/www.kolkoarchitektoniczne.pl\/index.php\/wp-json\/wp\/v2\/posts"}],"about":[{"href":"https:\/\/www.kolkoarchitektoniczne.pl\/index.php\/wp-json\/wp\/v2\/types\/post"}],"author":[{"embeddable":true,"href":"https:\/\/www.kolkoarchitektoniczne.pl\/index.php\/wp-json\/wp\/v2\/users\/1"}],"replies":[{"embeddable":true,"href":"https:\/\/www.kolkoarchitektoniczne.pl\/index.php\/wp-json\/wp\/v2\/comments?post=124"}],"version-history":[{"count":4,"href":"https:\/\/www.kolkoarchitektoniczne.pl\/index.php\/wp-json\/wp\/v2\/posts\/124\/revisions"}],"predecessor-version":[{"id":309,"href":"https:\/\/www.kolkoarchitektoniczne.pl\/index.php\/wp-json\/wp\/v2\/posts\/124\/revisions\/309"}],"wp:featuredmedia":[{"embeddable":true,"href":"https:\/\/www.kolkoarchitektoniczne.pl\/index.php\/wp-json\/wp\/v2\/media\/307"}],"wp:attachment":[{"href":"https:\/\/www.kolkoarchitektoniczne.pl\/index.php\/wp-json\/wp\/v2\/media?parent=124"}],"wp:term":[{"taxonomy":"category","embeddable":true,"href":"https:\/\/www.kolkoarchitektoniczne.pl\/index.php\/wp-json\/wp\/v2\/categories?post=124"},{"taxonomy":"post_tag","embeddable":true,"href":"https:\/\/www.kolkoarchitektoniczne.pl\/index.php\/wp-json\/wp\/v2\/tags?post=124"}],"curies":[{"name":"wp","href":"https:\/\/api.w.org\/{rel}","templated":true}]}}