{"id":121,"date":"2020-08-23T17:39:38","date_gmt":"2020-08-23T17:39:38","guid":{"rendered":"http:\/\/www.kolkoarchitektoniczne.pl\/?p=121"},"modified":"2020-08-24T20:58:56","modified_gmt":"2020-08-24T20:58:56","slug":"projekt-dlaczego-idea","status":"publish","type":"post","link":"https:\/\/www.kolkoarchitektoniczne.pl\/index.php\/2020\/08\/23\/projekt-dlaczego-idea\/","title":{"rendered":"Projekt &#8222;Dlaczego?&#8221; &#8211; idea"},"content":{"rendered":"\n<p>Warsztaty pt. \u201eDlaczego?\u201d powsta\u0142y jako kontynuacja wcze\u015bniejszego projektu pt. \u201eChcie\u0107, to m\u00f3c?\u201d. Odpowiadaj\u0105c na zainteresowanie ze strony wychowank\u00f3w dom\u00f3w dziecka \u2013 uczestnik\u00f3w poprzedniego projektu \u2013 postanowili\u015bmy stworzy\u0107 nowe warsztaty , tym razem bezterminowo (no chodzi o to, \u017ce nie s\u0105 zamkni\u0119t\u0105 ca\u0142o\u015bci\u0105, tylko maj\u0105 trwa\u0107, dop\u00f3ki b\u0119dzie na nie zapotrzebowanie).<\/p>\n\n\n\n<p>Chcieli\u015bmy chocia\u017c spr\u00f3bowa\u0107 nieco wype\u0142ni\u0107 luk\u0119, kt\u00f3ra wynika ze specyfiki dorastania dzieci w domach dziecka. Brak sta\u0142ego, bezpiecznego kontaktu z doros\u0142ym, kt\u00f3ry w codziennych sytuacjach \u017cyciowych obja\u015bnia dziecku \u015bwiat i zasady jakie nim rz\u0105dz\u0105, powoduje, \u017ce dzieci o wielu rzeczach nie wiedz\u0105, a to nie buduje ich poczucia w\u0142asnej warto\u015bci. Postanowili\u015bmy zatem, \u017ce na ka\u017cdym spotkaniu odpowiemy sobie na inne pytanie \u201eDlaczego\u2026.?\u201d, np. \u201eDlaczego dro\u017cd\u017ce rosn\u0105?\u201d albo \u201eDlaczego si\u0119 \u015bmiejemy?\u201d, odkrywaj\u0105c w ten spos\u00f3b, wsp\u00f3lnie z dzie\u0107mi, jak dzia\u0142a nasz \u015bwiat.<\/p>\n\n\n\n<p>W ten w\u0142a\u015bnie spos\u00f3b poznajemy procesy zachodz\u0105ce wok\u00f3\u0142 nas i odkrywamy dlaczego co\u015b robimy tak a nie inaczej. Dlaczego \u015bwiat jest taki jaki jest. Przy okazji robimy wsp\u00f3lnie fajne rzeczy np. myd\u0142a, peryskopy albo pizz\u0119 (bardzo smaczn\u0105). Pizz\u0119 zjedli\u015bmy ale inne przedmioty wykonane na zaj\u0119ciach staj\u0105 si\u0119 w\u0142asno\u015bci\u0105 dzieci i mog\u0105 je zabra\u0107 ze sob\u0105, podzieli\u0107 z bliskimi im osobami lub cieszy\u0107 si\u0119 nimi w swoich pokojach. Opr\u00f3cz fajnej zabawy zyskujemy \u015bwiadomo\u015b\u0107 i wiedz\u0119, kt\u00f3ra podnosi nasze poczucie w\u0142asnej warto\u015bci i pozwala lepiej si\u0119 odnajdywa\u0107 w codziennym \u017cyciu.<\/p>\n\n\n\n<p>Du\u017c\u0105 rado\u015b\u0107 sprawia nam kiedy widzimy zadowolenie w oczach dzieci i pojawiaj\u0105ce si\u0119 w nich poczucie dumy z tego, \u017ce co\u015b stworzy\u0142y, dowiedzia\u0142y si\u0119 czego i co\u015b umiej\u0105. Na niekt\u00f3re warsztaty zapraszamy \u201ego\u015bcia specjalnego\u201d, kt\u00f3ry pe\u0142ni rol\u0119 eksperta i t\u0142umaczy nam zjawiska, na kt\u00f3rych sami si\u0119 nie znamy np. na pytanie \u201eDlaczego warto ta\u0144czy\u0107?\u201d odpowiada\u0142&nbsp; tancerz, aktor oraz instruktor ta\u0144ca breakdance Pawe\u0142 Marczuk. Wizyta na zaj\u0119ciach takiego go\u015bcia, to szansa na poznanie ciekawych ludzi, poznania ich historii \u017cycia oraz &nbsp;zaczerpni\u0119cie wiedzy na dany temat od fachowca. Jest to r\u00f3wnie\u017c szansa na zastanowienie si\u0119 co mo\u017ce by\u0107 nasza pasj\u0105, przysz\u0142ym sposobem na \u017cycie, do czego mamy talent a w czym raczej si\u0119 nie sprawdzimy. To bardzo cenna wiedza! J<\/p>\n\n\n\n<p>Warsztaty s\u0105 przeznaczone dla wychowank\u00f3w dom\u00f3w dziecka w wieku 8-12 lat. W ca\u0142o\u015bci s\u0105 finansowane ze \u015brodk\u00f3w w\u0142asnych domu kultury Centrum \u0141owicka.<\/p>\n","protected":false},"excerpt":{"rendered":"<p>Warsztaty pt. \u201eDlaczego?\u201d powsta\u0142y jako kontynuacja wcze\u015bniejszego projektu pt. \u201eChcie\u0107, to m\u00f3c?\u201d. Odpowiadaj\u0105c na zainteresowanie ze strony wychowank\u00f3w dom\u00f3w dziecka \u2013 uczestnik\u00f3w poprzedniego projektu \u2013 postanowili\u015bmy stworzy\u0107 nowe warsztaty , tym razem bezterminowo (no chodzi o to, \u017ce nie s\u0105 zamkni\u0119t\u0105 ca\u0142o\u015bci\u0105, tylko maj\u0105 trwa\u0107, dop\u00f3ki b\u0119dzie na nie zapotrzebowanie). Chcieli\u015bmy chocia\u017c spr\u00f3bowa\u0107 nieco wype\u0142ni\u0107&#8230; <\/p>\n<div class=\"link-more\"><a href=\"https:\/\/www.kolkoarchitektoniczne.pl\/index.php\/2020\/08\/23\/projekt-dlaczego-idea\/\">Czytaj dalej<\/a><\/div>\n","protected":false},"author":1,"featured_media":445,"comment_status":"open","ping_status":"open","sticky":false,"template":"","format":"standard","meta":{"ngg_post_thumbnail":0,"footnotes":""},"categories":[9,6],"tags":[],"class_list":["post-121","post","type-post","status-publish","format-standard","has-post-thumbnail","hentry","category-projekt-dlaczego","category-wydarzenia"],"yoast_head":"<!-- This site is optimized with the Yoast SEO plugin v25.8 - https:\/\/yoast.com\/wordpress\/plugins\/seo\/ -->\n<title>Projekt &quot;Dlaczego?&quot; - idea - HOME<\/title>\n<meta name=\"robots\" content=\"index, follow, max-snippet:-1, max-image-preview:large, max-video-preview:-1\" \/>\n<link rel=\"canonical\" href=\"https:\/\/www.kolkoarchitektoniczne.pl\/index.php\/2020\/08\/23\/projekt-dlaczego-idea\/\" \/>\n<meta property=\"og:locale\" content=\"pl_PL\" \/>\n<meta property=\"og:type\" content=\"article\" \/>\n<meta property=\"og:title\" content=\"Projekt &quot;Dlaczego?&quot; - idea - HOME\" \/>\n<meta property=\"og:description\" content=\"Warsztaty pt. \u201eDlaczego?\u201d powsta\u0142y jako kontynuacja wcze\u015bniejszego projektu pt. \u201eChcie\u0107, to m\u00f3c?\u201d. Odpowiadaj\u0105c na zainteresowanie ze strony wychowank\u00f3w dom\u00f3w dziecka \u2013 uczestnik\u00f3w poprzedniego projektu \u2013 postanowili\u015bmy stworzy\u0107 nowe warsztaty , tym razem bezterminowo (no chodzi o to, \u017ce nie s\u0105 zamkni\u0119t\u0105 ca\u0142o\u015bci\u0105, tylko maj\u0105 trwa\u0107, dop\u00f3ki b\u0119dzie na nie zapotrzebowanie). Chcieli\u015bmy chocia\u017c spr\u00f3bowa\u0107 nieco wype\u0142ni\u0107... Czytaj dalej\" \/>\n<meta property=\"og:url\" content=\"https:\/\/www.kolkoarchitektoniczne.pl\/index.php\/2020\/08\/23\/projekt-dlaczego-idea\/\" \/>\n<meta property=\"og:site_name\" content=\"HOME\" \/>\n<meta property=\"article:published_time\" content=\"2020-08-23T17:39:38+00:00\" \/>\n<meta property=\"article:modified_time\" content=\"2020-08-24T20:58:56+00:00\" \/>\n<meta property=\"og:image\" content=\"https:\/\/www.kolkoarchitektoniczne.pl\/wp-content\/uploads\/2020\/08\/DSC00195-min-1-scaled.jpg\" \/>\n\t<meta property=\"og:image:width\" content=\"2560\" \/>\n\t<meta property=\"og:image:height\" content=\"1920\" \/>\n\t<meta property=\"og:image:type\" content=\"image\/jpeg\" \/>\n<meta name=\"author\" content=\"admin\" \/>\n<meta name=\"twitter:card\" content=\"summary_large_image\" \/>\n<meta name=\"twitter:label1\" content=\"Napisane przez\" \/>\n\t<meta name=\"twitter:data1\" content=\"admin\" \/>\n\t<meta name=\"twitter:label2\" content=\"Szacowany czas czytania\" \/>\n\t<meta name=\"twitter:data2\" content=\"2 minuty\" \/>\n<script type=\"application\/ld+json\" class=\"yoast-schema-graph\">{\"@context\":\"https:\/\/schema.org\",\"@graph\":[{\"@type\":\"WebPage\",\"@id\":\"https:\/\/www.kolkoarchitektoniczne.pl\/index.php\/2020\/08\/23\/projekt-dlaczego-idea\/\",\"url\":\"https:\/\/www.kolkoarchitektoniczne.pl\/index.php\/2020\/08\/23\/projekt-dlaczego-idea\/\",\"name\":\"Projekt \\\"Dlaczego?\\\" - idea - HOME\",\"isPartOf\":{\"@id\":\"https:\/\/www.kolkoarchitektoniczne.pl\/#website\"},\"primaryImageOfPage\":{\"@id\":\"https:\/\/www.kolkoarchitektoniczne.pl\/index.php\/2020\/08\/23\/projekt-dlaczego-idea\/#primaryimage\"},\"image\":{\"@id\":\"https:\/\/www.kolkoarchitektoniczne.pl\/index.php\/2020\/08\/23\/projekt-dlaczego-idea\/#primaryimage\"},\"thumbnailUrl\":\"https:\/\/www.kolkoarchitektoniczne.pl\/wp-content\/uploads\/2020\/08\/DSC00195-min-1-scaled.jpg\",\"datePublished\":\"2020-08-23T17:39:38+00:00\",\"dateModified\":\"2020-08-24T20:58:56+00:00\",\"author\":{\"@id\":\"https:\/\/www.kolkoarchitektoniczne.pl\/#\/schema\/person\/b94e16842a617df6b4ae54b6d7f2b364\"},\"breadcrumb\":{\"@id\":\"https:\/\/www.kolkoarchitektoniczne.pl\/index.php\/2020\/08\/23\/projekt-dlaczego-idea\/#breadcrumb\"},\"inLanguage\":\"pl-PL\",\"potentialAction\":[{\"@type\":\"ReadAction\",\"target\":[\"https:\/\/www.kolkoarchitektoniczne.pl\/index.php\/2020\/08\/23\/projekt-dlaczego-idea\/\"]}]},{\"@type\":\"ImageObject\",\"inLanguage\":\"pl-PL\",\"@id\":\"https:\/\/www.kolkoarchitektoniczne.pl\/index.php\/2020\/08\/23\/projekt-dlaczego-idea\/#primaryimage\",\"url\":\"https:\/\/www.kolkoarchitektoniczne.pl\/wp-content\/uploads\/2020\/08\/DSC00195-min-1-scaled.jpg\",\"contentUrl\":\"https:\/\/www.kolkoarchitektoniczne.pl\/wp-content\/uploads\/2020\/08\/DSC00195-min-1-scaled.jpg\",\"width\":2560,\"height\":1920},{\"@type\":\"BreadcrumbList\",\"@id\":\"https:\/\/www.kolkoarchitektoniczne.pl\/index.php\/2020\/08\/23\/projekt-dlaczego-idea\/#breadcrumb\",\"itemListElement\":[{\"@type\":\"ListItem\",\"position\":1,\"name\":\"Strona g\u0142\u00f3wna\",\"item\":\"https:\/\/www.kolkoarchitektoniczne.pl\/\"},{\"@type\":\"ListItem\",\"position\":2,\"name\":\"Projekt &#8220;Dlaczego?&#8221; &#8211; idea\"}]},{\"@type\":\"WebSite\",\"@id\":\"https:\/\/www.kolkoarchitektoniczne.pl\/#website\",\"url\":\"https:\/\/www.kolkoarchitektoniczne.pl\/\",\"name\":\"HOME\",\"description\":\"K&oacute;\u0142ko Architektoniczne\",\"potentialAction\":[{\"@type\":\"SearchAction\",\"target\":{\"@type\":\"EntryPoint\",\"urlTemplate\":\"https:\/\/www.kolkoarchitektoniczne.pl\/?s={search_term_string}\"},\"query-input\":{\"@type\":\"PropertyValueSpecification\",\"valueRequired\":true,\"valueName\":\"search_term_string\"}}],\"inLanguage\":\"pl-PL\"},{\"@type\":\"Person\",\"@id\":\"https:\/\/www.kolkoarchitektoniczne.pl\/#\/schema\/person\/b94e16842a617df6b4ae54b6d7f2b364\",\"name\":\"admin\",\"image\":{\"@type\":\"ImageObject\",\"inLanguage\":\"pl-PL\",\"@id\":\"https:\/\/www.kolkoarchitektoniczne.pl\/#\/schema\/person\/image\/\",\"url\":\"https:\/\/secure.gravatar.com\/avatar\/aae3e428ad15f0228c600428af7e169aeae58722448d784d9852ccb68d1890fe?s=96&d=mm&r=g\",\"contentUrl\":\"https:\/\/secure.gravatar.com\/avatar\/aae3e428ad15f0228c600428af7e169aeae58722448d784d9852ccb68d1890fe?s=96&d=mm&r=g\",\"caption\":\"admin\"},\"sameAs\":[\"http:\/\/www.kolkoarchitektoniczne.pl\"],\"url\":\"https:\/\/www.kolkoarchitektoniczne.pl\/index.php\/author\/admin\/\"}]}<\/script>\n<!-- \/ Yoast SEO plugin. -->","yoast_head_json":{"title":"Projekt \"Dlaczego?\" - idea - HOME","robots":{"index":"index","follow":"follow","max-snippet":"max-snippet:-1","max-image-preview":"max-image-preview:large","max-video-preview":"max-video-preview:-1"},"canonical":"https:\/\/www.kolkoarchitektoniczne.pl\/index.php\/2020\/08\/23\/projekt-dlaczego-idea\/","og_locale":"pl_PL","og_type":"article","og_title":"Projekt \"Dlaczego?\" - idea - HOME","og_description":"Warsztaty pt. \u201eDlaczego?\u201d powsta\u0142y jako kontynuacja wcze\u015bniejszego projektu pt. \u201eChcie\u0107, to m\u00f3c?\u201d. Odpowiadaj\u0105c na zainteresowanie ze strony wychowank\u00f3w dom\u00f3w dziecka \u2013 uczestnik\u00f3w poprzedniego projektu \u2013 postanowili\u015bmy stworzy\u0107 nowe warsztaty , tym razem bezterminowo (no chodzi o to, \u017ce nie s\u0105 zamkni\u0119t\u0105 ca\u0142o\u015bci\u0105, tylko maj\u0105 trwa\u0107, dop\u00f3ki b\u0119dzie na nie zapotrzebowanie). Chcieli\u015bmy chocia\u017c spr\u00f3bowa\u0107 nieco wype\u0142ni\u0107... Czytaj dalej","og_url":"https:\/\/www.kolkoarchitektoniczne.pl\/index.php\/2020\/08\/23\/projekt-dlaczego-idea\/","og_site_name":"HOME","article_published_time":"2020-08-23T17:39:38+00:00","article_modified_time":"2020-08-24T20:58:56+00:00","og_image":[{"width":2560,"height":1920,"url":"https:\/\/www.kolkoarchitektoniczne.pl\/wp-content\/uploads\/2020\/08\/DSC00195-min-1-scaled.jpg","type":"image\/jpeg"}],"author":"admin","twitter_card":"summary_large_image","twitter_misc":{"Napisane przez":"admin","Szacowany czas czytania":"2 minuty"},"schema":{"@context":"https:\/\/schema.org","@graph":[{"@type":"WebPage","@id":"https:\/\/www.kolkoarchitektoniczne.pl\/index.php\/2020\/08\/23\/projekt-dlaczego-idea\/","url":"https:\/\/www.kolkoarchitektoniczne.pl\/index.php\/2020\/08\/23\/projekt-dlaczego-idea\/","name":"Projekt \"Dlaczego?\" - idea - HOME","isPartOf":{"@id":"https:\/\/www.kolkoarchitektoniczne.pl\/#website"},"primaryImageOfPage":{"@id":"https:\/\/www.kolkoarchitektoniczne.pl\/index.php\/2020\/08\/23\/projekt-dlaczego-idea\/#primaryimage"},"image":{"@id":"https:\/\/www.kolkoarchitektoniczne.pl\/index.php\/2020\/08\/23\/projekt-dlaczego-idea\/#primaryimage"},"thumbnailUrl":"https:\/\/www.kolkoarchitektoniczne.pl\/wp-content\/uploads\/2020\/08\/DSC00195-min-1-scaled.jpg","datePublished":"2020-08-23T17:39:38+00:00","dateModified":"2020-08-24T20:58:56+00:00","author":{"@id":"https:\/\/www.kolkoarchitektoniczne.pl\/#\/schema\/person\/b94e16842a617df6b4ae54b6d7f2b364"},"breadcrumb":{"@id":"https:\/\/www.kolkoarchitektoniczne.pl\/index.php\/2020\/08\/23\/projekt-dlaczego-idea\/#breadcrumb"},"inLanguage":"pl-PL","potentialAction":[{"@type":"ReadAction","target":["https:\/\/www.kolkoarchitektoniczne.pl\/index.php\/2020\/08\/23\/projekt-dlaczego-idea\/"]}]},{"@type":"ImageObject","inLanguage":"pl-PL","@id":"https:\/\/www.kolkoarchitektoniczne.pl\/index.php\/2020\/08\/23\/projekt-dlaczego-idea\/#primaryimage","url":"https:\/\/www.kolkoarchitektoniczne.pl\/wp-content\/uploads\/2020\/08\/DSC00195-min-1-scaled.jpg","contentUrl":"https:\/\/www.kolkoarchitektoniczne.pl\/wp-content\/uploads\/2020\/08\/DSC00195-min-1-scaled.jpg","width":2560,"height":1920},{"@type":"BreadcrumbList","@id":"https:\/\/www.kolkoarchitektoniczne.pl\/index.php\/2020\/08\/23\/projekt-dlaczego-idea\/#breadcrumb","itemListElement":[{"@type":"ListItem","position":1,"name":"Strona g\u0142\u00f3wna","item":"https:\/\/www.kolkoarchitektoniczne.pl\/"},{"@type":"ListItem","position":2,"name":"Projekt &#8220;Dlaczego?&#8221; &#8211; idea"}]},{"@type":"WebSite","@id":"https:\/\/www.kolkoarchitektoniczne.pl\/#website","url":"https:\/\/www.kolkoarchitektoniczne.pl\/","name":"HOME","description":"K&oacute;\u0142ko Architektoniczne","potentialAction":[{"@type":"SearchAction","target":{"@type":"EntryPoint","urlTemplate":"https:\/\/www.kolkoarchitektoniczne.pl\/?s={search_term_string}"},"query-input":{"@type":"PropertyValueSpecification","valueRequired":true,"valueName":"search_term_string"}}],"inLanguage":"pl-PL"},{"@type":"Person","@id":"https:\/\/www.kolkoarchitektoniczne.pl\/#\/schema\/person\/b94e16842a617df6b4ae54b6d7f2b364","name":"admin","image":{"@type":"ImageObject","inLanguage":"pl-PL","@id":"https:\/\/www.kolkoarchitektoniczne.pl\/#\/schema\/person\/image\/","url":"https:\/\/secure.gravatar.com\/avatar\/aae3e428ad15f0228c600428af7e169aeae58722448d784d9852ccb68d1890fe?s=96&d=mm&r=g","contentUrl":"https:\/\/secure.gravatar.com\/avatar\/aae3e428ad15f0228c600428af7e169aeae58722448d784d9852ccb68d1890fe?s=96&d=mm&r=g","caption":"admin"},"sameAs":["http:\/\/www.kolkoarchitektoniczne.pl"],"url":"https:\/\/www.kolkoarchitektoniczne.pl\/index.php\/author\/admin\/"}]}},"_links":{"self":[{"href":"https:\/\/www.kolkoarchitektoniczne.pl\/index.php\/wp-json\/wp\/v2\/posts\/121","targetHints":{"allow":["GET"]}}],"collection":[{"href":"https:\/\/www.kolkoarchitektoniczne.pl\/index.php\/wp-json\/wp\/v2\/posts"}],"about":[{"href":"https:\/\/www.kolkoarchitektoniczne.pl\/index.php\/wp-json\/wp\/v2\/types\/post"}],"author":[{"embeddable":true,"href":"https:\/\/www.kolkoarchitektoniczne.pl\/index.php\/wp-json\/wp\/v2\/users\/1"}],"replies":[{"embeddable":true,"href":"https:\/\/www.kolkoarchitektoniczne.pl\/index.php\/wp-json\/wp\/v2\/comments?post=121"}],"version-history":[{"count":1,"href":"https:\/\/www.kolkoarchitektoniczne.pl\/index.php\/wp-json\/wp\/v2\/posts\/121\/revisions"}],"predecessor-version":[{"id":122,"href":"https:\/\/www.kolkoarchitektoniczne.pl\/index.php\/wp-json\/wp\/v2\/posts\/121\/revisions\/122"}],"wp:featuredmedia":[{"embeddable":true,"href":"https:\/\/www.kolkoarchitektoniczne.pl\/index.php\/wp-json\/wp\/v2\/media\/445"}],"wp:attachment":[{"href":"https:\/\/www.kolkoarchitektoniczne.pl\/index.php\/wp-json\/wp\/v2\/media?parent=121"}],"wp:term":[{"taxonomy":"category","embeddable":true,"href":"https:\/\/www.kolkoarchitektoniczne.pl\/index.php\/wp-json\/wp\/v2\/categories?post=121"},{"taxonomy":"post_tag","embeddable":true,"href":"https:\/\/www.kolkoarchitektoniczne.pl\/index.php\/wp-json\/wp\/v2\/tags?post=121"}],"curies":[{"name":"wp","href":"https:\/\/api.w.org\/{rel}","templated":true}]}}