{"id":119,"date":"2020-08-23T17:38:41","date_gmt":"2020-08-23T17:38:41","guid":{"rendered":"http:\/\/www.kolkoarchitektoniczne.pl\/?p=119"},"modified":"2020-08-23T19:17:57","modified_gmt":"2020-08-23T19:17:57","slug":"dlaczego-lato-jest-pyszne","status":"publish","type":"post","link":"https:\/\/www.kolkoarchitektoniczne.pl\/index.php\/2020\/08\/23\/dlaczego-lato-jest-pyszne\/","title":{"rendered":"Dlaczego lato jest pyszne?"},"content":{"rendered":"\n<p>W czerwcu, kiedy lato by\u0142o ju\u017c tu\u017c-tu\u017c, wszyscy odliczali dni do pocz\u0105tku wakacji, coraz cz\u0119\u015bciej by\u0142o ciep\u0142o, kto\u015b powiedzia\u0142, \u017ce nie mo\u017ce si\u0119 doczeka\u0107 lata, bo lato jest pyszne. Dlaczego lato jest pyszne? Lato jest fajne, bo nie ma szko\u0142y. Mo\u017ce by\u0107 gor\u0105ce lub deszczowe. Cz\u0119sto jest weso\u0142e kiedy dobrze si\u0119 bawimy na wakacjach. Ale \u201epyszne\u201d?<\/p>\n\n\n\n<p>Jako dru\u017cyna szukaj\u0105ca odpowiedzi na pytanie \u201eDlaczego\u2026?\u201d postanowili\u015bmy sprawdzi\u0107 i to.<\/p>\n\n\n\n<p>W tym celu &nbsp;odwiedzili\u015bmy dzia\u0142k\u0119 nr 48 w Rodzinnym Ogrodzie Dzia\u0142kowym przy ul. Rac\u0142awickiej i wraz z jej w\u0142a\u015bcicielami szukali\u015bmy odpowiedzi na tytu\u0142owe pytanie.<\/p>\n\n\n\n<p>Aleksandra Andrzejewska \u2013 architektka, projektantka, graficzka i ilustratorka i ogrodniczka pe\u0142ni\u0105ca funkcj\u0119 prezeski Rodzinnego Ogrodu Dzia\u0142kowego im. Obro\u0144c\u00f3w Pokoju w Warszawie, wsp\u00f3lnie z Agnieszk\u0105 Dybowsk\u0105 absolwentk\u0105 Wydzia\u0142u Architektury Wn\u0119trz w warszawskiej ASP oprowadzi\u0142y nas po dzia\u0142ce, pokaza\u0142y co gdzie ro\u015bnie a co i gdzie gnije, co i gdzie mieszka a co si\u0119 daje zje\u015b\u0107 na dzia\u0142ce na pocz\u0105tku lata.<\/p>\n\n\n\n<p>Posadzili\u015bmy par\u0119 sadzonek truskawek i sa\u0142aty. Podlali\u015bmy ro\u015bliny aby mia\u0142y si\u0142\u0119 pysznie rosn\u0105\u0107 i dawa\u0107 owoce. Znale\u017ali\u015bmy dojrza\u0142e truskawki i mi\u0119t\u0119. I szybciutko zrobili\u015bmy z tego u\u017cytek. Powsta\u0142 koktajl truskawkowo-mi\u0119towy i babeczki z nadzieniem z truskawek. I okaza\u0142o si\u0119, \u017ce lato ju\u017c w czerwcu jest pyszne a podobno w kolejnych miesi\u0105cach mia\u0142o by\u0107 jeszcze wi\u0119cej pyszno\u015bci w ogr\u00f3dku.<\/p>\n\n\n\n<p>Pod koniec naszego spotkania wnioski mamy takie, \u017ce lato faktycznie jest pyszne!<\/p>\n\n\n\n<p>W\u0142a\u015bcicielki dzia\u0142ki zapewnia\u0142y nas, \u017ce jesie\u0144 jest jeszcze smaczniejsza. Sprawdzimy to przy nast\u0119pnej okazji.<\/p>\n\n\n\nngg_shortcode_0_placeholder\n","protected":false},"excerpt":{"rendered":"<p>W czerwcu, kiedy lato by\u0142o ju\u017c tu\u017c-tu\u017c, wszyscy odliczali dni do pocz\u0105tku wakacji, coraz cz\u0119\u015bciej by\u0142o ciep\u0142o, kto\u015b powiedzia\u0142, \u017ce nie mo\u017ce si\u0119 doczeka\u0107 lata, bo lato jest pyszne. Dlaczego lato jest pyszne? Lato jest fajne, bo nie ma szko\u0142y. Mo\u017ce by\u0107 gor\u0105ce lub deszczowe. Cz\u0119sto jest weso\u0142e kiedy dobrze si\u0119 bawimy na wakacjach. Ale&#8230; <\/p>\n<div class=\"link-more\"><a href=\"https:\/\/www.kolkoarchitektoniczne.pl\/index.php\/2020\/08\/23\/dlaczego-lato-jest-pyszne\/\">Czytaj dalej<\/a><\/div>\n","protected":false},"author":1,"featured_media":244,"comment_status":"open","ping_status":"open","sticky":false,"template":"","format":"standard","meta":{"ngg_post_thumbnail":0,"footnotes":""},"categories":[9],"tags":[],"class_list":["post-119","post","type-post","status-publish","format-standard","has-post-thumbnail","hentry","category-projekt-dlaczego"],"yoast_head":"<!-- This site is optimized with the Yoast SEO plugin v25.8 - https:\/\/yoast.com\/wordpress\/plugins\/seo\/ -->\n<title>Dlaczego lato jest pyszne? - HOME<\/title>\n<meta name=\"robots\" content=\"index, follow, max-snippet:-1, max-image-preview:large, max-video-preview:-1\" \/>\n<link rel=\"canonical\" href=\"https:\/\/www.kolkoarchitektoniczne.pl\/index.php\/2020\/08\/23\/dlaczego-lato-jest-pyszne\/\" \/>\n<meta property=\"og:locale\" content=\"pl_PL\" \/>\n<meta property=\"og:type\" content=\"article\" \/>\n<meta property=\"og:title\" content=\"Dlaczego lato jest pyszne? - HOME\" \/>\n<meta property=\"og:description\" content=\"W czerwcu, kiedy lato by\u0142o ju\u017c tu\u017c-tu\u017c, wszyscy odliczali dni do pocz\u0105tku wakacji, coraz cz\u0119\u015bciej by\u0142o ciep\u0142o, kto\u015b powiedzia\u0142, \u017ce nie mo\u017ce si\u0119 doczeka\u0107 lata, bo lato jest pyszne. Dlaczego lato jest pyszne? Lato jest fajne, bo nie ma szko\u0142y. Mo\u017ce by\u0107 gor\u0105ce lub deszczowe. Cz\u0119sto jest weso\u0142e kiedy dobrze si\u0119 bawimy na wakacjach. Ale... Czytaj dalej\" \/>\n<meta property=\"og:url\" content=\"https:\/\/www.kolkoarchitektoniczne.pl\/index.php\/2020\/08\/23\/dlaczego-lato-jest-pyszne\/\" \/>\n<meta property=\"og:site_name\" content=\"HOME\" \/>\n<meta property=\"article:published_time\" content=\"2020-08-23T17:38:41+00:00\" \/>\n<meta property=\"article:modified_time\" content=\"2020-08-23T19:17:57+00:00\" \/>\n<meta property=\"og:image\" content=\"https:\/\/www.kolkoarchitektoniczne.pl\/wp-content\/uploads\/2020\/08\/DSC00195-min-scaled.jpg\" \/>\n\t<meta property=\"og:image:width\" content=\"2560\" \/>\n\t<meta property=\"og:image:height\" content=\"1920\" \/>\n\t<meta property=\"og:image:type\" content=\"image\/jpeg\" \/>\n<meta name=\"author\" content=\"admin\" \/>\n<meta name=\"twitter:card\" content=\"summary_large_image\" \/>\n<meta name=\"twitter:label1\" content=\"Napisane przez\" \/>\n\t<meta name=\"twitter:data1\" content=\"admin\" \/>\n\t<meta name=\"twitter:label2\" content=\"Szacowany czas czytania\" \/>\n\t<meta name=\"twitter:data2\" content=\"2 minuty\" \/>\n<script type=\"application\/ld+json\" class=\"yoast-schema-graph\">{\"@context\":\"https:\/\/schema.org\",\"@graph\":[{\"@type\":\"WebPage\",\"@id\":\"https:\/\/www.kolkoarchitektoniczne.pl\/index.php\/2020\/08\/23\/dlaczego-lato-jest-pyszne\/\",\"url\":\"https:\/\/www.kolkoarchitektoniczne.pl\/index.php\/2020\/08\/23\/dlaczego-lato-jest-pyszne\/\",\"name\":\"Dlaczego lato jest pyszne? - HOME\",\"isPartOf\":{\"@id\":\"https:\/\/www.kolkoarchitektoniczne.pl\/#website\"},\"primaryImageOfPage\":{\"@id\":\"https:\/\/www.kolkoarchitektoniczne.pl\/index.php\/2020\/08\/23\/dlaczego-lato-jest-pyszne\/#primaryimage\"},\"image\":{\"@id\":\"https:\/\/www.kolkoarchitektoniczne.pl\/index.php\/2020\/08\/23\/dlaczego-lato-jest-pyszne\/#primaryimage\"},\"thumbnailUrl\":\"https:\/\/www.kolkoarchitektoniczne.pl\/wp-content\/uploads\/2020\/08\/DSC00195-min-scaled.jpg\",\"datePublished\":\"2020-08-23T17:38:41+00:00\",\"dateModified\":\"2020-08-23T19:17:57+00:00\",\"author\":{\"@id\":\"https:\/\/www.kolkoarchitektoniczne.pl\/#\/schema\/person\/b94e16842a617df6b4ae54b6d7f2b364\"},\"breadcrumb\":{\"@id\":\"https:\/\/www.kolkoarchitektoniczne.pl\/index.php\/2020\/08\/23\/dlaczego-lato-jest-pyszne\/#breadcrumb\"},\"inLanguage\":\"pl-PL\",\"potentialAction\":[{\"@type\":\"ReadAction\",\"target\":[\"https:\/\/www.kolkoarchitektoniczne.pl\/index.php\/2020\/08\/23\/dlaczego-lato-jest-pyszne\/\"]}]},{\"@type\":\"ImageObject\",\"inLanguage\":\"pl-PL\",\"@id\":\"https:\/\/www.kolkoarchitektoniczne.pl\/index.php\/2020\/08\/23\/dlaczego-lato-jest-pyszne\/#primaryimage\",\"url\":\"https:\/\/www.kolkoarchitektoniczne.pl\/wp-content\/uploads\/2020\/08\/DSC00195-min-scaled.jpg\",\"contentUrl\":\"https:\/\/www.kolkoarchitektoniczne.pl\/wp-content\/uploads\/2020\/08\/DSC00195-min-scaled.jpg\",\"width\":2560,\"height\":1920},{\"@type\":\"BreadcrumbList\",\"@id\":\"https:\/\/www.kolkoarchitektoniczne.pl\/index.php\/2020\/08\/23\/dlaczego-lato-jest-pyszne\/#breadcrumb\",\"itemListElement\":[{\"@type\":\"ListItem\",\"position\":1,\"name\":\"Strona g\u0142\u00f3wna\",\"item\":\"https:\/\/www.kolkoarchitektoniczne.pl\/\"},{\"@type\":\"ListItem\",\"position\":2,\"name\":\"Dlaczego lato jest pyszne?\"}]},{\"@type\":\"WebSite\",\"@id\":\"https:\/\/www.kolkoarchitektoniczne.pl\/#website\",\"url\":\"https:\/\/www.kolkoarchitektoniczne.pl\/\",\"name\":\"HOME\",\"description\":\"K&oacute;\u0142ko Architektoniczne\",\"potentialAction\":[{\"@type\":\"SearchAction\",\"target\":{\"@type\":\"EntryPoint\",\"urlTemplate\":\"https:\/\/www.kolkoarchitektoniczne.pl\/?s={search_term_string}\"},\"query-input\":{\"@type\":\"PropertyValueSpecification\",\"valueRequired\":true,\"valueName\":\"search_term_string\"}}],\"inLanguage\":\"pl-PL\"},{\"@type\":\"Person\",\"@id\":\"https:\/\/www.kolkoarchitektoniczne.pl\/#\/schema\/person\/b94e16842a617df6b4ae54b6d7f2b364\",\"name\":\"admin\",\"image\":{\"@type\":\"ImageObject\",\"inLanguage\":\"pl-PL\",\"@id\":\"https:\/\/www.kolkoarchitektoniczne.pl\/#\/schema\/person\/image\/\",\"url\":\"https:\/\/secure.gravatar.com\/avatar\/aae3e428ad15f0228c600428af7e169aeae58722448d784d9852ccb68d1890fe?s=96&d=mm&r=g\",\"contentUrl\":\"https:\/\/secure.gravatar.com\/avatar\/aae3e428ad15f0228c600428af7e169aeae58722448d784d9852ccb68d1890fe?s=96&d=mm&r=g\",\"caption\":\"admin\"},\"sameAs\":[\"http:\/\/www.kolkoarchitektoniczne.pl\"],\"url\":\"https:\/\/www.kolkoarchitektoniczne.pl\/index.php\/author\/admin\/\"}]}<\/script>\n<!-- \/ Yoast SEO plugin. -->","yoast_head_json":{"title":"Dlaczego lato jest pyszne? - HOME","robots":{"index":"index","follow":"follow","max-snippet":"max-snippet:-1","max-image-preview":"max-image-preview:large","max-video-preview":"max-video-preview:-1"},"canonical":"https:\/\/www.kolkoarchitektoniczne.pl\/index.php\/2020\/08\/23\/dlaczego-lato-jest-pyszne\/","og_locale":"pl_PL","og_type":"article","og_title":"Dlaczego lato jest pyszne? - HOME","og_description":"W czerwcu, kiedy lato by\u0142o ju\u017c tu\u017c-tu\u017c, wszyscy odliczali dni do pocz\u0105tku wakacji, coraz cz\u0119\u015bciej by\u0142o ciep\u0142o, kto\u015b powiedzia\u0142, \u017ce nie mo\u017ce si\u0119 doczeka\u0107 lata, bo lato jest pyszne. Dlaczego lato jest pyszne? Lato jest fajne, bo nie ma szko\u0142y. Mo\u017ce by\u0107 gor\u0105ce lub deszczowe. Cz\u0119sto jest weso\u0142e kiedy dobrze si\u0119 bawimy na wakacjach. Ale... Czytaj dalej","og_url":"https:\/\/www.kolkoarchitektoniczne.pl\/index.php\/2020\/08\/23\/dlaczego-lato-jest-pyszne\/","og_site_name":"HOME","article_published_time":"2020-08-23T17:38:41+00:00","article_modified_time":"2020-08-23T19:17:57+00:00","og_image":[{"width":2560,"height":1920,"url":"https:\/\/www.kolkoarchitektoniczne.pl\/wp-content\/uploads\/2020\/08\/DSC00195-min-scaled.jpg","type":"image\/jpeg"}],"author":"admin","twitter_card":"summary_large_image","twitter_misc":{"Napisane przez":"admin","Szacowany czas czytania":"2 minuty"},"schema":{"@context":"https:\/\/schema.org","@graph":[{"@type":"WebPage","@id":"https:\/\/www.kolkoarchitektoniczne.pl\/index.php\/2020\/08\/23\/dlaczego-lato-jest-pyszne\/","url":"https:\/\/www.kolkoarchitektoniczne.pl\/index.php\/2020\/08\/23\/dlaczego-lato-jest-pyszne\/","name":"Dlaczego lato jest pyszne? - HOME","isPartOf":{"@id":"https:\/\/www.kolkoarchitektoniczne.pl\/#website"},"primaryImageOfPage":{"@id":"https:\/\/www.kolkoarchitektoniczne.pl\/index.php\/2020\/08\/23\/dlaczego-lato-jest-pyszne\/#primaryimage"},"image":{"@id":"https:\/\/www.kolkoarchitektoniczne.pl\/index.php\/2020\/08\/23\/dlaczego-lato-jest-pyszne\/#primaryimage"},"thumbnailUrl":"https:\/\/www.kolkoarchitektoniczne.pl\/wp-content\/uploads\/2020\/08\/DSC00195-min-scaled.jpg","datePublished":"2020-08-23T17:38:41+00:00","dateModified":"2020-08-23T19:17:57+00:00","author":{"@id":"https:\/\/www.kolkoarchitektoniczne.pl\/#\/schema\/person\/b94e16842a617df6b4ae54b6d7f2b364"},"breadcrumb":{"@id":"https:\/\/www.kolkoarchitektoniczne.pl\/index.php\/2020\/08\/23\/dlaczego-lato-jest-pyszne\/#breadcrumb"},"inLanguage":"pl-PL","potentialAction":[{"@type":"ReadAction","target":["https:\/\/www.kolkoarchitektoniczne.pl\/index.php\/2020\/08\/23\/dlaczego-lato-jest-pyszne\/"]}]},{"@type":"ImageObject","inLanguage":"pl-PL","@id":"https:\/\/www.kolkoarchitektoniczne.pl\/index.php\/2020\/08\/23\/dlaczego-lato-jest-pyszne\/#primaryimage","url":"https:\/\/www.kolkoarchitektoniczne.pl\/wp-content\/uploads\/2020\/08\/DSC00195-min-scaled.jpg","contentUrl":"https:\/\/www.kolkoarchitektoniczne.pl\/wp-content\/uploads\/2020\/08\/DSC00195-min-scaled.jpg","width":2560,"height":1920},{"@type":"BreadcrumbList","@id":"https:\/\/www.kolkoarchitektoniczne.pl\/index.php\/2020\/08\/23\/dlaczego-lato-jest-pyszne\/#breadcrumb","itemListElement":[{"@type":"ListItem","position":1,"name":"Strona g\u0142\u00f3wna","item":"https:\/\/www.kolkoarchitektoniczne.pl\/"},{"@type":"ListItem","position":2,"name":"Dlaczego lato jest pyszne?"}]},{"@type":"WebSite","@id":"https:\/\/www.kolkoarchitektoniczne.pl\/#website","url":"https:\/\/www.kolkoarchitektoniczne.pl\/","name":"HOME","description":"K&oacute;\u0142ko Architektoniczne","potentialAction":[{"@type":"SearchAction","target":{"@type":"EntryPoint","urlTemplate":"https:\/\/www.kolkoarchitektoniczne.pl\/?s={search_term_string}"},"query-input":{"@type":"PropertyValueSpecification","valueRequired":true,"valueName":"search_term_string"}}],"inLanguage":"pl-PL"},{"@type":"Person","@id":"https:\/\/www.kolkoarchitektoniczne.pl\/#\/schema\/person\/b94e16842a617df6b4ae54b6d7f2b364","name":"admin","image":{"@type":"ImageObject","inLanguage":"pl-PL","@id":"https:\/\/www.kolkoarchitektoniczne.pl\/#\/schema\/person\/image\/","url":"https:\/\/secure.gravatar.com\/avatar\/aae3e428ad15f0228c600428af7e169aeae58722448d784d9852ccb68d1890fe?s=96&d=mm&r=g","contentUrl":"https:\/\/secure.gravatar.com\/avatar\/aae3e428ad15f0228c600428af7e169aeae58722448d784d9852ccb68d1890fe?s=96&d=mm&r=g","caption":"admin"},"sameAs":["http:\/\/www.kolkoarchitektoniczne.pl"],"url":"https:\/\/www.kolkoarchitektoniczne.pl\/index.php\/author\/admin\/"}]}},"_links":{"self":[{"href":"https:\/\/www.kolkoarchitektoniczne.pl\/index.php\/wp-json\/wp\/v2\/posts\/119","targetHints":{"allow":["GET"]}}],"collection":[{"href":"https:\/\/www.kolkoarchitektoniczne.pl\/index.php\/wp-json\/wp\/v2\/posts"}],"about":[{"href":"https:\/\/www.kolkoarchitektoniczne.pl\/index.php\/wp-json\/wp\/v2\/types\/post"}],"author":[{"embeddable":true,"href":"https:\/\/www.kolkoarchitektoniczne.pl\/index.php\/wp-json\/wp\/v2\/users\/1"}],"replies":[{"embeddable":true,"href":"https:\/\/www.kolkoarchitektoniczne.pl\/index.php\/wp-json\/wp\/v2\/comments?post=119"}],"version-history":[{"count":2,"href":"https:\/\/www.kolkoarchitektoniczne.pl\/index.php\/wp-json\/wp\/v2\/posts\/119\/revisions"}],"predecessor-version":[{"id":243,"href":"https:\/\/www.kolkoarchitektoniczne.pl\/index.php\/wp-json\/wp\/v2\/posts\/119\/revisions\/243"}],"wp:featuredmedia":[{"embeddable":true,"href":"https:\/\/www.kolkoarchitektoniczne.pl\/index.php\/wp-json\/wp\/v2\/media\/244"}],"wp:attachment":[{"href":"https:\/\/www.kolkoarchitektoniczne.pl\/index.php\/wp-json\/wp\/v2\/media?parent=119"}],"wp:term":[{"taxonomy":"category","embeddable":true,"href":"https:\/\/www.kolkoarchitektoniczne.pl\/index.php\/wp-json\/wp\/v2\/categories?post=119"},{"taxonomy":"post_tag","embeddable":true,"href":"https:\/\/www.kolkoarchitektoniczne.pl\/index.php\/wp-json\/wp\/v2\/tags?post=119"}],"curies":[{"name":"wp","href":"https:\/\/api.w.org\/{rel}","templated":true}]}}