{"id":111,"date":"2020-08-23T17:36:49","date_gmt":"2020-08-23T17:36:49","guid":{"rendered":"http:\/\/www.kolkoarchitektoniczne.pl\/?p=111"},"modified":"2020-08-23T18:53:42","modified_gmt":"2020-08-23T18:53:42","slug":"dlaczego-mydlo-myje","status":"publish","type":"post","link":"https:\/\/www.kolkoarchitektoniczne.pl\/index.php\/2020\/08\/23\/dlaczego-mydlo-myje\/","title":{"rendered":"Dlaczego myd\u0142o myje?"},"content":{"rendered":"\n<p>W roli go\u015bcia specjalnego na tych warsztatach \u2013 eksperta<strong> <\/strong>od robienia myd\u0142a wyst\u0105pi\u0142a Ewa Otceten, kt\u00f3ra na co dzie\u0144 prowadzi w r\u00f3\u017cnych warszawskich plac\u00f3wkach zaj\u0119cia og\u00f3lnoplastyczne dla dzieci i m\u0142odzie\u017cy.<\/p>\n\n\n\n<p>Jest absolwentk\u0105 ASP. Ma &nbsp;20-letnie do\u015bwiadczenie w prowadzeniu warsztat\u00f3w, a jej kreatywno\u015b\u0107 oraz og\u00f3lna sympatia do ludzi sprawiaj\u0105, \u017ce na jej warsztatach jest super.<\/p>\n\n\n\n<p>Jednym z temat\u00f3w, w kt\u00f3rych si\u0119 wyspecjalizowa\u0142a s\u0105 warsztaty mydlarskie. Posiada wiedz\u0119 i baz\u0119 materia\u0142ow\u0105 do tworzenia z dzie\u0107mi myde\u0142 glicerynowych, zatem podzieli\u0142a si\u0119 z nami swoj\u0105 wiedz\u0105 i dzi\u0119ki niej dowiedzieli\u015bmy si\u0119 jak to si\u0119 dzieje, \u017ce myd\u0142o zmywa brud z naszego cia\u0142a i dlaczego warto to czasem robi\u0107. J<\/p>\n\n\n\n<p>Pokaza\u0142a nam jak mo\u017cna samemu zaprojektowa\u0107 w\u0142asne my\u0142o: nada\u0107 mu indywidualny kszta\u0142t i kolor i sprawi\u0107 aby pachnia\u0142o tak jak nam si\u0119 najbardziej podoba. Wybierali\u015bmy foremki, barwniki, i zapach a\u017c nas kr\u0119ci\u0142o w nosach. By\u0142o podgrzewanie gliceryny na kuchence elektrycznej, by\u0142o te\u017c ch\u0142odzenie myde\u0142 w lod\u00f3wce i by\u0142o tez czekanie. W ko\u0144cu pod kierunkiem pani Ewy powsta\u0142y fantastyczne myd\u0142a. Nie tylko \u015bwietnie myj\u0105ce ( co natychmiast sprawdzili\u015bmy w \u0142azience), \u015bliczne w wygl\u0105dzie, pachn\u0105ce ale te\u017c artystycznie zapakowane nadaj\u0105ce si\u0119 od razu do wr\u0119czenia komu\u015b bliskiemu jako prezent.<\/p>\n\n\n\n<p>Z zaj\u0119\u0107 wychodzili\u015bmy jak z dobrej perfumerii.<\/p>\n\n\n\nngg_shortcode_0_placeholder\n","protected":false},"excerpt":{"rendered":"<p>W roli go\u015bcia specjalnego na tych warsztatach \u2013 eksperta od robienia myd\u0142a wyst\u0105pi\u0142a Ewa Otceten, kt\u00f3ra na co dzie\u0144 prowadzi w r\u00f3\u017cnych warszawskich plac\u00f3wkach zaj\u0119cia og\u00f3lnoplastyczne dla dzieci i m\u0142odzie\u017cy. Jest absolwentk\u0105 ASP. Ma &nbsp;20-letnie do\u015bwiadczenie w prowadzeniu warsztat\u00f3w, a jej kreatywno\u015b\u0107 oraz og\u00f3lna sympatia do ludzi sprawiaj\u0105, \u017ce na jej warsztatach jest super. Jednym&#8230; <\/p>\n<div class=\"link-more\"><a href=\"https:\/\/www.kolkoarchitektoniczne.pl\/index.php\/2020\/08\/23\/dlaczego-mydlo-myje\/\">Czytaj dalej<\/a><\/div>\n","protected":false},"author":1,"featured_media":179,"comment_status":"open","ping_status":"open","sticky":false,"template":"","format":"standard","meta":{"ngg_post_thumbnail":0,"footnotes":""},"categories":[9],"tags":[],"class_list":["post-111","post","type-post","status-publish","format-standard","has-post-thumbnail","hentry","category-projekt-dlaczego"],"yoast_head":"<!-- This site is optimized with the Yoast SEO plugin v25.8 - https:\/\/yoast.com\/wordpress\/plugins\/seo\/ -->\n<title>Dlaczego myd\u0142o myje? - HOME<\/title>\n<meta name=\"robots\" content=\"index, follow, max-snippet:-1, max-image-preview:large, max-video-preview:-1\" \/>\n<link rel=\"canonical\" href=\"https:\/\/www.kolkoarchitektoniczne.pl\/index.php\/2020\/08\/23\/dlaczego-mydlo-myje\/\" \/>\n<meta property=\"og:locale\" content=\"pl_PL\" \/>\n<meta property=\"og:type\" content=\"article\" \/>\n<meta property=\"og:title\" content=\"Dlaczego myd\u0142o myje? - HOME\" \/>\n<meta property=\"og:description\" content=\"W roli go\u015bcia specjalnego na tych warsztatach \u2013 eksperta od robienia myd\u0142a wyst\u0105pi\u0142a Ewa Otceten, kt\u00f3ra na co dzie\u0144 prowadzi w r\u00f3\u017cnych warszawskich plac\u00f3wkach zaj\u0119cia og\u00f3lnoplastyczne dla dzieci i m\u0142odzie\u017cy. Jest absolwentk\u0105 ASP. Ma &nbsp;20-letnie do\u015bwiadczenie w prowadzeniu warsztat\u00f3w, a jej kreatywno\u015b\u0107 oraz og\u00f3lna sympatia do ludzi sprawiaj\u0105, \u017ce na jej warsztatach jest super. Jednym... Czytaj dalej\" \/>\n<meta property=\"og:url\" content=\"https:\/\/www.kolkoarchitektoniczne.pl\/index.php\/2020\/08\/23\/dlaczego-mydlo-myje\/\" \/>\n<meta property=\"og:site_name\" content=\"HOME\" \/>\n<meta property=\"article:published_time\" content=\"2020-08-23T17:36:49+00:00\" \/>\n<meta property=\"article:modified_time\" content=\"2020-08-23T18:53:42+00:00\" \/>\n<meta property=\"og:image\" content=\"https:\/\/www.kolkoarchitektoniczne.pl\/wp-content\/uploads\/2020\/08\/DSC09738-min-scaled.jpg\" \/>\n\t<meta property=\"og:image:width\" content=\"2560\" \/>\n\t<meta property=\"og:image:height\" content=\"1920\" \/>\n\t<meta property=\"og:image:type\" content=\"image\/jpeg\" \/>\n<meta name=\"author\" content=\"admin\" \/>\n<meta name=\"twitter:card\" content=\"summary_large_image\" \/>\n<meta name=\"twitter:label1\" content=\"Napisane przez\" \/>\n\t<meta name=\"twitter:data1\" content=\"admin\" \/>\n\t<meta name=\"twitter:label2\" content=\"Szacowany czas czytania\" \/>\n\t<meta name=\"twitter:data2\" content=\"1 minuta\" \/>\n<script type=\"application\/ld+json\" class=\"yoast-schema-graph\">{\"@context\":\"https:\/\/schema.org\",\"@graph\":[{\"@type\":\"WebPage\",\"@id\":\"https:\/\/www.kolkoarchitektoniczne.pl\/index.php\/2020\/08\/23\/dlaczego-mydlo-myje\/\",\"url\":\"https:\/\/www.kolkoarchitektoniczne.pl\/index.php\/2020\/08\/23\/dlaczego-mydlo-myje\/\",\"name\":\"Dlaczego myd\u0142o myje? - HOME\",\"isPartOf\":{\"@id\":\"https:\/\/www.kolkoarchitektoniczne.pl\/#website\"},\"primaryImageOfPage\":{\"@id\":\"https:\/\/www.kolkoarchitektoniczne.pl\/index.php\/2020\/08\/23\/dlaczego-mydlo-myje\/#primaryimage\"},\"image\":{\"@id\":\"https:\/\/www.kolkoarchitektoniczne.pl\/index.php\/2020\/08\/23\/dlaczego-mydlo-myje\/#primaryimage\"},\"thumbnailUrl\":\"https:\/\/www.kolkoarchitektoniczne.pl\/wp-content\/uploads\/2020\/08\/DSC09738-min-scaled.jpg\",\"datePublished\":\"2020-08-23T17:36:49+00:00\",\"dateModified\":\"2020-08-23T18:53:42+00:00\",\"author\":{\"@id\":\"https:\/\/www.kolkoarchitektoniczne.pl\/#\/schema\/person\/b94e16842a617df6b4ae54b6d7f2b364\"},\"breadcrumb\":{\"@id\":\"https:\/\/www.kolkoarchitektoniczne.pl\/index.php\/2020\/08\/23\/dlaczego-mydlo-myje\/#breadcrumb\"},\"inLanguage\":\"pl-PL\",\"potentialAction\":[{\"@type\":\"ReadAction\",\"target\":[\"https:\/\/www.kolkoarchitektoniczne.pl\/index.php\/2020\/08\/23\/dlaczego-mydlo-myje\/\"]}]},{\"@type\":\"ImageObject\",\"inLanguage\":\"pl-PL\",\"@id\":\"https:\/\/www.kolkoarchitektoniczne.pl\/index.php\/2020\/08\/23\/dlaczego-mydlo-myje\/#primaryimage\",\"url\":\"https:\/\/www.kolkoarchitektoniczne.pl\/wp-content\/uploads\/2020\/08\/DSC09738-min-scaled.jpg\",\"contentUrl\":\"https:\/\/www.kolkoarchitektoniczne.pl\/wp-content\/uploads\/2020\/08\/DSC09738-min-scaled.jpg\",\"width\":2560,\"height\":1920},{\"@type\":\"BreadcrumbList\",\"@id\":\"https:\/\/www.kolkoarchitektoniczne.pl\/index.php\/2020\/08\/23\/dlaczego-mydlo-myje\/#breadcrumb\",\"itemListElement\":[{\"@type\":\"ListItem\",\"position\":1,\"name\":\"Strona g\u0142\u00f3wna\",\"item\":\"https:\/\/www.kolkoarchitektoniczne.pl\/\"},{\"@type\":\"ListItem\",\"position\":2,\"name\":\"Dlaczego myd\u0142o myje?\"}]},{\"@type\":\"WebSite\",\"@id\":\"https:\/\/www.kolkoarchitektoniczne.pl\/#website\",\"url\":\"https:\/\/www.kolkoarchitektoniczne.pl\/\",\"name\":\"HOME\",\"description\":\"K&oacute;\u0142ko Architektoniczne\",\"potentialAction\":[{\"@type\":\"SearchAction\",\"target\":{\"@type\":\"EntryPoint\",\"urlTemplate\":\"https:\/\/www.kolkoarchitektoniczne.pl\/?s={search_term_string}\"},\"query-input\":{\"@type\":\"PropertyValueSpecification\",\"valueRequired\":true,\"valueName\":\"search_term_string\"}}],\"inLanguage\":\"pl-PL\"},{\"@type\":\"Person\",\"@id\":\"https:\/\/www.kolkoarchitektoniczne.pl\/#\/schema\/person\/b94e16842a617df6b4ae54b6d7f2b364\",\"name\":\"admin\",\"image\":{\"@type\":\"ImageObject\",\"inLanguage\":\"pl-PL\",\"@id\":\"https:\/\/www.kolkoarchitektoniczne.pl\/#\/schema\/person\/image\/\",\"url\":\"https:\/\/secure.gravatar.com\/avatar\/aae3e428ad15f0228c600428af7e169aeae58722448d784d9852ccb68d1890fe?s=96&d=mm&r=g\",\"contentUrl\":\"https:\/\/secure.gravatar.com\/avatar\/aae3e428ad15f0228c600428af7e169aeae58722448d784d9852ccb68d1890fe?s=96&d=mm&r=g\",\"caption\":\"admin\"},\"sameAs\":[\"http:\/\/www.kolkoarchitektoniczne.pl\"],\"url\":\"https:\/\/www.kolkoarchitektoniczne.pl\/index.php\/author\/admin\/\"}]}<\/script>\n<!-- \/ Yoast SEO plugin. -->","yoast_head_json":{"title":"Dlaczego myd\u0142o myje? - HOME","robots":{"index":"index","follow":"follow","max-snippet":"max-snippet:-1","max-image-preview":"max-image-preview:large","max-video-preview":"max-video-preview:-1"},"canonical":"https:\/\/www.kolkoarchitektoniczne.pl\/index.php\/2020\/08\/23\/dlaczego-mydlo-myje\/","og_locale":"pl_PL","og_type":"article","og_title":"Dlaczego myd\u0142o myje? - HOME","og_description":"W roli go\u015bcia specjalnego na tych warsztatach \u2013 eksperta od robienia myd\u0142a wyst\u0105pi\u0142a Ewa Otceten, kt\u00f3ra na co dzie\u0144 prowadzi w r\u00f3\u017cnych warszawskich plac\u00f3wkach zaj\u0119cia og\u00f3lnoplastyczne dla dzieci i m\u0142odzie\u017cy. Jest absolwentk\u0105 ASP. Ma &nbsp;20-letnie do\u015bwiadczenie w prowadzeniu warsztat\u00f3w, a jej kreatywno\u015b\u0107 oraz og\u00f3lna sympatia do ludzi sprawiaj\u0105, \u017ce na jej warsztatach jest super. Jednym... Czytaj dalej","og_url":"https:\/\/www.kolkoarchitektoniczne.pl\/index.php\/2020\/08\/23\/dlaczego-mydlo-myje\/","og_site_name":"HOME","article_published_time":"2020-08-23T17:36:49+00:00","article_modified_time":"2020-08-23T18:53:42+00:00","og_image":[{"width":2560,"height":1920,"url":"https:\/\/www.kolkoarchitektoniczne.pl\/wp-content\/uploads\/2020\/08\/DSC09738-min-scaled.jpg","type":"image\/jpeg"}],"author":"admin","twitter_card":"summary_large_image","twitter_misc":{"Napisane przez":"admin","Szacowany czas czytania":"1 minuta"},"schema":{"@context":"https:\/\/schema.org","@graph":[{"@type":"WebPage","@id":"https:\/\/www.kolkoarchitektoniczne.pl\/index.php\/2020\/08\/23\/dlaczego-mydlo-myje\/","url":"https:\/\/www.kolkoarchitektoniczne.pl\/index.php\/2020\/08\/23\/dlaczego-mydlo-myje\/","name":"Dlaczego myd\u0142o myje? - HOME","isPartOf":{"@id":"https:\/\/www.kolkoarchitektoniczne.pl\/#website"},"primaryImageOfPage":{"@id":"https:\/\/www.kolkoarchitektoniczne.pl\/index.php\/2020\/08\/23\/dlaczego-mydlo-myje\/#primaryimage"},"image":{"@id":"https:\/\/www.kolkoarchitektoniczne.pl\/index.php\/2020\/08\/23\/dlaczego-mydlo-myje\/#primaryimage"},"thumbnailUrl":"https:\/\/www.kolkoarchitektoniczne.pl\/wp-content\/uploads\/2020\/08\/DSC09738-min-scaled.jpg","datePublished":"2020-08-23T17:36:49+00:00","dateModified":"2020-08-23T18:53:42+00:00","author":{"@id":"https:\/\/www.kolkoarchitektoniczne.pl\/#\/schema\/person\/b94e16842a617df6b4ae54b6d7f2b364"},"breadcrumb":{"@id":"https:\/\/www.kolkoarchitektoniczne.pl\/index.php\/2020\/08\/23\/dlaczego-mydlo-myje\/#breadcrumb"},"inLanguage":"pl-PL","potentialAction":[{"@type":"ReadAction","target":["https:\/\/www.kolkoarchitektoniczne.pl\/index.php\/2020\/08\/23\/dlaczego-mydlo-myje\/"]}]},{"@type":"ImageObject","inLanguage":"pl-PL","@id":"https:\/\/www.kolkoarchitektoniczne.pl\/index.php\/2020\/08\/23\/dlaczego-mydlo-myje\/#primaryimage","url":"https:\/\/www.kolkoarchitektoniczne.pl\/wp-content\/uploads\/2020\/08\/DSC09738-min-scaled.jpg","contentUrl":"https:\/\/www.kolkoarchitektoniczne.pl\/wp-content\/uploads\/2020\/08\/DSC09738-min-scaled.jpg","width":2560,"height":1920},{"@type":"BreadcrumbList","@id":"https:\/\/www.kolkoarchitektoniczne.pl\/index.php\/2020\/08\/23\/dlaczego-mydlo-myje\/#breadcrumb","itemListElement":[{"@type":"ListItem","position":1,"name":"Strona g\u0142\u00f3wna","item":"https:\/\/www.kolkoarchitektoniczne.pl\/"},{"@type":"ListItem","position":2,"name":"Dlaczego myd\u0142o myje?"}]},{"@type":"WebSite","@id":"https:\/\/www.kolkoarchitektoniczne.pl\/#website","url":"https:\/\/www.kolkoarchitektoniczne.pl\/","name":"HOME","description":"K&oacute;\u0142ko Architektoniczne","potentialAction":[{"@type":"SearchAction","target":{"@type":"EntryPoint","urlTemplate":"https:\/\/www.kolkoarchitektoniczne.pl\/?s={search_term_string}"},"query-input":{"@type":"PropertyValueSpecification","valueRequired":true,"valueName":"search_term_string"}}],"inLanguage":"pl-PL"},{"@type":"Person","@id":"https:\/\/www.kolkoarchitektoniczne.pl\/#\/schema\/person\/b94e16842a617df6b4ae54b6d7f2b364","name":"admin","image":{"@type":"ImageObject","inLanguage":"pl-PL","@id":"https:\/\/www.kolkoarchitektoniczne.pl\/#\/schema\/person\/image\/","url":"https:\/\/secure.gravatar.com\/avatar\/aae3e428ad15f0228c600428af7e169aeae58722448d784d9852ccb68d1890fe?s=96&d=mm&r=g","contentUrl":"https:\/\/secure.gravatar.com\/avatar\/aae3e428ad15f0228c600428af7e169aeae58722448d784d9852ccb68d1890fe?s=96&d=mm&r=g","caption":"admin"},"sameAs":["http:\/\/www.kolkoarchitektoniczne.pl"],"url":"https:\/\/www.kolkoarchitektoniczne.pl\/index.php\/author\/admin\/"}]}},"_links":{"self":[{"href":"https:\/\/www.kolkoarchitektoniczne.pl\/index.php\/wp-json\/wp\/v2\/posts\/111","targetHints":{"allow":["GET"]}}],"collection":[{"href":"https:\/\/www.kolkoarchitektoniczne.pl\/index.php\/wp-json\/wp\/v2\/posts"}],"about":[{"href":"https:\/\/www.kolkoarchitektoniczne.pl\/index.php\/wp-json\/wp\/v2\/types\/post"}],"author":[{"embeddable":true,"href":"https:\/\/www.kolkoarchitektoniczne.pl\/index.php\/wp-json\/wp\/v2\/users\/1"}],"replies":[{"embeddable":true,"href":"https:\/\/www.kolkoarchitektoniczne.pl\/index.php\/wp-json\/wp\/v2\/comments?post=111"}],"version-history":[{"count":2,"href":"https:\/\/www.kolkoarchitektoniczne.pl\/index.php\/wp-json\/wp\/v2\/posts\/111\/revisions"}],"predecessor-version":[{"id":178,"href":"https:\/\/www.kolkoarchitektoniczne.pl\/index.php\/wp-json\/wp\/v2\/posts\/111\/revisions\/178"}],"wp:featuredmedia":[{"embeddable":true,"href":"https:\/\/www.kolkoarchitektoniczne.pl\/index.php\/wp-json\/wp\/v2\/media\/179"}],"wp:attachment":[{"href":"https:\/\/www.kolkoarchitektoniczne.pl\/index.php\/wp-json\/wp\/v2\/media?parent=111"}],"wp:term":[{"taxonomy":"category","embeddable":true,"href":"https:\/\/www.kolkoarchitektoniczne.pl\/index.php\/wp-json\/wp\/v2\/categories?post=111"},{"taxonomy":"post_tag","embeddable":true,"href":"https:\/\/www.kolkoarchitektoniczne.pl\/index.php\/wp-json\/wp\/v2\/tags?post=111"}],"curies":[{"name":"wp","href":"https:\/\/api.w.org\/{rel}","templated":true}]}}