{"id":107,"date":"2020-08-23T17:35:44","date_gmt":"2020-08-23T17:35:44","guid":{"rendered":"http:\/\/www.kolkoarchitektoniczne.pl\/?p=107"},"modified":"2020-08-23T19:07:22","modified_gmt":"2020-08-23T19:07:22","slug":"dlaczego-ubieramy-choinke","status":"publish","type":"post","link":"https:\/\/www.kolkoarchitektoniczne.pl\/index.php\/2020\/08\/23\/dlaczego-ubieramy-choinke\/","title":{"rendered":"Dlaczego ubieramy choink\u0119?"},"content":{"rendered":"\n<p>W okolicy \u015awi\u0105t Bo\u017cego Narodzenia odby\u0142o si\u0119 spotkanie, na kt\u00f3rym pr\u00f3bowali\u015bmy si\u0119 zapozna\u0107 z histori\u0105 ubierania choinki na te w\u0142a\u015bnie \u015bwi\u0119ta. Sk\u0105d, to si\u0119 wzi\u0119\u0142o? Czy to chrze\u015bcija\u0144ski zwyczaj? I czy zawsze tak robiono? Okaza\u0142 si\u0119, ze wcale nie. Ubieranie choinki to pomys\u0142 niemiecki a poprzednikiem \u015bwi\u0105tecznej choinki w Polsce by\u0142 chocho\u0142 i pod\u0142a\u017aniczka. Czy kto\u015b wie co to takiego? My ju\u017c wiemy! J A pierwsze choinki wieszano pod sufitem do g\u00f3ry nogami. I doszli\u015bmy do wniosku, \u017ce to wcale nie by\u0142o takie z\u0142e, bo koty nie mog\u0142y \u015bci\u0105ga\u0107 wtedy bombek z drzewka. J<\/p>\n\n\n\n<p>Potem wykonali\u015bmy swoje w\u0142asne choinki. Nie wycinali\u015bmy jednak \u017cywych drzewek, tylko wykorzystali\u015bmy drewniane litewki, kt\u00f3re zosta\u0142y komu\u015b po uk\u0142adaniu parkietu w mieszkaniu. Tak aby nic si\u0119 nie zmarnowa\u0142o.<\/p>\n\n\n\n<p>Nasze choinki s\u0105 wielorazowego u\u017cytku, poniewa\u017c \u201ega\u0142\u0105zki\u201d s\u0105 ruchome i mo\u017cna je z\u0142o\u017cy\u0107 na p\u0142asko, schowa\u0107 do szafy po \u015awi\u0119tach i wyci\u0105gn\u0105\u0107 znowu za rok. Zobaczcie jak wysz\u0142o.<\/p>\n\n\n\nngg_shortcode_0_placeholder\n","protected":false},"excerpt":{"rendered":"<p>W okolicy \u015awi\u0105t Bo\u017cego Narodzenia odby\u0142o si\u0119 spotkanie, na kt\u00f3rym pr\u00f3bowali\u015bmy si\u0119 zapozna\u0107 z histori\u0105 ubierania choinki na te w\u0142a\u015bnie \u015bwi\u0119ta. Sk\u0105d, to si\u0119 wzi\u0119\u0142o? Czy to chrze\u015bcija\u0144ski zwyczaj? I czy zawsze tak robiono? Okaza\u0142 si\u0119, ze wcale nie. Ubieranie choinki to pomys\u0142 niemiecki a poprzednikiem \u015bwi\u0105tecznej choinki w Polsce by\u0142 chocho\u0142 i pod\u0142a\u017aniczka. Czy&#8230; <\/p>\n<div class=\"link-more\"><a href=\"https:\/\/www.kolkoarchitektoniczne.pl\/index.php\/2020\/08\/23\/dlaczego-ubieramy-choinke\/\">Czytaj dalej<\/a><\/div>\n","protected":false},"author":1,"featured_media":218,"comment_status":"open","ping_status":"open","sticky":false,"template":"","format":"standard","meta":{"ngg_post_thumbnail":0,"footnotes":""},"categories":[9],"tags":[],"class_list":["post-107","post","type-post","status-publish","format-standard","has-post-thumbnail","hentry","category-projekt-dlaczego"],"yoast_head":"<!-- This site is optimized with the Yoast SEO plugin v25.8 - https:\/\/yoast.com\/wordpress\/plugins\/seo\/ -->\n<title>Dlaczego ubieramy choink\u0119? - HOME<\/title>\n<meta name=\"robots\" content=\"index, follow, max-snippet:-1, max-image-preview:large, max-video-preview:-1\" \/>\n<link rel=\"canonical\" href=\"https:\/\/www.kolkoarchitektoniczne.pl\/index.php\/2020\/08\/23\/dlaczego-ubieramy-choinke\/\" \/>\n<meta property=\"og:locale\" content=\"pl_PL\" \/>\n<meta property=\"og:type\" content=\"article\" \/>\n<meta property=\"og:title\" content=\"Dlaczego ubieramy choink\u0119? - HOME\" \/>\n<meta property=\"og:description\" content=\"W okolicy \u015awi\u0105t Bo\u017cego Narodzenia odby\u0142o si\u0119 spotkanie, na kt\u00f3rym pr\u00f3bowali\u015bmy si\u0119 zapozna\u0107 z histori\u0105 ubierania choinki na te w\u0142a\u015bnie \u015bwi\u0119ta. Sk\u0105d, to si\u0119 wzi\u0119\u0142o? Czy to chrze\u015bcija\u0144ski zwyczaj? I czy zawsze tak robiono? Okaza\u0142 si\u0119, ze wcale nie. Ubieranie choinki to pomys\u0142 niemiecki a poprzednikiem \u015bwi\u0105tecznej choinki w Polsce by\u0142 chocho\u0142 i pod\u0142a\u017aniczka. Czy... Czytaj dalej\" \/>\n<meta property=\"og:url\" content=\"https:\/\/www.kolkoarchitektoniczne.pl\/index.php\/2020\/08\/23\/dlaczego-ubieramy-choinke\/\" \/>\n<meta property=\"og:site_name\" content=\"HOME\" \/>\n<meta property=\"article:published_time\" content=\"2020-08-23T17:35:44+00:00\" \/>\n<meta property=\"article:modified_time\" content=\"2020-08-23T19:07:22+00:00\" \/>\n<meta property=\"og:image\" content=\"https:\/\/www.kolkoarchitektoniczne.pl\/wp-content\/uploads\/2020\/08\/DSC09096-min-scaled.jpg\" \/>\n\t<meta property=\"og:image:width\" content=\"2560\" \/>\n\t<meta property=\"og:image:height\" content=\"1920\" \/>\n\t<meta property=\"og:image:type\" content=\"image\/jpeg\" \/>\n<meta name=\"author\" content=\"admin\" \/>\n<meta name=\"twitter:card\" content=\"summary_large_image\" \/>\n<meta name=\"twitter:label1\" content=\"Napisane przez\" \/>\n\t<meta name=\"twitter:data1\" content=\"admin\" \/>\n\t<meta name=\"twitter:label2\" content=\"Szacowany czas czytania\" \/>\n\t<meta name=\"twitter:data2\" content=\"1 minuta\" \/>\n<script type=\"application\/ld+json\" class=\"yoast-schema-graph\">{\"@context\":\"https:\/\/schema.org\",\"@graph\":[{\"@type\":\"WebPage\",\"@id\":\"https:\/\/www.kolkoarchitektoniczne.pl\/index.php\/2020\/08\/23\/dlaczego-ubieramy-choinke\/\",\"url\":\"https:\/\/www.kolkoarchitektoniczne.pl\/index.php\/2020\/08\/23\/dlaczego-ubieramy-choinke\/\",\"name\":\"Dlaczego ubieramy choink\u0119? - HOME\",\"isPartOf\":{\"@id\":\"https:\/\/www.kolkoarchitektoniczne.pl\/#website\"},\"primaryImageOfPage\":{\"@id\":\"https:\/\/www.kolkoarchitektoniczne.pl\/index.php\/2020\/08\/23\/dlaczego-ubieramy-choinke\/#primaryimage\"},\"image\":{\"@id\":\"https:\/\/www.kolkoarchitektoniczne.pl\/index.php\/2020\/08\/23\/dlaczego-ubieramy-choinke\/#primaryimage\"},\"thumbnailUrl\":\"https:\/\/www.kolkoarchitektoniczne.pl\/wp-content\/uploads\/2020\/08\/DSC09096-min-scaled.jpg\",\"datePublished\":\"2020-08-23T17:35:44+00:00\",\"dateModified\":\"2020-08-23T19:07:22+00:00\",\"author\":{\"@id\":\"https:\/\/www.kolkoarchitektoniczne.pl\/#\/schema\/person\/b94e16842a617df6b4ae54b6d7f2b364\"},\"breadcrumb\":{\"@id\":\"https:\/\/www.kolkoarchitektoniczne.pl\/index.php\/2020\/08\/23\/dlaczego-ubieramy-choinke\/#breadcrumb\"},\"inLanguage\":\"pl-PL\",\"potentialAction\":[{\"@type\":\"ReadAction\",\"target\":[\"https:\/\/www.kolkoarchitektoniczne.pl\/index.php\/2020\/08\/23\/dlaczego-ubieramy-choinke\/\"]}]},{\"@type\":\"ImageObject\",\"inLanguage\":\"pl-PL\",\"@id\":\"https:\/\/www.kolkoarchitektoniczne.pl\/index.php\/2020\/08\/23\/dlaczego-ubieramy-choinke\/#primaryimage\",\"url\":\"https:\/\/www.kolkoarchitektoniczne.pl\/wp-content\/uploads\/2020\/08\/DSC09096-min-scaled.jpg\",\"contentUrl\":\"https:\/\/www.kolkoarchitektoniczne.pl\/wp-content\/uploads\/2020\/08\/DSC09096-min-scaled.jpg\",\"width\":2560,\"height\":1920},{\"@type\":\"BreadcrumbList\",\"@id\":\"https:\/\/www.kolkoarchitektoniczne.pl\/index.php\/2020\/08\/23\/dlaczego-ubieramy-choinke\/#breadcrumb\",\"itemListElement\":[{\"@type\":\"ListItem\",\"position\":1,\"name\":\"Strona g\u0142\u00f3wna\",\"item\":\"https:\/\/www.kolkoarchitektoniczne.pl\/\"},{\"@type\":\"ListItem\",\"position\":2,\"name\":\"Dlaczego ubieramy choink\u0119?\"}]},{\"@type\":\"WebSite\",\"@id\":\"https:\/\/www.kolkoarchitektoniczne.pl\/#website\",\"url\":\"https:\/\/www.kolkoarchitektoniczne.pl\/\",\"name\":\"HOME\",\"description\":\"K&oacute;\u0142ko Architektoniczne\",\"potentialAction\":[{\"@type\":\"SearchAction\",\"target\":{\"@type\":\"EntryPoint\",\"urlTemplate\":\"https:\/\/www.kolkoarchitektoniczne.pl\/?s={search_term_string}\"},\"query-input\":{\"@type\":\"PropertyValueSpecification\",\"valueRequired\":true,\"valueName\":\"search_term_string\"}}],\"inLanguage\":\"pl-PL\"},{\"@type\":\"Person\",\"@id\":\"https:\/\/www.kolkoarchitektoniczne.pl\/#\/schema\/person\/b94e16842a617df6b4ae54b6d7f2b364\",\"name\":\"admin\",\"image\":{\"@type\":\"ImageObject\",\"inLanguage\":\"pl-PL\",\"@id\":\"https:\/\/www.kolkoarchitektoniczne.pl\/#\/schema\/person\/image\/\",\"url\":\"https:\/\/secure.gravatar.com\/avatar\/aae3e428ad15f0228c600428af7e169aeae58722448d784d9852ccb68d1890fe?s=96&d=mm&r=g\",\"contentUrl\":\"https:\/\/secure.gravatar.com\/avatar\/aae3e428ad15f0228c600428af7e169aeae58722448d784d9852ccb68d1890fe?s=96&d=mm&r=g\",\"caption\":\"admin\"},\"sameAs\":[\"http:\/\/www.kolkoarchitektoniczne.pl\"],\"url\":\"https:\/\/www.kolkoarchitektoniczne.pl\/index.php\/author\/admin\/\"}]}<\/script>\n<!-- \/ Yoast SEO plugin. -->","yoast_head_json":{"title":"Dlaczego ubieramy choink\u0119? - HOME","robots":{"index":"index","follow":"follow","max-snippet":"max-snippet:-1","max-image-preview":"max-image-preview:large","max-video-preview":"max-video-preview:-1"},"canonical":"https:\/\/www.kolkoarchitektoniczne.pl\/index.php\/2020\/08\/23\/dlaczego-ubieramy-choinke\/","og_locale":"pl_PL","og_type":"article","og_title":"Dlaczego ubieramy choink\u0119? - HOME","og_description":"W okolicy \u015awi\u0105t Bo\u017cego Narodzenia odby\u0142o si\u0119 spotkanie, na kt\u00f3rym pr\u00f3bowali\u015bmy si\u0119 zapozna\u0107 z histori\u0105 ubierania choinki na te w\u0142a\u015bnie \u015bwi\u0119ta. Sk\u0105d, to si\u0119 wzi\u0119\u0142o? Czy to chrze\u015bcija\u0144ski zwyczaj? I czy zawsze tak robiono? Okaza\u0142 si\u0119, ze wcale nie. Ubieranie choinki to pomys\u0142 niemiecki a poprzednikiem \u015bwi\u0105tecznej choinki w Polsce by\u0142 chocho\u0142 i pod\u0142a\u017aniczka. Czy... Czytaj dalej","og_url":"https:\/\/www.kolkoarchitektoniczne.pl\/index.php\/2020\/08\/23\/dlaczego-ubieramy-choinke\/","og_site_name":"HOME","article_published_time":"2020-08-23T17:35:44+00:00","article_modified_time":"2020-08-23T19:07:22+00:00","og_image":[{"width":2560,"height":1920,"url":"https:\/\/www.kolkoarchitektoniczne.pl\/wp-content\/uploads\/2020\/08\/DSC09096-min-scaled.jpg","type":"image\/jpeg"}],"author":"admin","twitter_card":"summary_large_image","twitter_misc":{"Napisane przez":"admin","Szacowany czas czytania":"1 minuta"},"schema":{"@context":"https:\/\/schema.org","@graph":[{"@type":"WebPage","@id":"https:\/\/www.kolkoarchitektoniczne.pl\/index.php\/2020\/08\/23\/dlaczego-ubieramy-choinke\/","url":"https:\/\/www.kolkoarchitektoniczne.pl\/index.php\/2020\/08\/23\/dlaczego-ubieramy-choinke\/","name":"Dlaczego ubieramy choink\u0119? - HOME","isPartOf":{"@id":"https:\/\/www.kolkoarchitektoniczne.pl\/#website"},"primaryImageOfPage":{"@id":"https:\/\/www.kolkoarchitektoniczne.pl\/index.php\/2020\/08\/23\/dlaczego-ubieramy-choinke\/#primaryimage"},"image":{"@id":"https:\/\/www.kolkoarchitektoniczne.pl\/index.php\/2020\/08\/23\/dlaczego-ubieramy-choinke\/#primaryimage"},"thumbnailUrl":"https:\/\/www.kolkoarchitektoniczne.pl\/wp-content\/uploads\/2020\/08\/DSC09096-min-scaled.jpg","datePublished":"2020-08-23T17:35:44+00:00","dateModified":"2020-08-23T19:07:22+00:00","author":{"@id":"https:\/\/www.kolkoarchitektoniczne.pl\/#\/schema\/person\/b94e16842a617df6b4ae54b6d7f2b364"},"breadcrumb":{"@id":"https:\/\/www.kolkoarchitektoniczne.pl\/index.php\/2020\/08\/23\/dlaczego-ubieramy-choinke\/#breadcrumb"},"inLanguage":"pl-PL","potentialAction":[{"@type":"ReadAction","target":["https:\/\/www.kolkoarchitektoniczne.pl\/index.php\/2020\/08\/23\/dlaczego-ubieramy-choinke\/"]}]},{"@type":"ImageObject","inLanguage":"pl-PL","@id":"https:\/\/www.kolkoarchitektoniczne.pl\/index.php\/2020\/08\/23\/dlaczego-ubieramy-choinke\/#primaryimage","url":"https:\/\/www.kolkoarchitektoniczne.pl\/wp-content\/uploads\/2020\/08\/DSC09096-min-scaled.jpg","contentUrl":"https:\/\/www.kolkoarchitektoniczne.pl\/wp-content\/uploads\/2020\/08\/DSC09096-min-scaled.jpg","width":2560,"height":1920},{"@type":"BreadcrumbList","@id":"https:\/\/www.kolkoarchitektoniczne.pl\/index.php\/2020\/08\/23\/dlaczego-ubieramy-choinke\/#breadcrumb","itemListElement":[{"@type":"ListItem","position":1,"name":"Strona g\u0142\u00f3wna","item":"https:\/\/www.kolkoarchitektoniczne.pl\/"},{"@type":"ListItem","position":2,"name":"Dlaczego ubieramy choink\u0119?"}]},{"@type":"WebSite","@id":"https:\/\/www.kolkoarchitektoniczne.pl\/#website","url":"https:\/\/www.kolkoarchitektoniczne.pl\/","name":"HOME","description":"K&oacute;\u0142ko Architektoniczne","potentialAction":[{"@type":"SearchAction","target":{"@type":"EntryPoint","urlTemplate":"https:\/\/www.kolkoarchitektoniczne.pl\/?s={search_term_string}"},"query-input":{"@type":"PropertyValueSpecification","valueRequired":true,"valueName":"search_term_string"}}],"inLanguage":"pl-PL"},{"@type":"Person","@id":"https:\/\/www.kolkoarchitektoniczne.pl\/#\/schema\/person\/b94e16842a617df6b4ae54b6d7f2b364","name":"admin","image":{"@type":"ImageObject","inLanguage":"pl-PL","@id":"https:\/\/www.kolkoarchitektoniczne.pl\/#\/schema\/person\/image\/","url":"https:\/\/secure.gravatar.com\/avatar\/aae3e428ad15f0228c600428af7e169aeae58722448d784d9852ccb68d1890fe?s=96&d=mm&r=g","contentUrl":"https:\/\/secure.gravatar.com\/avatar\/aae3e428ad15f0228c600428af7e169aeae58722448d784d9852ccb68d1890fe?s=96&d=mm&r=g","caption":"admin"},"sameAs":["http:\/\/www.kolkoarchitektoniczne.pl"],"url":"https:\/\/www.kolkoarchitektoniczne.pl\/index.php\/author\/admin\/"}]}},"_links":{"self":[{"href":"https:\/\/www.kolkoarchitektoniczne.pl\/index.php\/wp-json\/wp\/v2\/posts\/107","targetHints":{"allow":["GET"]}}],"collection":[{"href":"https:\/\/www.kolkoarchitektoniczne.pl\/index.php\/wp-json\/wp\/v2\/posts"}],"about":[{"href":"https:\/\/www.kolkoarchitektoniczne.pl\/index.php\/wp-json\/wp\/v2\/types\/post"}],"author":[{"embeddable":true,"href":"https:\/\/www.kolkoarchitektoniczne.pl\/index.php\/wp-json\/wp\/v2\/users\/1"}],"replies":[{"embeddable":true,"href":"https:\/\/www.kolkoarchitektoniczne.pl\/index.php\/wp-json\/wp\/v2\/comments?post=107"}],"version-history":[{"count":3,"href":"https:\/\/www.kolkoarchitektoniczne.pl\/index.php\/wp-json\/wp\/v2\/posts\/107\/revisions"}],"predecessor-version":[{"id":217,"href":"https:\/\/www.kolkoarchitektoniczne.pl\/index.php\/wp-json\/wp\/v2\/posts\/107\/revisions\/217"}],"wp:featuredmedia":[{"embeddable":true,"href":"https:\/\/www.kolkoarchitektoniczne.pl\/index.php\/wp-json\/wp\/v2\/media\/218"}],"wp:attachment":[{"href":"https:\/\/www.kolkoarchitektoniczne.pl\/index.php\/wp-json\/wp\/v2\/media?parent=107"}],"wp:term":[{"taxonomy":"category","embeddable":true,"href":"https:\/\/www.kolkoarchitektoniczne.pl\/index.php\/wp-json\/wp\/v2\/categories?post=107"},{"taxonomy":"post_tag","embeddable":true,"href":"https:\/\/www.kolkoarchitektoniczne.pl\/index.php\/wp-json\/wp\/v2\/tags?post=107"}],"curies":[{"name":"wp","href":"https:\/\/api.w.org\/{rel}","templated":true}]}}